{"id":72307,"date":"2024-02-26T12:25:38","date_gmt":"2024-02-26T12:25:38","guid":{"rendered":"https:\/\/rdnews.al\/?p=72307"},"modified":"2024-02-26T12:28:03","modified_gmt":"2024-02-26T12:28:03","slug":"amt-homazhe-perpara-struktures-se-posacme-spak-ka-nderruar-jete","status":"publish","type":"post","link":"https:\/\/rdnews.al\/index.php\/2024\/02\/26\/amt-homazhe-perpara-struktures-se-posacme-spak-ka-nderruar-jete\/","title":{"rendered":"Foto\/ AMT \u201chomazhe\u201d p\u00ebrpara Struktur\u00ebs s\u00eb Posa\u00e7me: \u201cSPAK ka nd\u00ebrruar jet\u00eb\u201d!"},"content":{"rendered":"<p>Aleanca p\u00ebr Mbrojtjen e Teatrit ka marshuar drejt SPAK-ut, p\u00ebr t\u00eb kryer homazhe. An\u00ebtar\u00ebt e aleanc\u00ebs than\u00eb se n\u00eb m\u00ebnyr\u00eb figurative, \u201cSPAK ka nd\u00ebrruar jet\u00eb\u201d!<\/p>\n<p>Avokatja Adriana Kalaja, e cila foli p\u00ebrpara godin\u00ebs s\u00eb SPAK, ka akuzuar drejtuesin e\u00a0 Struktur\u00eb s\u00eb Posa\u00e7me Antikorrupsion, Altin Dumanin, se nuk ka marr\u00eb parasysh k\u00ebrkes\u00ebn e tyre, p\u00ebr ta p\u00ebrjashtuar prokurorin Edvin Kondili, q\u00eb p\u00ebr 4 vite nuk heton dosjen e prishjes s\u00eb Teatrit.<\/p>\n<p>Aktivist\u00ebt than\u00eb se SPAK ka nd\u00ebrruar jet\u00eb dhe \u201cprandaj kan\u00eb ardhur q\u00eb t\u00eb b\u00ebjn\u00eb homazhe\u201d.<\/p>\n<p>Agjencia e lajmeve LSA ka publikuar foto, ku shihet disa kurore me lule dhe i jepet lamtumira SPAK-ut. N\u00eb kurorat e luleve shkruhet \u201cPo Rama dhe Veliaj jan\u00eb mbi ligjin?\u201d, \u201cSPAK, \u00e7far\u00eb numri i do syzet q\u00eb t\u00eb shoh\u00ebsh mullarin e provave\u201d, \u201cSPAK nuk heton zulin e pushtetar\u00ebve etj\u201d.<\/p>\n<p><img loading=\"lazy\" decoding=\"async\" class=\"alignnone size-medium wp-image-72309\" src=\"https:\/\/rdnews.al\/wp-content\/uploads\/2024\/02\/s-1-300x202.jpg\" alt=\"\" width=\"300\" height=\"202\" srcset=\"https:\/\/rdnews.al\/wp-content\/uploads\/2024\/02\/s-1-300x202.jpg 300w, https:\/\/rdnews.al\/wp-content\/uploads\/2024\/02\/s-1-110x75.jpg 110w, https:\/\/rdnews.al\/wp-content\/uploads\/2024\/02\/s-1.jpg 668w\" sizes=\"auto, (max-width: 300px) 100vw, 300px\" \/><\/p>\n<p><img loading=\"lazy\" decoding=\"async\" class=\"alignnone size-medium wp-image-72310\" src=\"https:\/\/rdnews.al\/wp-content\/uploads\/2024\/02\/ss-1-300x201.jpg\" alt=\"\" width=\"300\" height=\"201\" srcset=\"https:\/\/rdnews.al\/wp-content\/uploads\/2024\/02\/ss-1-300x201.jpg 300w, https:\/\/rdnews.al\/wp-content\/uploads\/2024\/02\/ss-1-110x75.jpg 110w, https:\/\/rdnews.al\/wp-content\/uploads\/2024\/02\/ss-1.jpg 522w\" sizes=\"auto, (max-width: 300px) 100vw, 300px\" \/><\/p>\n<p><img loading=\"lazy\" decoding=\"async\" class=\"alignnone size-medium wp-image-72311\" src=\"https:\/\/rdnews.al\/wp-content\/uploads\/2024\/02\/sss-300x198.jpg\" alt=\"\" width=\"300\" height=\"198\" srcset=\"https:\/\/rdnews.al\/wp-content\/uploads\/2024\/02\/sss-300x198.jpg 300w, https:\/\/rdnews.al\/wp-content\/uploads\/2024\/02\/sss-310x205.jpg 310w, https:\/\/rdnews.al\/wp-content\/uploads\/2024\/02\/sss.jpg 529w\" sizes=\"auto, (max-width: 300px) 100vw, 300px\" \/><\/p>\n<p><img loading=\"lazy\" decoding=\"async\" class=\"alignnone size-medium wp-image-72308\" src=\"https:\/\/rdnews.al\/wp-content\/uploads\/2024\/02\/Aleanca-p-300x202.jpg\" alt=\"\" width=\"300\" height=\"202\" srcset=\"https:\/\/rdnews.al\/wp-content\/uploads\/2024\/02\/Aleanca-p-300x202.jpg 300w, https:\/\/rdnews.al\/wp-content\/uploads\/2024\/02\/Aleanca-p-110x75.jpg 110w, https:\/\/rdnews.al\/wp-content\/uploads\/2024\/02\/Aleanca-p.jpg 668w\" sizes=\"auto, (max-width: 300px) 100vw, 300px\" \/><\/p>\n","protected":false},"excerpt":{"rendered":"<p>Aleanca p\u00ebr Mbrojtjen e Teatrit ka marshuar drejt SPAK-ut, p\u00ebr t\u00eb kryer homazhe. An\u00ebtar\u00ebt e aleanc\u00ebs than\u00eb se n\u00eb m\u00ebnyr\u00eb figurative, \u201cSPAK ka nd\u00ebrruar jet\u00eb\u201d! Avokatja Adriana Kalaja, e cila foli p\u00ebrpara godin\u00ebs s\u00eb SPAK, ka akuzuar drejtuesin e\u00a0 Struktur\u00eb s\u00eb Posa\u00e7me Antikorrupsion, Altin Dumanin, se nuk ka marr\u00eb parasysh k\u00ebrkes\u00ebn e tyre, p\u00ebr ta &hellip;<\/p>\n","protected":false},"author":4,"featured_media":72313,"comment_status":"closed","ping_status":"closed","sticky":false,"template":"","format":"standard","meta":{"footnotes":""},"categories":[37],"tags":[],"class_list":["post-72307","post","type-post","status-publish","format-standard","has-post-thumbnail","","category-politike"],"_links":{"self":[{"href":"https:\/\/rdnews.al\/index.php\/wp-json\/wp\/v2\/posts\/72307","targetHints":{"allow":["GET"]}}],"collection":[{"href":"https:\/\/rdnews.al\/index.php\/wp-json\/wp\/v2\/posts"}],"about":[{"href":"https:\/\/rdnews.al\/index.php\/wp-json\/wp\/v2\/types\/post"}],"author":[{"embeddable":true,"href":"https:\/\/rdnews.al\/index.php\/wp-json\/wp\/v2\/users\/4"}],"replies":[{"embeddable":true,"href":"https:\/\/rdnews.al\/index.php\/wp-json\/wp\/v2\/comments?post=72307"}],"version-history":[{"count":0,"href":"https:\/\/rdnews.al\/index.php\/wp-json\/wp\/v2\/posts\/72307\/revisions"}],"wp:featuredmedia":[{"embeddable":true,"href":"https:\/\/rdnews.al\/index.php\/wp-json\/wp\/v2\/media\/72313"}],"wp:attachment":[{"href":"https:\/\/rdnews.al\/index.php\/wp-json\/wp\/v2\/media?parent=72307"}],"wp:term":[{"taxonomy":"category","embeddable":true,"href":"https:\/\/rdnews.al\/index.php\/wp-json\/wp\/v2\/categories?post=72307"},{"taxonomy":"post_tag","embeddable":true,"href":"https:\/\/rdnews.al\/index.php\/wp-json\/wp\/v2\/tags?post=72307"}],"curies":[{"name":"wp","href":"https:\/\/api.w.org\/{rel}","templated":true}]}}