{"id":72439,"date":"2024-02-27T18:29:43","date_gmt":"2024-02-27T18:29:43","guid":{"rendered":"https:\/\/rdnews.al\/?p=72439"},"modified":"2024-02-27T18:29:43","modified_gmt":"2024-02-27T18:29:43","slug":"pe-miraton-direktive-kunder-frikesimeve-gjyqesore-ndaj-gazetareve","status":"publish","type":"post","link":"https:\/\/rdnews.al\/index.php\/2024\/02\/27\/pe-miraton-direktive-kunder-frikesimeve-gjyqesore-ndaj-gazetareve\/","title":{"rendered":"PE miraton direktiv\u00eb kund\u00ebr frik\u00ebsimeve gjyq\u00ebsore ndaj gazetar\u00ebve"},"content":{"rendered":"<p>Me nj\u00eb shumic\u00eb d\u00ebrrmuese, Parlamenti Evropian miratoi t\u00eb mart\u00ebn nj\u00eb direktiv\u00eb q\u00eb i udh\u00ebzon vendet an\u00ebtare t\u00eb ngarkojn\u00eb sistemet e tyre t\u00eb drejt\u00ebsis\u00eb me detyr\u00ebn p\u00ebr t\u00eb vler\u00ebsuar paraprakisht padit\u00eb ndaj gazetar\u00ebve dhe aktivist\u00ebve n\u00ebse jan\u00eb apo jo t\u00eb bazuara si dhe p\u00ebr t\u2019i ngarkuar kosto shtes\u00eb padit\u00ebsve abuziv\u00eb.<\/p>\n<p>Parlamenti Evropian miratoi t\u00eb mart\u00ebn nj\u00eb direktiv\u00eb kund\u00ebr frik\u00ebsimeve gjyq\u00ebsore ndaj gazetar\u00ebve, akademik\u00ebve dhe aktivist\u00ebve, t\u00eb njohur si\u00a0SLAPP\u00a0(sipas akronimit n\u00eb anglisht\u00a0Padi Gjyq\u00ebsore Strategjike Kund\u00ebr Pjes\u00ebmarrjes Publike),\u00a0nj\u00eb hap q\u00eb u p\u00ebrsh\u00ebndet si me vler\u00eb historike nga organizatat e ndryshme t\u00eb mbrojtjes s\u00eb t\u00eb drejtave t\u00eb njeriut. Direktiva, e cila u miratua me 546 vota pro, 47 kund\u00ebr dhe 31 abstenime, synon t\u00eb godas\u00eb nj\u00eb praktik\u00eb tashm\u00eb t\u00eb njohur t\u00eb korporatave dhe t\u00eb politikan\u00ebve, t\u00eb cil\u00ebt p\u00ebrdorin burimet e veta njer\u00ebzore dhe financiare p\u00ebr t\u00eb zvarritur n\u00eb procese t\u00eb gjata dhe t\u00eb kushtueshme gjyq\u00ebsore media apo\u00a0aktivist\u00eb, me synim t\u00eb frik\u00ebsimit t\u00eb tyre, duke e ditur se pretendimet jan\u00eb t\u00eb pabazuara.<\/p>\n<p>Sipas nj\u00eb\u00a0njoftimi t\u00eb\u00a0Parlamentit Evropian, ligji i ri synon \u201ct\u00eb siguroj\u00eb individ\u00ebt dhe organizatat q\u00eb punojn\u00eb n\u00eb \u00e7\u00ebshtje t\u00eb interesit publik, t\u00eb tilla si t\u00eb drejtat themelore, aludimet p\u00ebr korrupsion, mbrojtjen e demokracis\u00eb apo luft\u00ebn kund\u00ebr diskriminimit, t\u00eb ken\u00eb mbrojtjen nga BE p\u00ebrkundrejt padive civile t\u00eb pabazuara ose abuzive.\u201d<\/p>\n<p>Organizatat e t\u00eb drejtave t\u00eb njeriut e kan\u00eb cil\u00ebsuar k\u00ebt\u00eb legjislacion si\u00a0Amendamenti Daphne, n\u00eb p\u00ebrkujtim t\u00eb gazetares malteze\u00a0Daphne Caruana Galizia, e cila u p\u00ebrball me nj\u00eb num\u00ebr t\u00eb lart\u00eb padish t\u00eb tilla p\u00ebr shkak t\u00eb pun\u00ebs s\u00eb saj si\u00a0gazetare\u00a0investigative, para se t\u00eb vritej n\u00eb nj\u00eb atentat me bomb\u00eb n\u00eb vitin 2017.<\/p>\n<p>Qendra Evropiane p\u00ebr Liri t\u00eb Shtypit dhe t\u00eb Medias, ECPMF, e konsideroi votimin si \u201chistorik\u201d.<\/p>\n<p>\u201cKjo sh\u00ebnon nj\u00eb \u00e7ast historik p\u00ebr sigurin\u00eb e gazetar\u00ebve dhe p\u00ebr lirin\u00eb e medias n\u00eb Evrop\u00eb,\u201d deklaroi organizata n\u00eb nj\u00eb njoftim p\u00ebr shtyp.<\/p>\n<p>SLAPP u identifikuan\u00a0fillimisht nga k\u00ebrkuesit\u00a0shkencor\u00eb n\u00eb vitet 1980 n\u00eb SHBA. Logjika pas k\u00ebtij fenomeni \u00ebsht\u00eb q\u00eb aktivist\u00ebt apo gazetar\u00ebt n\u00eb t\u00eb shumt\u00ebn e her\u00ebve kan\u00eb koh\u00eb dhe mjete financiare t\u00eb kufizuara dhe p\u00ebr rrjedhoj\u00eb, ato mund t\u00eb detyrohen t\u00eb vet\u00ebcensurohen n\u00eb rast se nj\u00eb politikan, nj\u00eb biznesmen apo nj\u00eb korporat\u00eb q\u00eb nuk kan\u00eb probleme me munges\u00ebn e burimeve, i zvarrisin ata n\u00eb gjykat\u00eb p\u00ebr vite dhe vite me radh\u00eb, pavar\u00ebsisht se n\u00eb fund gjykatat mund ta rr\u00ebzojn\u00eb padin\u00eb si t\u00eb pabazuar n\u00eb ligj e n\u00eb prova.<\/p>\n<p>P\u00ebrdoruesit e SLAPP rrjedhimisht p\u00ebrdorin fuqin\u00eb e vet financiare p\u00ebr t\u00eb frik\u00ebsuar kritik\u00ebt n\u00ebn k\u00ebrc\u00ebnimin e telasheve gjyq\u00ebsore dhe pasiguris\u00eb gjyq\u00ebsore. N\u00eb rastin m\u00eb tipik n\u00eb Shqip\u00ebri, kompania Gener 2 hodhi n\u00eb gjyq p\u00ebr shpifje dhe k\u00ebrkoi d\u00ebmshp\u00ebrblim 20 milion\u00eb\u00a0lek\u00eb nga aktivist\u00ebt q\u00eb kund\u00ebrshtonin\u00a0nd\u00ebrtimin e hidrocentraleve mbi lumin e\u00a0Valbon\u00ebs. Gjykata e rr\u00ebzoi padin\u00eb si\u00a0t\u00eb pabazuar n\u00eb ligj e n\u00eb prova. Sipas legjislacionit t\u00eb ri evropian, p\u00ebrve\u00e7 rr\u00ebzimit t\u00eb padis\u00eb, n\u00eb nj\u00eb rast t\u00eb till\u00eb, padit\u00ebsi do t\u00eb duhet t\u00eb gjobitet p\u00ebr abuzim me t\u00eb drejt\u00ebn p\u00ebr t\u00eb ngritur padi n\u00eb m\u00ebnyr\u00eb q\u00eb n\u00eb t\u00eb ardhmen, kompanit\u00eb t\u00eb jen\u00eb t\u00eb vet\u00ebdijshme se padi t\u00eb tilla abuzive nuk kushtojn\u00eb vet\u00ebm sa kostoja e avokatit.\/reporter.al<\/p>\n","protected":false},"excerpt":{"rendered":"<p>Me nj\u00eb shumic\u00eb d\u00ebrrmuese, Parlamenti Evropian miratoi t\u00eb mart\u00ebn nj\u00eb direktiv\u00eb q\u00eb i udh\u00ebzon vendet an\u00ebtare t\u00eb ngarkojn\u00eb sistemet e tyre t\u00eb drejt\u00ebsis\u00eb me detyr\u00ebn p\u00ebr t\u00eb vler\u00ebsuar paraprakisht padit\u00eb ndaj gazetar\u00ebve dhe aktivist\u00ebve n\u00ebse jan\u00eb apo jo t\u00eb bazuara si dhe p\u00ebr t\u2019i ngarkuar kosto shtes\u00eb padit\u00ebsve abuziv\u00eb. Parlamenti Evropian miratoi t\u00eb mart\u00ebn nj\u00eb &hellip;<\/p>\n","protected":false},"author":4,"featured_media":72440,"comment_status":"closed","ping_status":"closed","sticky":false,"template":"","format":"standard","meta":{"footnotes":""},"categories":[38],"tags":[],"class_list":["post-72439","post","type-post","status-publish","format-standard","has-post-thumbnail","","category-bota"],"_links":{"self":[{"href":"https:\/\/rdnews.al\/index.php\/wp-json\/wp\/v2\/posts\/72439","targetHints":{"allow":["GET"]}}],"collection":[{"href":"https:\/\/rdnews.al\/index.php\/wp-json\/wp\/v2\/posts"}],"about":[{"href":"https:\/\/rdnews.al\/index.php\/wp-json\/wp\/v2\/types\/post"}],"author":[{"embeddable":true,"href":"https:\/\/rdnews.al\/index.php\/wp-json\/wp\/v2\/users\/4"}],"replies":[{"embeddable":true,"href":"https:\/\/rdnews.al\/index.php\/wp-json\/wp\/v2\/comments?post=72439"}],"version-history":[{"count":0,"href":"https:\/\/rdnews.al\/index.php\/wp-json\/wp\/v2\/posts\/72439\/revisions"}],"wp:featuredmedia":[{"embeddable":true,"href":"https:\/\/rdnews.al\/index.php\/wp-json\/wp\/v2\/media\/72440"}],"wp:attachment":[{"href":"https:\/\/rdnews.al\/index.php\/wp-json\/wp\/v2\/media?parent=72439"}],"wp:term":[{"taxonomy":"category","embeddable":true,"href":"https:\/\/rdnews.al\/index.php\/wp-json\/wp\/v2\/categories?post=72439"},{"taxonomy":"post_tag","embeddable":true,"href":"https:\/\/rdnews.al\/index.php\/wp-json\/wp\/v2\/tags?post=72439"}],"curies":[{"name":"wp","href":"https:\/\/api.w.org\/{rel}","templated":true}]}}