{"id":72502,"date":"2024-02-28T17:33:59","date_gmt":"2024-02-28T17:33:59","guid":{"rendered":"https:\/\/rdnews.al\/?p=72502"},"modified":"2024-02-28T17:33:59","modified_gmt":"2024-02-28T17:33:59","slug":"avokatet-e-belerit-provuam-qe-prokuroria-nuk-ka-asnje-fakt","status":"publish","type":"post","link":"https:\/\/rdnews.al\/index.php\/2024\/02\/28\/avokatet-e-belerit-provuam-qe-prokuroria-nuk-ka-asnje-fakt\/","title":{"rendered":"Avokat\u00ebt e Belerit: Provuam q\u00eb prokuroria nuk ka asnj\u00eb fakt!"},"content":{"rendered":"<p>Avokat\u00ebt e kryetarit t\u00eb zgjedhur t\u00eb Himar\u00ebs, Fredi Beleri i cili akuzohet p\u00ebr krime zgjedhore kan\u00eb deklaruar se tabulat\u00ebt e telefonave t\u00eb personit t\u00eb cilit ka akuzuar Belerin n\u00eb koh\u00ebn kur ata pretendojn\u00eb se \u00ebsht\u00eb kryer krim zgjedhor nuk ka qen\u00eb n\u00eb Vlor\u00eb<\/p>\n<p>&#8220;N\u00eb provuam q\u00eb prokuroria nuk ka asnj\u00eb prov\u00eb t\u00eb tabulat\u00ebve t\u00eb bashk\u00ebpun\u00ebtorit t\u00eb policis\u00eb i cili \u00ebsht\u00eb paguar, nga data 8 deri n\u00eb dat\u00ebn 14 ai nuk ka qen\u00eb n\u00eb Vlor\u00eb dhe letrat e Belerit jan\u00eb kopsitur pasi ai \u00ebsht\u00eb arrestuar.<\/p>\n<p>Ne deri n\u00eb fund pengoheshim p\u00ebr t\u00eb mbrojtur Belerin dhe nuk ka asnj\u00eb t\u00eb dh\u00ebn\u00eb q\u00eb Bleri \u00ebsht\u00eb takuar me personin i cili e akuzon p\u00ebr dh\u00ebnie parash n\u00eb k\u00ebmbim t\u00eb votave. Ne soll\u00ebm prova se i gjith\u00eb procesi \u00ebsht\u00eb i montuar dhe me standarte t\u00eb dyfishta n\u00eb krahasim me proceset q\u00eb b\u00ebhen ndaj qytetar\u00ebve t\u00eb tjer\u00eb t\u00eb Shqip\u00ebris\u00eb.<\/p>\n<p>T\u00eb gjitha provat faktojn\u00eb se personi i paguar nga policia p\u00ebr t\u00eb akuzuar Blerin nuk ndodhej n\u00eb Vlor\u00eb gjat\u00eb koh\u00ebs p\u00ebr t\u00eb cilit dyshohet se ka kryer krim zgjedhor.<\/p>\n<p>Kjo gjykat\u00eb e cila dje liroi kryebashkiakun e Durr\u00ebsit, Dakon sot k\u00ebrkon t\u00eb grabis\u00eb bashkin\u00eb e Himar\u00ebs e cila \u00ebsht\u00eb fituar nga Partia Demokratike pasi i intereson Ram\u00ebs q\u00eb t\u00eb kryej ai pun\u00ebt e tij t\u00eb paligjshme. Me 14 maj ne fituam me kandidatin n\u00eb burg, ne do ta fitojm\u00eb me 10 fishin e votave n\u00ebse do ta na \u00e7ojn\u00eb p\u00ebrs\u00ebri n\u00eb zgjedhje t\u00eb reja&#8221;.<\/p>\n","protected":false},"excerpt":{"rendered":"<p>Avokat\u00ebt e kryetarit t\u00eb zgjedhur t\u00eb Himar\u00ebs, Fredi Beleri i cili akuzohet p\u00ebr krime zgjedhore kan\u00eb deklaruar se tabulat\u00ebt e telefonave t\u00eb personit t\u00eb cilit ka akuzuar Belerin n\u00eb koh\u00ebn kur ata pretendojn\u00eb se \u00ebsht\u00eb kryer krim zgjedhor nuk ka qen\u00eb n\u00eb Vlor\u00eb &#8220;N\u00eb provuam q\u00eb prokuroria nuk ka asnj\u00eb prov\u00eb t\u00eb tabulat\u00ebve t\u00eb bashk\u00ebpun\u00ebtorit &hellip;<\/p>\n","protected":false},"author":4,"featured_media":53620,"comment_status":"closed","ping_status":"closed","sticky":false,"template":"","format":"standard","meta":{"footnotes":""},"categories":[37],"tags":[],"class_list":["post-72502","post","type-post","status-publish","format-standard","has-post-thumbnail","","category-politike"],"_links":{"self":[{"href":"https:\/\/rdnews.al\/index.php\/wp-json\/wp\/v2\/posts\/72502","targetHints":{"allow":["GET"]}}],"collection":[{"href":"https:\/\/rdnews.al\/index.php\/wp-json\/wp\/v2\/posts"}],"about":[{"href":"https:\/\/rdnews.al\/index.php\/wp-json\/wp\/v2\/types\/post"}],"author":[{"embeddable":true,"href":"https:\/\/rdnews.al\/index.php\/wp-json\/wp\/v2\/users\/4"}],"replies":[{"embeddable":true,"href":"https:\/\/rdnews.al\/index.php\/wp-json\/wp\/v2\/comments?post=72502"}],"version-history":[{"count":0,"href":"https:\/\/rdnews.al\/index.php\/wp-json\/wp\/v2\/posts\/72502\/revisions"}],"wp:featuredmedia":[{"embeddable":true,"href":"https:\/\/rdnews.al\/index.php\/wp-json\/wp\/v2\/media\/53620"}],"wp:attachment":[{"href":"https:\/\/rdnews.al\/index.php\/wp-json\/wp\/v2\/media?parent=72502"}],"wp:term":[{"taxonomy":"category","embeddable":true,"href":"https:\/\/rdnews.al\/index.php\/wp-json\/wp\/v2\/categories?post=72502"},{"taxonomy":"post_tag","embeddable":true,"href":"https:\/\/rdnews.al\/index.php\/wp-json\/wp\/v2\/tags?post=72502"}],"curies":[{"name":"wp","href":"https:\/\/api.w.org\/{rel}","templated":true}]}}