{"id":72504,"date":"2024-02-28T17:35:14","date_gmt":"2024-02-28T17:35:14","guid":{"rendered":"https:\/\/rdnews.al\/?p=72504"},"modified":"2024-02-28T17:35:14","modified_gmt":"2024-02-28T17:35:14","slug":"samiti-i-juglindoreve-apo-shfaqja-bajate-e-radhes","status":"publish","type":"post","link":"https:\/\/rdnews.al\/index.php\/2024\/02\/28\/samiti-i-juglindoreve-apo-shfaqja-bajate-e-radhes\/","title":{"rendered":"Samiti i Juglindor\u00ebve apo shfaqja bajate e radh\u00ebs?"},"content":{"rendered":"<p><strong>Nga\u00a0Milaim NELA<\/strong><\/p>\n<p>Edi Rama e mblodhi Samitin e Europ\u00ebs Juglindore, q\u00eb n\u00eb fakt nuk ishte e till\u00eb sepse i vetmi shtet serioz i vendeve t\u00eb k\u00ebsaj ane ishte Kroacia!<\/p>\n<p>Nuk ishte as Rumania, as Bullgaria e as Greqia.<\/p>\n<p>Aleksand\u00ebr Vu\u00e7i\u00e7 un\u00eb e pash\u00eb m\u00eb shum\u00eb si emisar t\u00eb Putinit sepse ai n\u00eb deklarata q\u00ebndrime apo insistimin p\u00ebr draftimin e deklarat\u00ebs s\u00eb p\u00ebrbashk\u00ebt t\u00eb k\u00ebtyre vendeve pro Rusis\u00eb dhe kund\u00ebr Kosov\u00ebs b\u00ebri vet\u00ebm k\u00ebt\u00eb dhe e shfryt\u00ebzoi k\u00ebt\u00eb tribun\u00eb m\u00eb s\u00eb miri!<\/p>\n<p>Ai arriti ta ndryshoj\u00eb tekstin p\u00ebrfundimtar t\u00eb deklarat\u00ebs duke hequr togfjal\u00ebshin &#8216;sanksione ndaj Rusis\u00eb&#8217; dhe &#8220;ndikimi malinj i Rusis\u00eb&#8221;.<\/p>\n<p>Pra, e b\u00ebri k\u00ebt\u00eb n\u00eb mes t\u00eb Tiran\u00ebs.<\/p>\n<p>Takimi ishte ashtu si\u00e7 e pash\u00eb un\u00eb, krejt si nj\u00eb shfaqje ku nj\u00eb or\u00eb Rama dhe Zelenski q\u00ebndruan n\u00eb tapetin e st\u00ebrmadh duke pritur lider\u00ebt e vendeve q\u00eb jan\u00eb qoft\u00eb politikisht, ushtarakisht apo ekonomikisht (p\u00ebrve\u00e7 Kroacis\u00eb dhe Serbis\u00eb Putiniste) ku th\u00ebrret qameti!<\/p>\n<p>Luksi dhe aparenca t\u00eb jepnin p\u00ebrshtypje q\u00eb prit\u00ebsi ishte nj\u00eb nga vendet e G-7\u00ebs kur dihet q\u00eb Shqip\u00ebria ushtarakisht nuk ka asnj\u00eb tank t\u00eb koh\u00ebve moderne, asnj\u00eb avion e asnj\u00eb helikopter bile nuk ka nj\u00eb helikopter t\u00eb vet\u00ebn p\u00ebr shuarjen e zjarreve!<\/p>\n<p>U tha q\u00eb k\u00ebto vende do ndihmonin Ukrain\u00ebn ushtarakisht e ekonomikisht!<\/p>\n<p>Nuk u tha kush do t\u2019i financonte k\u00ebto ndihma! Kush jan\u00eb aksioner\u00ebt e si do l\u00ebvrohet kjo ndihm\u00eb!<\/p>\n<p>Kjo ngelet mister p\u00ebr mua.<\/p>\n<p>Un\u00eb nuk e kuptoj se pse Ukraina nuk i prodhon arm\u00ebt n\u00eb tok\u00ebn e saj, por p\u00ebrdor tok\u00ebn shqiptare?<\/p>\n<p>A thua nuk mjaftojn\u00eb tokat ukrainase p\u00ebr betej\u00ebn me Rusin\u00eb por na duhet q\u00eb kjo p\u00ebrleshje t\u00eb zhvillohet edhe n\u00eb tok\u00ebn shqiptare!<\/p>\n<p>A \u00ebsht\u00eb synimi afatgjat\u00eb q\u00eb Shqip\u00ebria t\u00eb b\u00ebhet p\u00ebrve\u00e7 target i Iranit tani edhe objektiv i drejtp\u00ebrdrejt\u00eb edhe i Rusis\u00eb?<\/p>\n<p>T\u00eb nd\u00ebrtosh fabrika arm\u00ebsh p\u00ebr Ukrain\u00ebn n\u00eb Maqedoni dhe Shqip\u00ebri, do t\u00eb thot\u00eb ta ftosh Rusin\u00eb t\u00eb jet\u00eb prezent medoemos n\u00eb k\u00ebto vende, t\u00eb cilat n\u00eb fakt duhet t\u00eb largojn\u00eb \u00e7do lloj ndikimi rus n\u00eb k\u00ebto vende e jo ta nxisin at\u00eb p\u00ebr nd\u00ebrhyrje!<\/p>\n<p>I vetmi q\u00ebndrim serioz n\u00eb k\u00ebt\u00eb samit ishte ai p\u00ebrfaq\u00ebsuesit t\u00eb Kroacis\u00eb!<\/p>\n<p>P\u00ebr t\u2019ia v\u00ebn\u00eb vul\u00ebn si n\u00eb \u00e7do samit q\u00eb vitet e fundit b\u00ebhet n\u00eb shtetet ballkanike, nuk mungoi silueta e nj\u00eb thataniku me syze, Aleks Sorosit q\u00eb askush nuk e di se n\u00eb \u00e7far\u00eb cil\u00ebsie merr pjes\u00eb ky njeri n\u00eb takime kaq t\u00eb r\u00ebnd\u00ebsishme ballkanike!<\/p>\n<p>Kush \u00ebsht\u00eb ky?<\/p>\n<p>\u00c7far\u00eb funksioni ka?<\/p>\n<p>A \u00ebsht\u00eb ky realisht producenti i shfaqjes q\u00eb ka si q\u00ebllim t\u00eb vet\u00ebm t\u00eb reklamoj\u00eb kukullat e tij lider\u00eb t\u00eb vendeve ballkanike ne rastin konkret Edi Ram\u00ebn!?<\/p>\n<p>Asnj\u00eb fjal\u00eb p\u00ebr Kosov\u00ebn!<\/p>\n<p>Kosova u shmang si shtet n\u00eb \u00e7do rresht t\u00eb deklarat\u00ebs p\u00ebr turpin e organizatorit.<\/p>\n<p>Shum\u00eb lajka p\u00ebr Ukrain\u00ebn nj\u00eb vend ku impakti i Shqip\u00ebris\u00eb mbi fatin e luft\u00ebs atje \u00ebsht\u00eb absolutisht zero.<\/p>\n<p>\u00cbsht\u00eb nj\u00eblloj si t\u00eb flas un\u00eb p\u00ebr jet\u00ebn n\u00eb Mars e si do ta rivitalizoj at\u00eb atje!<\/p>\n<p>Aleati i vet\u00ebm i Putinit n\u00eb k\u00ebt\u00eb Samit Aleksand\u00ebr Vu\u00e7i\u00e7i ishte garanti dhe dora e tij n\u00eb k\u00ebt\u00eb takim pra Putini vet\u00eb ishte praktikisht pjes\u00eb e takimit.<\/p>\n<p>Sidoqoft\u00eb republik\u00ebs s\u00eb bananeve nuk i mungoi edhe skandali ku nuk kishin pasur mund\u00ebsin\u00eb t\u00eb siguronin qoft\u00eb edhe nj\u00eb p\u00ebrkthyes zyrtar nga gjuha ukrainase e askush nuk e kuptoi se \u00e7far\u00eb tha Zelenski kur foli n\u00eb gjuh\u00ebn e vendit t\u00eb tij!<\/p>\n<p>Pra kishim samitin e Ram\u00ebs n\u00ebn diktatin e Vu\u00e7i\u00e7it!<\/p>\n<p>Slavo Bota Serbe!<\/p>\n","protected":false},"excerpt":{"rendered":"<p>Nga\u00a0Milaim NELA Edi Rama e mblodhi Samitin e Europ\u00ebs Juglindore, q\u00eb n\u00eb fakt nuk ishte e till\u00eb sepse i vetmi shtet serioz i vendeve t\u00eb k\u00ebsaj ane ishte Kroacia! Nuk ishte as Rumania, as Bullgaria e as Greqia. Aleksand\u00ebr Vu\u00e7i\u00e7 un\u00eb e pash\u00eb m\u00eb shum\u00eb si emisar t\u00eb Putinit sepse ai n\u00eb deklarata q\u00ebndrime apo &hellip;<\/p>\n","protected":false},"author":4,"featured_media":72497,"comment_status":"closed","ping_status":"closed","sticky":false,"template":"","format":"standard","meta":{"footnotes":""},"categories":[44],"tags":[],"class_list":["post-72504","post","type-post","status-publish","format-standard","has-post-thumbnail","","category-editorial"],"_links":{"self":[{"href":"https:\/\/rdnews.al\/index.php\/wp-json\/wp\/v2\/posts\/72504","targetHints":{"allow":["GET"]}}],"collection":[{"href":"https:\/\/rdnews.al\/index.php\/wp-json\/wp\/v2\/posts"}],"about":[{"href":"https:\/\/rdnews.al\/index.php\/wp-json\/wp\/v2\/types\/post"}],"author":[{"embeddable":true,"href":"https:\/\/rdnews.al\/index.php\/wp-json\/wp\/v2\/users\/4"}],"replies":[{"embeddable":true,"href":"https:\/\/rdnews.al\/index.php\/wp-json\/wp\/v2\/comments?post=72504"}],"version-history":[{"count":0,"href":"https:\/\/rdnews.al\/index.php\/wp-json\/wp\/v2\/posts\/72504\/revisions"}],"wp:featuredmedia":[{"embeddable":true,"href":"https:\/\/rdnews.al\/index.php\/wp-json\/wp\/v2\/media\/72497"}],"wp:attachment":[{"href":"https:\/\/rdnews.al\/index.php\/wp-json\/wp\/v2\/media?parent=72504"}],"wp:term":[{"taxonomy":"category","embeddable":true,"href":"https:\/\/rdnews.al\/index.php\/wp-json\/wp\/v2\/categories?post=72504"},{"taxonomy":"post_tag","embeddable":true,"href":"https:\/\/rdnews.al\/index.php\/wp-json\/wp\/v2\/tags?post=72504"}],"curies":[{"name":"wp","href":"https:\/\/api.w.org\/{rel}","templated":true}]}}