{"id":72506,"date":"2024-02-28T17:40:23","date_gmt":"2024-02-28T17:40:23","guid":{"rendered":"https:\/\/rdnews.al\/?p=72506"},"modified":"2024-02-28T17:40:23","modified_gmt":"2024-02-28T17:40:23","slug":"mucollari-ne-sot-kemi-krijuar-opoziten-e-vertete-e-cila-nuk-shet-vlerat-e-saj","status":"publish","type":"post","link":"https:\/\/rdnews.al\/index.php\/2024\/02\/28\/mucollari-ne-sot-kemi-krijuar-opoziten-e-vertete-e-cila-nuk-shet-vlerat-e-saj\/","title":{"rendered":"Mu\u00e7ollari: Ne sot kemi krijuar opozit\u00ebn e v\u00ebrtet\u00eb, e cila nuk shet vlerat e saj"},"content":{"rendered":"<p>N\u00eb protest\u00ebn q\u00eb po mbahet n\u00eb \u2018Rrug\u00ebn e Shpres\u00ebs\u2019 kund\u00ebr arrestimit politik t\u00eb liderit t\u00eb opozit\u00ebs, Sali Berisha ishte an\u00ebtari i k\u00ebshillit komb\u00ebtar, Rigels Mu\u00e7ollari. Mu\u00e7ollari \u00ebsht\u00eb shprehur se ne sot kemi krijuar realitetin e nj\u00eb opozit\u00eb t\u00eb pa kapur e cila nuk shet vlerat e saj.<\/p>\n<p>&#8220;Ne sot kemi krijuar realitetin e nj\u00eb opozit\u00eb t\u00eb pa kapur e cila nuk shet vlerat e saj. Ne me shum\u00eb mund po ja dalim dhe \u00e7do dit\u00eb k\u00ebtu ka gati 700-1000 mij\u00eb veta dhe m\u00eb t\u00eb than t\u00eb drejt\u00ebn na kan\u00eb goditur dhe anatemuar.<\/p>\n<p>K\u00ebtu \u00ebsht\u00eb themeli dhe vlera e nj\u00eb opozite t\u00eb v\u00ebrtet\u00eb, me 20 shkurt njer\u00ebzit na dhan\u00eb nj\u00eb mb\u00ebshtetje popullore dhe q\u00eb nuk e duan k\u00ebt\u00eb pozit\u00eb.<\/p>\n<p>Opozita ka p\u00ebr detyr\u00eb t\u00eb q\u00ebndroj\u00eb t\u00eb p\u00ebrballet t\u00eb sakrifikoj\u00eb, detyra juaj pas k\u00ebtij pushteti q\u00eb vjedh zgjedhjet me krimin nuk rr\u00ebzohet me vot\u00eb ky pushtet pasi nuk ka vot\u00eb \u00eb lir\u00eb. Protesta duhet t\u00eb rikthehet me revolt\u00eb me zjarr dhe tym pasi Washingtoni duhet t\u00eb shikoj\u00eb se k\u00ebtu ka njer\u00ebz q\u00eb nuk e duan pushtetin kriminal q\u00eb sot po \u00ebsht\u00eb n\u00eb qeverisje.<\/p>\n<p>T\u00eb nderuar qytetar\u00eb, marr shkas pasi sot mediat italiane jan\u00eb sot n\u00eb k\u00ebt\u00eb protest\u00eb, ne jemi nj\u00eb popull q\u00eb e duam Italin\u00eb dhe italian\u00ebt por nuk pranojm\u00eb q\u00eb nj\u00eb njeri i<em> cili ka p\u00ebr q\u00ebllim t\u00eb fsheh\u00eb m\u00ebkatet q\u00eb ka b\u00ebr\u00eb n\u00eb vendin ton\u00eb t\u00eb marr\u00eb peng t\u00eb drejtat e s<\/em><em>ovranit n\u00eb lidhje me emigrant\u00ebt<\/em><em>&#8220;<\/em><em>, tha <\/em>Mu\u00e7ollari.<\/p>\n","protected":false},"excerpt":{"rendered":"<p>N\u00eb protest\u00ebn q\u00eb po mbahet n\u00eb \u2018Rrug\u00ebn e Shpres\u00ebs\u2019 kund\u00ebr arrestimit politik t\u00eb liderit t\u00eb opozit\u00ebs, Sali Berisha ishte an\u00ebtari i k\u00ebshillit komb\u00ebtar, Rigels Mu\u00e7ollari. Mu\u00e7ollari \u00ebsht\u00eb shprehur se ne sot kemi krijuar realitetin e nj\u00eb opozit\u00eb t\u00eb pa kapur e cila nuk shet vlerat e saj. &#8220;Ne sot kemi krijuar realitetin e nj\u00eb opozit\u00eb &hellip;<\/p>\n","protected":false},"author":4,"featured_media":72507,"comment_status":"closed","ping_status":"closed","sticky":false,"template":"","format":"standard","meta":{"footnotes":""},"categories":[37],"tags":[],"class_list":["post-72506","post","type-post","status-publish","format-standard","has-post-thumbnail","","category-politike"],"_links":{"self":[{"href":"https:\/\/rdnews.al\/index.php\/wp-json\/wp\/v2\/posts\/72506","targetHints":{"allow":["GET"]}}],"collection":[{"href":"https:\/\/rdnews.al\/index.php\/wp-json\/wp\/v2\/posts"}],"about":[{"href":"https:\/\/rdnews.al\/index.php\/wp-json\/wp\/v2\/types\/post"}],"author":[{"embeddable":true,"href":"https:\/\/rdnews.al\/index.php\/wp-json\/wp\/v2\/users\/4"}],"replies":[{"embeddable":true,"href":"https:\/\/rdnews.al\/index.php\/wp-json\/wp\/v2\/comments?post=72506"}],"version-history":[{"count":0,"href":"https:\/\/rdnews.al\/index.php\/wp-json\/wp\/v2\/posts\/72506\/revisions"}],"wp:featuredmedia":[{"embeddable":true,"href":"https:\/\/rdnews.al\/index.php\/wp-json\/wp\/v2\/media\/72507"}],"wp:attachment":[{"href":"https:\/\/rdnews.al\/index.php\/wp-json\/wp\/v2\/media?parent=72506"}],"wp:term":[{"taxonomy":"category","embeddable":true,"href":"https:\/\/rdnews.al\/index.php\/wp-json\/wp\/v2\/categories?post=72506"},{"taxonomy":"post_tag","embeddable":true,"href":"https:\/\/rdnews.al\/index.php\/wp-json\/wp\/v2\/tags?post=72506"}],"curies":[{"name":"wp","href":"https:\/\/api.w.org\/{rel}","templated":true}]}}