{"id":72509,"date":"2024-02-28T17:48:12","date_gmt":"2024-02-28T17:48:12","guid":{"rendered":"https:\/\/rdnews.al\/?p=72509"},"modified":"2024-02-28T17:48:12","modified_gmt":"2024-02-28T17:48:12","slug":"te-duash-ukrainen-me-shume-se-kosoven","status":"publish","type":"post","link":"https:\/\/rdnews.al\/index.php\/2024\/02\/28\/te-duash-ukrainen-me-shume-se-kosoven\/","title":{"rendered":"T\u00eb duash Ukrain\u00ebn m\u00eb shum\u00eb se Kosov\u00ebn"},"content":{"rendered":"<p><strong>Nga Shaban M<\/strong><strong>URATI<\/strong><\/p>\n<p>N\u00eb dat\u00ebn 28 shkurt 2024 kryeministri i Shqip\u00ebris\u00eb, Edi Rama dhe presidenti i Ukrain\u00ebs Volodimir Zelenski n\u00ebnshkruan n\u00eb Tiran\u00eb \u201cTraktatin e Miq\u00ebsis\u00eb dhe t\u00eb Bashk\u00ebpunimit midis Shqip\u00ebris\u00eb dhe Ukrain\u00ebs\u201d.<\/p>\n<p>Megjith\u00ebse ka 11 vjet kryeminist\u00ebr I Shqip\u00ebris\u00eb, Edi Rama ende nuk ka n\u00ebnshkruar nj\u00eb Traktat Miq\u00ebsie dhe Bashk\u00ebpunimi me Kosov\u00ebn.<\/p>\n<p>Enigma dhe misteri \u00ebsht\u00eb se kryeministri Rama, kur paraqiti programin e qeveris\u00eb s\u00eb tij t\u00eb par\u00eb, q\u00eb u miratua nga Kuvendi n\u00eb 15 shtator 2013, kishte futur n\u00eb programin qeveritar n\u00ebnshkrimin e nj\u00eb Traktati Miq\u00ebsie dhe Bashk\u00ebpunimi me Kosov\u00ebn.<\/p>\n<p>N\u00eb kapitullin e politik\u00ebs s\u00eb jasht\u00ebme t\u00eb programit qeveritar t\u00eb kryeministrit Rama, n\u00ebn titullin \u201cBashk\u00ebpunimi strategjik me Kosov\u00ebn\u201d, lexohet detyra: \u201cDo t\u00eb n\u00ebnshkruajm\u00eb Traktatin e Miq\u00ebsis\u00eb, Bashk\u00ebpunimit dhe Siguris\u00eb\u201d.<\/p>\n<p>Nuk dihet ende se cili presion i jasht\u00ebm ose mendje e mbrapsht\u00eb n\u00eb Shqip\u00ebri i ktheu atij mendjen. N\u00eb kund\u00ebrshtim me programin e tij qeveritar, kryeministri Rama pas disa muajsh n\u00eb 11 janar 2014 n\u00ebnshkroi nj\u00eb \u201cDeklarat\u00eb p\u00ebr Bashk\u00ebpunimin\u00a0 dhe Partneritetin strategjik midis Shqip\u00ebris\u00eb dhe Kosov\u00ebs\u201d.<\/p>\n<p>N\u00eb planin juridik dhe diplomatik \u201cDeklarata\u201d nuk ka asnj\u00eb vler\u00eb dhe efekt, p\u00ebrve\u00e7 reklam\u00ebs propagandistike, q\u00eb kan\u00eb deklaratat politike midis dy shteteve. Traktati \u00ebsht\u00eb forma m\u00eb e lart\u00eb kontratuale juridike e marr\u00ebdh\u00ebnive midis dy shteteve. Pse ka vendosur qeveria t\u00eb mos n\u00ebnshkruaj\u00eb Traktat me Kosov\u00ebn, p\u00ebr k\u00ebt\u00eb duhet pyetur kryeministri i Shqip\u00ebris\u00eb.<\/p>\n<p>T\u00ebrheq v\u00ebmendjen fakti se me Traktatin e ri me Ukrain\u00ebn, Shqip\u00ebria figuron se ka n\u00ebnshkruar \u201cTraktate Miq\u00ebsie dhe Bashk\u00ebpunimi\u201d me 3 shtete, q\u00eb nuk e njohin Kosov\u00ebn. Ukraina i shtohet Greqis\u00eb dhe Rumanis\u00eb.<\/p>\n<p>Vet\u00ebm nj\u00eb mendjeleht\u00ebsi diplomatike mund t\u00eb sugjeroj\u00eb n\u00ebnshkrimin tani t\u00eb nj\u00eb \u201cTraktati Miq\u00ebsie dhe Bashk\u00ebpunimi\u201d me nj\u00eb shtet si Ukraina, q\u00eb \u00ebsht\u00eb n\u00eb luft\u00eb e sip\u00ebr, q\u00eb ka gjysm\u00ebn e territorit t\u00eb pushtuar nga trupat ruse dhe i cili ka n\u00eb rend t\u00eb dit\u00ebs ekzistenc\u00ebn e tij si shtet.<\/p>\n<p>Vet\u00ebm nj\u00eb mendjeleh\u00ebsi shtet\u00ebrore mund t\u00eb shpjegoj\u00eb q\u00eb Shqip\u00ebria n\u00ebnshkruan Traktat Miq\u00ebsie me nj\u00eb shtet si Ukraina, e cila vazhdon t\u00eb shp\u00ebrfill\u00eb interesin komb\u00ebtar shqiptar dhe vazhdon t\u00eb mos njoh\u00eb Kosov\u00ebn p\u00ebr hat\u00ebr t\u00eb Serbis\u00eb, q\u00eb \u00ebsht\u00eb aleati strategjik dhe i vet\u00ebm ballkanik i Rusis\u00eb, shtetit pushtues t\u00eb Ukrain\u00ebs.<\/p>\n<p>Duket se kryeministri i Shqip\u00ebris\u00eb don m\u00eb shum\u00eb Ukrain\u00ebn se sa Kosov\u00ebn.<\/p>\n","protected":false},"excerpt":{"rendered":"<p>Nga Shaban MURATI N\u00eb dat\u00ebn 28 shkurt 2024 kryeministri i Shqip\u00ebris\u00eb, Edi Rama dhe presidenti i Ukrain\u00ebs Volodimir Zelenski n\u00ebnshkruan n\u00eb Tiran\u00eb \u201cTraktatin e Miq\u00ebsis\u00eb dhe t\u00eb Bashk\u00ebpunimit midis Shqip\u00ebris\u00eb dhe Ukrain\u00ebs\u201d. Megjith\u00ebse ka 11 vjet kryeminist\u00ebr I Shqip\u00ebris\u00eb, Edi Rama ende nuk ka n\u00ebnshkruar nj\u00eb Traktat Miq\u00ebsie dhe Bashk\u00ebpunimi me Kosov\u00ebn. Enigma dhe misteri &hellip;<\/p>\n","protected":false},"author":4,"featured_media":72510,"comment_status":"closed","ping_status":"closed","sticky":false,"template":"","format":"standard","meta":{"footnotes":""},"categories":[44],"tags":[],"class_list":["post-72509","post","type-post","status-publish","format-standard","has-post-thumbnail","","category-editorial"],"_links":{"self":[{"href":"https:\/\/rdnews.al\/index.php\/wp-json\/wp\/v2\/posts\/72509","targetHints":{"allow":["GET"]}}],"collection":[{"href":"https:\/\/rdnews.al\/index.php\/wp-json\/wp\/v2\/posts"}],"about":[{"href":"https:\/\/rdnews.al\/index.php\/wp-json\/wp\/v2\/types\/post"}],"author":[{"embeddable":true,"href":"https:\/\/rdnews.al\/index.php\/wp-json\/wp\/v2\/users\/4"}],"replies":[{"embeddable":true,"href":"https:\/\/rdnews.al\/index.php\/wp-json\/wp\/v2\/comments?post=72509"}],"version-history":[{"count":0,"href":"https:\/\/rdnews.al\/index.php\/wp-json\/wp\/v2\/posts\/72509\/revisions"}],"wp:featuredmedia":[{"embeddable":true,"href":"https:\/\/rdnews.al\/index.php\/wp-json\/wp\/v2\/media\/72510"}],"wp:attachment":[{"href":"https:\/\/rdnews.al\/index.php\/wp-json\/wp\/v2\/media?parent=72509"}],"wp:term":[{"taxonomy":"category","embeddable":true,"href":"https:\/\/rdnews.al\/index.php\/wp-json\/wp\/v2\/categories?post=72509"},{"taxonomy":"post_tag","embeddable":true,"href":"https:\/\/rdnews.al\/index.php\/wp-json\/wp\/v2\/tags?post=72509"}],"curies":[{"name":"wp","href":"https:\/\/api.w.org\/{rel}","templated":true}]}}