{"id":72512,"date":"2024-02-28T18:00:06","date_gmt":"2024-02-28T18:00:06","guid":{"rendered":"https:\/\/rdnews.al\/?p=72512"},"modified":"2024-02-28T18:00:06","modified_gmt":"2024-02-28T18:00:06","slug":"arnold-karriqi-jetojme-ne-shqiperine-ku-askush-nuk-e-shpreh-dot-ate-qe-mendon","status":"publish","type":"post","link":"https:\/\/rdnews.al\/index.php\/2024\/02\/28\/arnold-karriqi-jetojme-ne-shqiperine-ku-askush-nuk-e-shpreh-dot-ate-qe-mendon\/","title":{"rendered":"Arnold Karriqi: Jetojm\u00eb n\u00eb Shqip\u00ebrin\u00eb ku askush nuk e shpreh dot at\u00eb q\u00eb mendon"},"content":{"rendered":"<p>Gazetari Arnold Kariqi i pranish\u00ebm n\u00eb tubim posht\u00eb banes\u00ebs s\u00eb kryetarit t\u00eb PD, Sali Berisha, u shpreh se fatkeq\u00ebsisht jetojm\u00eb n\u00eb nj\u00eb Shqip\u00ebi ku askush nga ne nuk e ka t\u00eb drejt\u00ebn t\u00eb shpreh\u00eb at\u00eb q\u00eb mendon p\u00ebr t\u00eb mir\u00ebn dhe t\u00eb keqen.<\/p>\n<p>Karriqi sakaq na kujtoj edhe nj\u00eb her\u00eb koh\u00ebn kur Berisha ishte n\u00eb krye t\u00eb vendin, kishim\u00a04-fish pensione e rroga m\u00eb shum\u00eb se sot, me nj\u00eb rini q\u00eb shkollohej dhe nuk endej rrug\u00ebve t\u00eb Europ\u00ebs duke u larguar nga Shqip\u00ebria, t\u00eb cil\u00ebn tashm\u00eb e ka zaptuar varf\u00ebria.<\/p>\n<p>\u201cUn\u00eb kam ardhur sot k\u00ebtu jo vet\u00ebm si nj\u00eb qytetar, por edhe si nj\u00eb gazetar ku t\u00eb vetmen rrug\u00eb dhe rrugic\u00eb q\u00eb gjej p\u00ebr t\u00eb th\u00ebn\u00eb fjal\u00ebn e lir\u00eb p\u00ebr t\u2019u shprehur dhe p\u00ebr t\u00eb th\u00ebn\u00eb at\u00eb q\u00eb un\u00eb mendoj, ja keni dh\u00ebn\u00eb ju.<\/p>\n<p>Ja keni dh\u00ebn\u00eb ju t \u00eb drejt\u00ebn q\u00eb \u00e7do kush q\u00eb ngrihet n\u00eb k\u00ebt\u00eb podium t\u00eb thot\u00eb fjal\u00ebn e v\u00ebrtet\u00eb ti thot\u00eb t\u00eb bardh\u00ebs t\u00eb bardh\u00eb, e t\u00eb zez\u00ebs t\u00eb zez\u00eb.<\/p>\n<p>Kam nj\u00eb thirrje p\u00ebr koleg\u00ebt e mi gazetar\u00eb , t\u00eb cil\u00ebt ndryshe flasin n\u00eb kafene e ndryshe n\u00eb media, sepse kjo qeveri jua ka mbyllyr goj\u00ebn dhe nuk jua ka dh\u00ebn\u00eb t\u00eb drejt\u00ebn t\u00eb mendojn\u00eb sepse n\u00eb k\u00ebt\u00eb Shqip\u00ebri jetojm\u00eb, ku askush nga ne nuk e ka t\u00eb drejt\u00ebn t\u00eb shpreh\u00eb at\u00eb q\u00eb mendon p\u00ebr t\u00eb mir\u00ebn dhe t\u00eb keqen.<\/p>\n<p>Kam ardhur k\u00ebtu p\u00ebr t\u00eb folur p\u00ebr bashk\u00ebmoshat\u00ebt e mi, p\u00ebr t\u00eb rinjt\u00eb q\u00eb t\u00eb mos heshtin p\u00ebr skamjen q\u00eb i ka ndodhur k\u00ebtij vendi.<\/p>\n<p>Dua t\u00eb flas p\u00ebr at\u00eb pjes\u00ebn e njerzve q\u00eb mbase nuk besojn\u00eb t\u00eb altenativa jon\u00eb apo te ndrysimi q\u00eb mund t\u00eb sjell\u00eb Partia Demokratike, p\u00ebr at\u00eb pjes\u00ebn them se PD ka b\u00ebr\u00eb shum\u00eb p\u00ebr vendin, sepse kur Berisha erdhi n\u00eb krye Shqip\u00ebria ishte ende n\u00eb koh\u00ebn e qirinjve.<\/p>\n<p>Ne kemi nj\u00eb problem shum\u00eb t\u00eb madh, sepse harrojm\u00eb t\u00eb shkuar\u00ebn dhe t\u00eb kaluar\u00ebn dhe t\u00eb k\u00ebqijat q\u00eb heqim nga regjimi, e jo t\u00eb mirat q\u00eb mor\u00ebm n\u00eb koh\u00ebn e demokracis\u00eb.<\/p>\n<p>N\u00eb koh\u00ebn q\u00eb pati investime, 4-fish rroga dhe pensione, pati njer\u00ebz pati rini dhe shpres\u00eb, e jo si sot q\u00eb ka pasiguri e skamje, t\u00eb gjith\u00eb t\u00eb zezat q\u00eb mund t\u2019i ndodhin nj\u00eb vendi\u201d, tha Karriqi.<\/p>\n","protected":false},"excerpt":{"rendered":"<p>Gazetari Arnold Kariqi i pranish\u00ebm n\u00eb tubim posht\u00eb banes\u00ebs s\u00eb kryetarit t\u00eb PD, Sali Berisha, u shpreh se fatkeq\u00ebsisht jetojm\u00eb n\u00eb nj\u00eb Shqip\u00ebi ku askush nga ne nuk e ka t\u00eb drejt\u00ebn t\u00eb shpreh\u00eb at\u00eb q\u00eb mendon p\u00ebr t\u00eb mir\u00ebn dhe t\u00eb keqen. Karriqi sakaq na kujtoj edhe nj\u00eb her\u00eb koh\u00ebn kur Berisha ishte n\u00eb &hellip;<\/p>\n","protected":false},"author":4,"featured_media":72513,"comment_status":"closed","ping_status":"closed","sticky":false,"template":"","format":"standard","meta":{"footnotes":""},"categories":[37],"tags":[],"class_list":["post-72512","post","type-post","status-publish","format-standard","has-post-thumbnail","","category-politike"],"_links":{"self":[{"href":"https:\/\/rdnews.al\/index.php\/wp-json\/wp\/v2\/posts\/72512","targetHints":{"allow":["GET"]}}],"collection":[{"href":"https:\/\/rdnews.al\/index.php\/wp-json\/wp\/v2\/posts"}],"about":[{"href":"https:\/\/rdnews.al\/index.php\/wp-json\/wp\/v2\/types\/post"}],"author":[{"embeddable":true,"href":"https:\/\/rdnews.al\/index.php\/wp-json\/wp\/v2\/users\/4"}],"replies":[{"embeddable":true,"href":"https:\/\/rdnews.al\/index.php\/wp-json\/wp\/v2\/comments?post=72512"}],"version-history":[{"count":0,"href":"https:\/\/rdnews.al\/index.php\/wp-json\/wp\/v2\/posts\/72512\/revisions"}],"wp:featuredmedia":[{"embeddable":true,"href":"https:\/\/rdnews.al\/index.php\/wp-json\/wp\/v2\/media\/72513"}],"wp:attachment":[{"href":"https:\/\/rdnews.al\/index.php\/wp-json\/wp\/v2\/media?parent=72512"}],"wp:term":[{"taxonomy":"category","embeddable":true,"href":"https:\/\/rdnews.al\/index.php\/wp-json\/wp\/v2\/categories?post=72512"},{"taxonomy":"post_tag","embeddable":true,"href":"https:\/\/rdnews.al\/index.php\/wp-json\/wp\/v2\/tags?post=72512"}],"curies":[{"name":"wp","href":"https:\/\/api.w.org\/{rel}","templated":true}]}}