{"id":7258,"date":"2022-03-17T10:56:14","date_gmt":"2022-03-17T10:56:14","guid":{"rendered":"https:\/\/rdnews.al\/?p=7258"},"modified":"2022-03-17T10:56:14","modified_gmt":"2022-03-17T10:56:14","slug":"berisha-po-punoj-per-bashkimin-e-pd-po-ti-organizoj-une-protestat-me-keni-ne-balle","status":"publish","type":"post","link":"https:\/\/rdnews.al\/index.php\/2022\/03\/17\/berisha-po-punoj-per-bashkimin-e-pd-po-ti-organizoj-une-protestat-me-keni-ne-balle\/","title":{"rendered":"Berisha: Po punoj p\u00ebr bashkimin e PD! Po t\u2019i organizoj un\u00eb protestat, m\u00eb keni n\u00eb ball\u00eb!"},"content":{"rendered":"<p>Lideri historik i PD, Sali Berisha ka hedhur posht\u00eb z\u00ebrat se ai q\u00ebndron n\u00eb krye t\u00eb protestave p\u00ebr rritjen e \u00e7mimeve.<\/p>\n<p>N\u00eb nj\u00eb deklarat\u00eb p\u00ebr mediat, Berisha tha se, po punon p\u00ebr bashkimin e\u00a0PD dhe nuk po merret me protestat, edhe pse i mb\u00ebshtet ato.<\/p>\n<p>\u201cNuk po i organizoj un\u00eb protestat. Un\u00eb i mb\u00ebshtes fuqimisht protestat. Po t\u2019i organizoja, m\u00eb keni n\u00eb ball\u00eb. Po merrem me intensitet t\u00eb madh p\u00ebr bashkimin e PD\u201d,\u00a0ka th\u00ebn\u00eb Berisha.<\/p>\n<p>Kurse n\u00eb fjal\u00ebn e tij nga foltorja e Kuvendit, ish-Kryeministri Sali Berisha\u00a0denoncoi se po shkelet embargoja ndaj Rusis\u00eb.<\/p>\n<p>\u201cDy jan\u00eb shkeljet m\u00eb t\u00eb r\u00ebnda t\u00eb Kuvendit, q\u00eb refuzon debatin p\u00ebr kriz\u00ebn e r\u00ebnd\u00eb q\u00eb ka pllakosur qytetar\u00ebt dhe\u00a0jo zyrtar\u00ebt. D\u00ebshmi e nj\u00eb arrogance t\u00eb pakufishme, e p\u00ebrdorimit t\u00eb g\u00ebnjeshtrave ndaj qytetar\u00ebve n\u00eb protest\u00eb. U serviren faturat e furrave t\u00eb buk\u00ebs sikur jan\u00eb familje nga Italia. Shprehen me urrejtje se jan\u00eb pakic\u00eb.<\/p>\n<p>K\u00ebrkoj rezolut\u00ebn se po shkelni embargon, po shkarkoni anije ruse, kur bota shpall Putinin kriminel lufte, ju mashtroni. Fusni rezolut\u00ebn. P\u00ebr ju s\u2019ka kriz\u00eb, s\u2019ka kufizime, ka vet\u00ebm vullnet e d\u00ebshira. Ju nuk e lat\u00eb t\u00eb futet n\u00eb rend dite\u201d,\u00a0u shpreh Berisha.<\/p>\n","protected":false},"excerpt":{"rendered":"<p>Lideri historik i PD, Sali Berisha ka hedhur posht\u00eb z\u00ebrat se ai q\u00ebndron n\u00eb krye t\u00eb protestave p\u00ebr rritjen e \u00e7mimeve. N\u00eb nj\u00eb deklarat\u00eb p\u00ebr mediat, Berisha tha se, po punon p\u00ebr bashkimin e\u00a0PD dhe nuk po merret me protestat, edhe pse i mb\u00ebshtet ato. \u201cNuk po i organizoj un\u00eb protestat. Un\u00eb i mb\u00ebshtes fuqimisht &hellip;<\/p>\n","protected":false},"author":4,"featured_media":7259,"comment_status":"open","ping_status":"open","sticky":false,"template":"","format":"standard","meta":{"footnotes":""},"categories":[40],"tags":[],"class_list":["post-7258","post","type-post","status-publish","format-standard","has-post-thumbnail","","category-aktualitet"],"_links":{"self":[{"href":"https:\/\/rdnews.al\/index.php\/wp-json\/wp\/v2\/posts\/7258","targetHints":{"allow":["GET"]}}],"collection":[{"href":"https:\/\/rdnews.al\/index.php\/wp-json\/wp\/v2\/posts"}],"about":[{"href":"https:\/\/rdnews.al\/index.php\/wp-json\/wp\/v2\/types\/post"}],"author":[{"embeddable":true,"href":"https:\/\/rdnews.al\/index.php\/wp-json\/wp\/v2\/users\/4"}],"replies":[{"embeddable":true,"href":"https:\/\/rdnews.al\/index.php\/wp-json\/wp\/v2\/comments?post=7258"}],"version-history":[{"count":0,"href":"https:\/\/rdnews.al\/index.php\/wp-json\/wp\/v2\/posts\/7258\/revisions"}],"wp:featuredmedia":[{"embeddable":true,"href":"https:\/\/rdnews.al\/index.php\/wp-json\/wp\/v2\/media\/7259"}],"wp:attachment":[{"href":"https:\/\/rdnews.al\/index.php\/wp-json\/wp\/v2\/media?parent=7258"}],"wp:term":[{"taxonomy":"category","embeddable":true,"href":"https:\/\/rdnews.al\/index.php\/wp-json\/wp\/v2\/categories?post=7258"},{"taxonomy":"post_tag","embeddable":true,"href":"https:\/\/rdnews.al\/index.php\/wp-json\/wp\/v2\/tags?post=7258"}],"curies":[{"name":"wp","href":"https:\/\/api.w.org\/{rel}","templated":true}]}}