{"id":72645,"date":"2024-02-29T18:27:20","date_gmt":"2024-02-29T18:27:20","guid":{"rendered":"https:\/\/rdnews.al\/?p=72645"},"modified":"2024-02-29T18:28:01","modified_gmt":"2024-02-29T18:28:01","slug":"realiteti-e-tregon-shqiperine-nje-tunizi-ne-ballkan-me-lider-te-opozites-te-arrestuar","status":"publish","type":"post","link":"https:\/\/rdnews.al\/index.php\/2024\/02\/29\/realiteti-e-tregon-shqiperine-nje-tunizi-ne-ballkan-me-lider-te-opozites-te-arrestuar\/","title":{"rendered":"Berisha: Realiteti e tregon Shqip\u00ebrin\u00eb nj\u00eb Tunizi n\u00eb Ballkan me lider t\u00eb opozit\u00ebs t\u00eb arrestuar"},"content":{"rendered":"<p>Kryetari i PD, Sali Berisha n\u00eb fjal\u00ebn e mbajtur n\u00eb tubimin qytetar, deklaroi se, Shqip\u00ebria m\u00eb shum\u00eb po i ngjan nj\u00eb Tunizie n\u00eb Ballkan, ku lideri i opozit\u00ebs \u00ebsht\u00eb i arrestuar.<\/p>\n<p>\u201cT\u00eb gjith\u00ebve u kujtohet se si 4 muaj m\u00eb par\u00eb, pas samitit t\u00eb BE n\u00eb Tiran\u00eb, p\u00ebrfaq\u00ebsuesi i BE u tha shqiptar\u00ebve se n\u00eb dhjetor do merrni nj\u00eb lajm t\u00eb madh.<\/p>\n<p>E v\u00ebrteta \u00ebsht\u00eb se ai tha at\u00eb q\u00eb dinte dhe nuk shpiku.<\/p>\n<p>Tha se n\u00eb dhjetor lajmi i madh do t\u00eb ishte hapja e negociatave.<\/p>\n<p>Por \u00e7far\u00eb b\u00ebri Edi Rama nd\u00ebrkoh\u00eb?<\/p>\n<p>Edi Rama nd\u00ebrkoh\u00eb bllokoi parlamentin, mohoi t\u00eb drejtat kushtetuese t\u00eb deputet\u00ebve n\u00eb parlament. Nuk lejoi krijimin e komisioneve hetimore p\u00ebr vjedhjet e tij.<\/p>\n<p>Nuk lejoi krijimin e komisionit hetimor p\u00ebr afer\u00ebn McGonigal, p\u00ebr sterilizimin, nuk lejoi hetimin e Dubai City dhe vjedhjeve t\u00eb tjera.<\/p>\n<p>Edi Rama me drejt\u00ebsin\u00eb e tij t\u00eb pavarur, t\u00eb re, nj\u00eb organizat\u00eb e v\u00ebrtet\u00eb kriminale, vendosi n\u00eb arrest sht\u00ebpie kryetarin e partis\u00eb m\u00eb t\u00eb madhe opozitare pa asnj\u00eb fakt, dokument, prov\u00eb t\u00eb vetme, thjesht shpallur n\u00eb hetim.<\/p>\n<p>Miqt\u00eb e mi, ju thash\u00eb pra, tjet\u00ebr \u00ebsht\u00eb gjeopolitika, tjet\u00ebr \u00ebsht\u00eb realiteti.<\/p>\n<p>Gjeopolitika i jep Shqip\u00ebris\u00eb nj\u00eb vend t\u00eb ve\u00e7ant\u00eb, brinja m\u00eb per\u00ebndimore e gadishullit.<\/p>\n<p>Realiteti e tregon Shqip\u00ebrin\u00eb Ugand\u00ebn e Muselinit, me lider t\u00eb opozit\u00ebs t\u00eb arrestuar.<\/p>\n<p>E tregon Shqip\u00ebrin\u00eb nj\u00eb Tunizi n\u00eb Ballkan me lider t\u00eb opozit\u00ebs t\u00eb arrestuar.<\/p>\n<p>E tregon Shqip\u00ebrin\u00eb nj\u00eb Taxhikistan n\u00eb Ballkan, n\u00eb t\u00eb cilin deputet\u00ebt e opozit\u00ebs nuk kan\u00eb asnj\u00eb t\u00eb drejt\u00eb.<\/p>\n<p>Miqt\u00eb e mi, t\u00eb gjitha k\u00ebto d\u00ebshmojn\u00eb se sa jetike dhe vendimtare \u00ebsht\u00eb sakrifica jon\u00eb p\u00ebr shp\u00ebtimin e Shqip\u00ebris\u00eb.<\/p>\n<p>\u00c7do shqiptar t\u00eb pyes\u00eb veten vet\u00ebm nj\u00eb pyetje: A ka dram\u00eb m\u00eb t\u00eb madhe p\u00ebr k\u00ebt\u00eb komb se sa largimi i 1.1 milion\u00eb shqiptar\u00ebve n\u00eb 10 vitet e fundit? A ka komb tjet\u00ebr q\u00eb ka p\u00ebsuar k\u00ebt\u00eb dram\u00eb?<\/p>\n<p>O miq, o t\u00eb dashur bashk\u00ebatdhetar\u00eb, a keni d\u00ebgjuar nj\u00eb t\u00eb huaj t\u00eb qaj\u00eb hallin p\u00ebr k\u00ebt\u00eb me ju? A keni d\u00ebgjuar nj\u00eb fjalim t\u00eb vet\u00ebm t\u2019i kushtohet k\u00ebsaj?<\/p>\n<p>A keni d\u00ebgjuar nj\u00eb shtetar tjet\u00ebr t\u00eb thot\u00eb dal\u00eb se \u00e7\u2019b\u00ebhet me k\u00ebt\u00eb komb n\u00eb shkat\u00ebrrim? Jo dhe jo.<\/p>\n<p>Po at\u00ebher\u00eb, kush duhet t\u2019i dal\u00eb zot?<\/p>\n<p>Po pse duhet t\u00eb na dalin zot t\u00eb tjer\u00ebt, kur ne duhet t\u2019i dalim zot?<\/p>\n<p>Miqt\u00eb e mi, edhe nj\u00ebher\u00eb, asnj\u00eb samit, asnj\u00eb takim, asnj\u00eb vizit\u00eb s\u2019e b\u00ebn Edi Ram\u00ebn m\u00eb pak t\u00eb keq se \u00e7\u2019\u00ebsht\u00eb.<\/p>\n<p>S\u2019e b\u00ebn Edi Ram\u00ebn m\u00eb pak t\u00eb korruptuar se \u00e7\u2019\u00ebsht\u00eb.<\/p>\n<p>Nuk e b\u00ebn Edi Ram\u00ebn m\u00eb armik t\u00eb eg\u00ebr se \u00e7\u2019\u00ebsht\u00eb.<\/p>\n<p>Nuk e b\u00ebn Edi Ram\u00ebn m\u00eb butaforik se \u00e7\u2019\u00ebsht\u00eb.<\/p>\n<p>M\u00eb pak hajdut se \u00e7\u2019\u00ebsht\u00eb.<\/p>\n<p>Ne jemi komb q\u00eb kemi vuajtur, jemi st\u00ebrkequr, por kemi ditur gjithnj\u00eb t\u00eb gjejm\u00eb rrug\u00ebn dhe t\u00eb dalim nga e keqja.<\/p>\n<p>20 shkurti tregoi se cila \u00ebsht\u00eb fuqia jon\u00eb.<\/p>\n<p>Tregoi se kush \u00ebsht\u00eb shumica politike n\u00eb Shqip\u00ebri.<\/p>\n<p>Tregoi se kush \u00ebsht\u00eb shumica numerike.<\/p>\n<p>A do lejojm\u00eb ne t\u00eb endemi n\u00eb mjegullnaj\u00ebn e korrupsioni si \u00e7iflig i Edi Ram\u00ebs apo do t\u00eb marrim fatin n\u00eb dor\u00eb si njer\u00ebz t\u00eb lir\u00eb\u201d, u shpreh Berisha.<\/p>\n","protected":false},"excerpt":{"rendered":"<p>Kryetari i PD, Sali Berisha n\u00eb fjal\u00ebn e mbajtur n\u00eb tubimin qytetar, deklaroi se, Shqip\u00ebria m\u00eb shum\u00eb po i ngjan nj\u00eb Tunizie n\u00eb Ballkan, ku lideri i opozit\u00ebs \u00ebsht\u00eb i arrestuar. \u201cT\u00eb gjith\u00ebve u kujtohet se si 4 muaj m\u00eb par\u00eb, pas samitit t\u00eb BE n\u00eb Tiran\u00eb, p\u00ebrfaq\u00ebsuesi i BE u tha shqiptar\u00ebve se n\u00eb &hellip;<\/p>\n","protected":false},"author":4,"featured_media":72646,"comment_status":"closed","ping_status":"closed","sticky":false,"template":"","format":"standard","meta":{"footnotes":""},"categories":[37],"tags":[],"class_list":["post-72645","post","type-post","status-publish","format-standard","has-post-thumbnail","","category-politike"],"_links":{"self":[{"href":"https:\/\/rdnews.al\/index.php\/wp-json\/wp\/v2\/posts\/72645","targetHints":{"allow":["GET"]}}],"collection":[{"href":"https:\/\/rdnews.al\/index.php\/wp-json\/wp\/v2\/posts"}],"about":[{"href":"https:\/\/rdnews.al\/index.php\/wp-json\/wp\/v2\/types\/post"}],"author":[{"embeddable":true,"href":"https:\/\/rdnews.al\/index.php\/wp-json\/wp\/v2\/users\/4"}],"replies":[{"embeddable":true,"href":"https:\/\/rdnews.al\/index.php\/wp-json\/wp\/v2\/comments?post=72645"}],"version-history":[{"count":0,"href":"https:\/\/rdnews.al\/index.php\/wp-json\/wp\/v2\/posts\/72645\/revisions"}],"wp:featuredmedia":[{"embeddable":true,"href":"https:\/\/rdnews.al\/index.php\/wp-json\/wp\/v2\/media\/72646"}],"wp:attachment":[{"href":"https:\/\/rdnews.al\/index.php\/wp-json\/wp\/v2\/media?parent=72645"}],"wp:term":[{"taxonomy":"category","embeddable":true,"href":"https:\/\/rdnews.al\/index.php\/wp-json\/wp\/v2\/categories?post=72645"},{"taxonomy":"post_tag","embeddable":true,"href":"https:\/\/rdnews.al\/index.php\/wp-json\/wp\/v2\/tags?post=72645"}],"curies":[{"name":"wp","href":"https:\/\/api.w.org\/{rel}","templated":true}]}}