{"id":72649,"date":"2024-02-29T18:32:21","date_gmt":"2024-02-29T18:32:21","guid":{"rendered":"https:\/\/rdnews.al\/?p=72649"},"modified":"2024-02-29T18:34:45","modified_gmt":"2024-02-29T18:34:45","slug":"berisha-kongresi-i-shba-te-hetoje-lidhjet-e-aleksis-soros-me-shqiperine","status":"publish","type":"post","link":"https:\/\/rdnews.al\/index.php\/2024\/02\/29\/berisha-kongresi-i-shba-te-hetoje-lidhjet-e-aleksis-soros-me-shqiperine\/","title":{"rendered":"Berisha: Kongresi i SHBA t\u00eb hetoj\u00eb lidhjet e Aleksis Soros me Shqip\u00ebrin\u00eb!"},"content":{"rendered":"<p>Duke komentuar rolin e Aleksis Soros n\u00eb takimet n\u00eb Tiran\u00eb, kryetari i Partis\u00eb Demokratike, Sali Berisha, i b\u00ebri thirrje s\u00ebrish kongresit t\u00eb SHBA-s\u00eb q\u00eb t\u00eb hetoj\u00eb lidhjet e tij me Shqip\u00ebrin\u00eb. Sipas Berish\u00ebs, mandati i Sorosit buron vet\u00ebm nga korrupsioni.<\/p>\n<p>\u201cJu jeni d\u00ebshmitar\u00eb se un\u00eb p\u00ebr asgj\u00eb personale, por absolutisht vet\u00ebm p\u00ebr ato interesa q\u00eb mbrojm\u00eb s\u00eb bashku, p\u00ebr ato ideale q\u00eb ndajm\u00eb s\u00eb bashku, p\u00ebr ato interesa komb\u00ebtare t\u00eb p\u00ebrbashk\u00ebta, kam denoncuar fuqish\u00ebm Xhorxh Sorosin dhe Aleksis Soros.<\/p>\n<p>Tani miqt\u00eb e mi, dy fjal\u00eb.<\/p>\n<p>N\u00eb dy takimet, ishte si padron i v\u00ebrtet\u00eb i tyre, superministri i jasht\u00ebm i Ballkanit Per\u00ebndimor, Aleksis Soros.<\/p>\n<p>Miq, secili nga ju, \u00e7do shqiptar, por edhe \u00e7do i huaj, \u00e7do evropian, \u00e7do amerikan, \u00ebsht\u00eb i lutur t\u00eb shtroj\u00eb nj\u00eb pyetje: cili \u00ebsht\u00eb mandati i Aleksis Soros, q\u00eb q\u00ebndron si padron i samiteve t\u00eb rajonit?<\/p>\n<p>\u00c7far\u00eb p\u00ebrfaq\u00ebson mandati i tij? SHBA? Jo dhe jo? SHBA p\u00ebrfaq\u00ebsohen nga qeveria e k\u00ebtij vendi.<\/p>\n<p>Ndonj\u00eb qeveri evropiane? Jo dhe jo. Ata kan\u00eb p\u00ebrfaq\u00ebsuesit e tyre?<\/p>\n<p>Ndonj\u00eb organizat\u00eb nd\u00ebrkomb\u00ebtare? Asnj\u00eb prej tyre. Ata kan\u00eb m\u00ebnyr\u00ebn e tyre t\u00eb nd\u00ebrtimit dhe t\u00eb p\u00ebrfaq\u00ebsimit.<\/p>\n<p>M\u00eb thoni at\u00ebher\u00eb, a pat\u00eb ju aty ndonj\u00eb tjet\u00ebr njeri q\u00eb nuk p\u00ebrfaq\u00ebson mandat p\u00ebrve\u00e7 atij?<\/p>\n<p>Asnj\u00eb.<\/p>\n<p>At\u00ebher\u00eb nga vjen mandati i tij? Qytetare dhe qyetar\u00eb shqiptar\u00eb, mandati i tij vjen nga korrupsioni, vjen nga korrupsioni, vjen nga korrupsioni.<\/p>\n<p>Aleksis Soros dhe i ati i tij jan\u00eb promotor\u00eb kryesor\u00eb t\u00eb korrupsionit politik, q\u00eb blejn\u00eb politikan\u00eb me qese parash.<\/p>\n<p>Thirrja ime p\u00ebr Kongresin e SHBA, t\u00eb hetoj\u00eb lidhjet e tij me Shqip\u00ebrin\u00eb p\u00ebr t\u00eb kuptuar se \u00e7far\u00eb p\u00ebrfaq\u00ebson Aleksis Soros.<\/p>\n<p>Thirrja ime p\u00ebr Parlamentin Europian, p\u00ebr Komisionin Europian, t\u00eb hetoj\u00eb lidhjet e tij me Shqip\u00ebrin\u00eb dhe rajonin.<\/p>\n<p>Nga buron mandati i tij? Si ka mund\u00ebsi?<\/p>\n<p>Pse i shtroj un\u00eb k\u00ebto? I shtroj k\u00ebto se pa nj\u00eb mandat ai nuk mund t\u00eb jet\u00eb kurr\u00eb n\u00eb nj\u00eb samit.<\/p>\n<p>I shtroj se ai \u00ebsht\u00eb faktuar nj\u00eb mb\u00ebshtet\u00ebs pa kushte i Edi Ram\u00ebs.<\/p>\n<p>I shtroj k\u00ebto se lidhjet e tij me Shqip\u00ebrin\u00eb flitet se jan\u00eb nga m\u00eb t\u00eb pistat n\u00eb bot\u00eb.<\/p>\n<p>Sepse demokracia n\u00eb k\u00ebt\u00eb vend po vuan p\u00ebr shkak t\u00eb mbrojtjes s\u00eb i b\u00ebn brenda n\u00eb Shqip\u00ebri dhe jasht\u00eb Edi Ram\u00ebs, Erion Veliajt dhe organizat\u00ebs s\u00eb tyre kriminale.<\/p>\n<p>E mbyll k\u00ebt\u00eb fjal\u00eb para jush luft\u00ebtar\u00eb t\u00eb s\u00eb v\u00ebrtet\u00ebs, cilido q\u00eb t\u00eb takoni, mos u lodhni kurr\u00eb s\u00eb p\u00ebrs\u00ebrituri se e v\u00ebrteta t\u00eb b\u00ebn t\u00eb lir\u00eb. E v\u00ebrteta t\u00eb b\u00ebn t\u00eb lir\u00eb. E v\u00ebrteta t\u00eb b\u00ebn t\u00eb lir\u00eb.<\/p>\n<p>Nderim p\u00ebr ju!<\/p>\n<p>Rrofshi ju, rroft\u00eb opozita, rroft\u00eb Shqip\u00ebria\u201d, p\u00ebrfundoi Berisha.<\/p>\n","protected":false},"excerpt":{"rendered":"<p>Duke komentuar rolin e Aleksis Soros n\u00eb takimet n\u00eb Tiran\u00eb, kryetari i Partis\u00eb Demokratike, Sali Berisha, i b\u00ebri thirrje s\u00ebrish kongresit t\u00eb SHBA-s\u00eb q\u00eb t\u00eb hetoj\u00eb lidhjet e tij me Shqip\u00ebrin\u00eb. Sipas Berish\u00ebs, mandati i Sorosit buron vet\u00ebm nga korrupsioni. \u201cJu jeni d\u00ebshmitar\u00eb se un\u00eb p\u00ebr asgj\u00eb personale, por absolutisht vet\u00ebm p\u00ebr ato interesa q\u00eb &hellip;<\/p>\n","protected":false},"author":4,"featured_media":72228,"comment_status":"closed","ping_status":"closed","sticky":false,"template":"","format":"standard","meta":{"footnotes":""},"categories":[37],"tags":[],"class_list":["post-72649","post","type-post","status-publish","format-standard","has-post-thumbnail","","category-politike"],"_links":{"self":[{"href":"https:\/\/rdnews.al\/index.php\/wp-json\/wp\/v2\/posts\/72649","targetHints":{"allow":["GET"]}}],"collection":[{"href":"https:\/\/rdnews.al\/index.php\/wp-json\/wp\/v2\/posts"}],"about":[{"href":"https:\/\/rdnews.al\/index.php\/wp-json\/wp\/v2\/types\/post"}],"author":[{"embeddable":true,"href":"https:\/\/rdnews.al\/index.php\/wp-json\/wp\/v2\/users\/4"}],"replies":[{"embeddable":true,"href":"https:\/\/rdnews.al\/index.php\/wp-json\/wp\/v2\/comments?post=72649"}],"version-history":[{"count":0,"href":"https:\/\/rdnews.al\/index.php\/wp-json\/wp\/v2\/posts\/72649\/revisions"}],"wp:featuredmedia":[{"embeddable":true,"href":"https:\/\/rdnews.al\/index.php\/wp-json\/wp\/v2\/media\/72228"}],"wp:attachment":[{"href":"https:\/\/rdnews.al\/index.php\/wp-json\/wp\/v2\/media?parent=72649"}],"wp:term":[{"taxonomy":"category","embeddable":true,"href":"https:\/\/rdnews.al\/index.php\/wp-json\/wp\/v2\/categories?post=72649"},{"taxonomy":"post_tag","embeddable":true,"href":"https:\/\/rdnews.al\/index.php\/wp-json\/wp\/v2\/tags?post=72649"}],"curies":[{"name":"wp","href":"https:\/\/api.w.org\/{rel}","templated":true}]}}