{"id":72665,"date":"2024-03-01T09:39:49","date_gmt":"2024-03-01T09:39:49","guid":{"rendered":"https:\/\/rdnews.al\/?p=72665"},"modified":"2024-03-01T09:40:45","modified_gmt":"2024-03-01T09:40:45","slug":"cfare-afere-te-qelbur-do-te-mbylle-kete-here","status":"publish","type":"post","link":"https:\/\/rdnews.al\/index.php\/2024\/03\/01\/cfare-afere-te-qelbur-do-te-mbylle-kete-here\/","title":{"rendered":"\u00c7far\u00eb afere t\u00eb qelbur do t\u00eb mbyll\u00eb k\u00ebt\u00eb her\u00eb&#8230;"},"content":{"rendered":"<p>Deputeti i PD, Edi Paloka ka reaguar pas publikimit t\u00eb lajmit se, kryeministri Edi Rama udh\u00ebtoi drejt Azerbajxhanit me \u00e7arterin privat t\u00eb nj\u00eb kompanie biznesi.<\/p>\n<p>\u201cVet\u00ebm nj\u00eb si Rama, t\u00eb qenit kryeministri m\u00eb i korruptuar n\u00eb Evrop\u00eb, e p\u00ebrplas me arroganc\u00eb n\u00eb publik!<\/p>\n<p>P\u00ebr \u00e7do vend tjet\u00ebr normal, udh\u00ebtimi i nj\u00eb kryeministri me \u00e7arter t\u00eb nj\u00eb kompanie biznesi, do t\u00eb ishte skandal q\u00eb minimalisht do \u00e7onte n\u00eb shkarkim t\u00eb tij.<\/p>\n<p>Imagjinoni q\u00eb kjo ka b\u00ebr\u00eb p\u00ebrshtypje dhe n\u00eb nj\u00eb vend si Azerbajxhani\u2026!<\/p>\n<p>\u00c7far\u00eb afere t\u00eb qelbur do t\u00eb mbyll\u00eb k\u00ebt\u00eb her\u00eb (se q\u00eb ka marr\u00eb rrug\u00ebn thjesht p\u00ebr t\u00eb inauguruar ambasad\u00ebn, k\u00ebt\u00eb vet\u00ebm nj\u00eb idiot e beson)?\u201d, shkruan Paloka.<\/p>\n","protected":false},"excerpt":{"rendered":"<p>Deputeti i PD, Edi Paloka ka reaguar pas publikimit t\u00eb lajmit se, kryeministri Edi Rama udh\u00ebtoi drejt Azerbajxhanit me \u00e7arterin privat t\u00eb nj\u00eb kompanie biznesi. \u201cVet\u00ebm nj\u00eb si Rama, t\u00eb qenit kryeministri m\u00eb i korruptuar n\u00eb Evrop\u00eb, e p\u00ebrplas me arroganc\u00eb n\u00eb publik! P\u00ebr \u00e7do vend tjet\u00ebr normal, udh\u00ebtimi i nj\u00eb kryeministri me \u00e7arter t\u00eb &hellip;<\/p>\n","protected":false},"author":4,"featured_media":0,"comment_status":"closed","ping_status":"closed","sticky":false,"template":"","format":"standard","meta":{"footnotes":""},"categories":[37],"tags":[],"class_list":["post-72665","post","type-post","status-publish","format-standard","","category-politike"],"_links":{"self":[{"href":"https:\/\/rdnews.al\/index.php\/wp-json\/wp\/v2\/posts\/72665","targetHints":{"allow":["GET"]}}],"collection":[{"href":"https:\/\/rdnews.al\/index.php\/wp-json\/wp\/v2\/posts"}],"about":[{"href":"https:\/\/rdnews.al\/index.php\/wp-json\/wp\/v2\/types\/post"}],"author":[{"embeddable":true,"href":"https:\/\/rdnews.al\/index.php\/wp-json\/wp\/v2\/users\/4"}],"replies":[{"embeddable":true,"href":"https:\/\/rdnews.al\/index.php\/wp-json\/wp\/v2\/comments?post=72665"}],"version-history":[{"count":0,"href":"https:\/\/rdnews.al\/index.php\/wp-json\/wp\/v2\/posts\/72665\/revisions"}],"wp:attachment":[{"href":"https:\/\/rdnews.al\/index.php\/wp-json\/wp\/v2\/media?parent=72665"}],"wp:term":[{"taxonomy":"category","embeddable":true,"href":"https:\/\/rdnews.al\/index.php\/wp-json\/wp\/v2\/categories?post=72665"},{"taxonomy":"post_tag","embeddable":true,"href":"https:\/\/rdnews.al\/index.php\/wp-json\/wp\/v2\/tags?post=72665"}],"curies":[{"name":"wp","href":"https:\/\/api.w.org\/{rel}","templated":true}]}}