{"id":72679,"date":"2024-03-01T10:51:23","date_gmt":"2024-03-01T10:51:23","guid":{"rendered":"https:\/\/rdnews.al\/?p=72679"},"modified":"2024-03-01T10:51:23","modified_gmt":"2024-03-01T10:51:23","slug":"edhe-nese-i-pyet-se-cila-ka-qene-tema-e-samiteve-nuk-e-mbajne-mend","status":"publish","type":"post","link":"https:\/\/rdnews.al\/index.php\/2024\/03\/01\/edhe-nese-i-pyet-se-cila-ka-qene-tema-e-samiteve-nuk-e-mbajne-mend\/","title":{"rendered":"Edhe n\u00ebse i pyet se cila ka qen\u00eb tema e &#8220;samiteve&#8221;&#8230; nuk e mbajn\u00eb mend!"},"content":{"rendered":"<p><strong>Gent STRAZIMIRI<\/strong><\/p>\n<p>&#8220;Pas k\u00ebtij samiti, Shqip\u00ebria ka nj\u00eb pesh\u00eb tjet\u00ebr n\u00eb aren\u00ebn nd\u00ebrkomb\u00ebtare&#8221; (e ka n\u00eb kuptimin q\u00eb \u00ebsht\u00eb b\u00ebr\u00eb m\u00eb e r\u00ebnd\u00eb)&#8230;<\/p>\n<p>&#8220;I vetmi sukses i k\u00ebsaj qeverie n\u00eb k\u00ebto 10 vite, \u00ebsht\u00eb politika e jashtme&#8221;, thot\u00eb ky tjetri&#8230;<\/p>\n<p>Jan\u00eb cop\u00ebza titrash e sinkronesh gjat\u00eb nj\u00eb l\u00ebvizjeje t\u00eb pultit t\u00eb televizorit&#8230;<\/p>\n<p>Nj\u00ebri q\u00ebnk\u00ebsh &#8220;ekspert i marr\u00ebdh\u00ebnieve nd\u00ebrkomb\u00ebtare&#8221;&#8230;(?!)<\/p>\n<p>Tjetri drejtues i nj\u00eb gazete q\u00eb nuk e kam d\u00ebgjuar ndonj\u00ebher\u00eb&#8230; (?!)<\/p>\n<p>T\u00eb pakt\u00ebn k\u00ebshtu shkruanin titrat posht\u00eb&#8230;<\/p>\n<p>Problemi \u00ebsht\u00eb se nuk duket ta ken\u00eb me porosi, si r\u00ebndom, prej pronarit respektiv t\u00eb televizionit nga ku flasin&#8230;<\/p>\n<p>Situata \u00ebsht\u00eb edhe m\u00eb keq akoma: duket qart\u00eb q\u00eb besojn\u00eb v\u00ebrtet\u00eb&#8230;<\/p>\n<p>Se \u00e7&#8217;pesh\u00eb n\u00eb politik\u00ebn e jashtme ka, e \u00e7&#8217;sukses ka korrur n\u00eb 10 vitet e fundit nj\u00eb qeveri q\u00eb nuk po hap dot as negociatat me BE kur i gjet\u00ebn t\u00eb gjitha gati k\u00ebtu e 11 vjet m\u00eb par\u00eb, kjo mbetet e paqart\u00eb&#8230;?! Nuk e shpjegojn\u00eb!<\/p>\n<p>Se \u00e7&#8217;dokument q\u00eb ka b\u00ebr\u00eb histori \u00ebsht\u00eb firmosur n\u00eb Tiran\u00eb nd\u00ebrkoh\u00eb, megjith\u00eb k\u00ebto ecejake jabanxhinjsh&#8230; edhe k\u00ebt\u00eb nuk po e thon\u00eb&#8230;<\/p>\n<p>Jam i bindur se edhe n\u00ebse i pyet se cila ka qen\u00eb tema e &#8220;samiteve&#8221;&#8230; nuk e mbajn\u00eb mend (dhe k\u00ebtu nuk kan\u00eb faj se nuk ka patur gj\u00eb p\u00ebr t\u00eb mbajtur mend)&#8230;<\/p>\n<p>Ajo q\u00eb mbetet nga e gjith\u00eb kjo &#8220;analiz\u00eb&#8221; \u00ebsht\u00eb fakti i trisht\u00eb se p\u00ebr k\u00ebta, &#8220;suksesi&#8221; dhe &#8220;pesha&#8221; n\u00eb politik\u00ebn nd\u00ebrkomb\u00ebtare \u00ebsht\u00eb ai tapeti i kuq q\u00eb ky e zhvendos sa tek Stadiumi, tek Piramida e tek Pallati i Kongreseve&#8230;<\/p>\n<p>Po b\u00ebri edhe ndonj\u00eb vagabondll\u00ebk me ndonj\u00eb prej t\u00eb pranish\u00ebmve, &#8220;suksesi&#8221; dhe &#8220;pesha&#8221; rriten, sepse ky \u00ebsht\u00eb edhe &#8220;trendy&#8221;&#8230;<\/p>\n<p>Dometh\u00ebn\u00eb, nj\u00eb lloj &#8220;cirku n\u00eb fshat&#8221;, i b\u00ebr\u00eb enkas p\u00ebr rural\u00ebt e frustuar, t\u00eb bullizuar, q\u00eb b\u00ebjn\u00eb gar\u00eb n\u00ebp\u00ebr studio me keqkuptimin se duke e l\u00ebvduar me zell d\u00ebshmojn\u00eb se jan\u00eb b\u00ebr\u00eb edhe k\u00ebta &#8220;\u00e7una Tirone&#8221;&#8230; si &#8220;Ai&#8221;&#8230;<\/p>\n<p>E keqja \u00ebsht\u00eb se po i ec\u00ebn!<\/p>\n<p>Paburr\u00ebria e atyre q\u00eb kan\u00eb mend mjaftuesh\u00ebm p\u00ebr ta kuptuar dhe analizuar, por q\u00eb refuzojn\u00eb se kan\u00eb frik\u00eb ta thon\u00eb publikisht, u le vendin n\u00ebp\u00ebr studio k\u00ebtyre kooperativist\u00ebve t\u00eb mbytur n\u00eb komplekse, e q\u00eb mendojn\u00eb se duke e adhuruar publikisht &#8220;cirkun&#8221; b\u00ebjn\u00eb edhe nj\u00eb &#8220;upgrade&#8221; n\u00eb k\u00ebt\u00eb ish-qytet q\u00eb, Tiran\u00eb i ka mbetur vet\u00ebm emri&#8230;<\/p>\n<p>Q\u00eb e kan\u00eb varf\u00ebruar e denatyruar n\u00eb mendje e cip\u00eb qytetarie, aq sa \u00e7&#8217;e kan\u00eb p\u00ebrdhunuar me kulla kokaine q\u00eb shtohen \u00e7do dit\u00eb megjith\u00ebse askush nuk afrohet t&#8217;i blej\u00eb&#8230;<\/p>\n<p>Jan\u00eb pasqyr\u00eb e nj\u00ebra-tjetr\u00ebs&#8230;<\/p>\n<p>Deri n\u00eb zgjidhjen e k\u00ebtij keqkuptimi, &#8220;suksesi&#8221; dhe &#8220;pesha&#8221; n\u00eb diplomacin\u00eb nd\u00ebrkomb\u00ebtare e Shqip\u00ebris\u00eb do t\u00eb mbetet fakti se cilido nga ata q\u00eb na vizitojn\u00eb do vazhdoj\u00eb t\u00eb na thot\u00eb se sa mir\u00eb jemi, jo sa mir\u00eb do b\u00ebhemi&#8230;<\/p>\n<p>KAQ!<\/p>\n<p><img loading=\"lazy\" decoding=\"async\" class=\"alignnone size-medium wp-image-72680\" src=\"https:\/\/rdnews.al\/wp-content\/uploads\/2024\/03\/w-300x225.jpg\" alt=\"\" width=\"300\" height=\"225\" srcset=\"https:\/\/rdnews.al\/wp-content\/uploads\/2024\/03\/w-300x225.jpg 300w, https:\/\/rdnews.al\/wp-content\/uploads\/2024\/03\/w-1024x768.jpg 1024w, https:\/\/rdnews.al\/wp-content\/uploads\/2024\/03\/w-768x576.jpg 768w, https:\/\/rdnews.al\/wp-content\/uploads\/2024\/03\/w.jpg 1080w\" sizes=\"auto, (max-width: 300px) 100vw, 300px\" \/><\/p>\n","protected":false},"excerpt":{"rendered":"<p>Gent STRAZIMIRI &#8220;Pas k\u00ebtij samiti, Shqip\u00ebria ka nj\u00eb pesh\u00eb tjet\u00ebr n\u00eb aren\u00ebn nd\u00ebrkomb\u00ebtare&#8221; (e ka n\u00eb kuptimin q\u00eb \u00ebsht\u00eb b\u00ebr\u00eb m\u00eb e r\u00ebnd\u00eb)&#8230; &#8220;I vetmi sukses i k\u00ebsaj qeverie n\u00eb k\u00ebto 10 vite, \u00ebsht\u00eb politika e jashtme&#8221;, thot\u00eb ky tjetri&#8230; Jan\u00eb cop\u00ebza titrash e sinkronesh gjat\u00eb nj\u00eb l\u00ebvizjeje t\u00eb pultit t\u00eb televizorit&#8230; Nj\u00ebri q\u00ebnk\u00ebsh &#8220;ekspert &hellip;<\/p>\n","protected":false},"author":4,"featured_media":0,"comment_status":"closed","ping_status":"closed","sticky":false,"template":"","format":"standard","meta":{"footnotes":""},"categories":[44],"tags":[],"class_list":["post-72679","post","type-post","status-publish","format-standard","","category-editorial"],"_links":{"self":[{"href":"https:\/\/rdnews.al\/index.php\/wp-json\/wp\/v2\/posts\/72679","targetHints":{"allow":["GET"]}}],"collection":[{"href":"https:\/\/rdnews.al\/index.php\/wp-json\/wp\/v2\/posts"}],"about":[{"href":"https:\/\/rdnews.al\/index.php\/wp-json\/wp\/v2\/types\/post"}],"author":[{"embeddable":true,"href":"https:\/\/rdnews.al\/index.php\/wp-json\/wp\/v2\/users\/4"}],"replies":[{"embeddable":true,"href":"https:\/\/rdnews.al\/index.php\/wp-json\/wp\/v2\/comments?post=72679"}],"version-history":[{"count":0,"href":"https:\/\/rdnews.al\/index.php\/wp-json\/wp\/v2\/posts\/72679\/revisions"}],"wp:attachment":[{"href":"https:\/\/rdnews.al\/index.php\/wp-json\/wp\/v2\/media?parent=72679"}],"wp:term":[{"taxonomy":"category","embeddable":true,"href":"https:\/\/rdnews.al\/index.php\/wp-json\/wp\/v2\/categories?post=72679"},{"taxonomy":"post_tag","embeddable":true,"href":"https:\/\/rdnews.al\/index.php\/wp-json\/wp\/v2\/tags?post=72679"}],"curies":[{"name":"wp","href":"https:\/\/api.w.org\/{rel}","templated":true}]}}