{"id":72689,"date":"2024-03-01T11:32:30","date_gmt":"2024-03-01T11:32:30","guid":{"rendered":"https:\/\/rdnews.al\/?p=72689"},"modified":"2024-03-01T11:32:30","modified_gmt":"2024-03-01T11:32:30","slug":"darka-e-fundit-e-macron-me-mbappe","status":"publish","type":"post","link":"https:\/\/rdnews.al\/index.php\/2024\/03\/01\/darka-e-fundit-e-macron-me-mbappe\/","title":{"rendered":"Darka e fundit e Macron me Mbappe"},"content":{"rendered":"<p>Emmanuel Macron \u00ebsht\u00eb nj\u00eb tifoz i madh i futbollit. PSG, skuadra e tij e zemr\u00ebs, do t\u00eb humbas\u00eb sh\u00ebrbimet e Kylian Mbappe n\u00eb fundin e sezonit. Me sulmuesin q\u00eb do t\u00eb vijoj\u00eb karrier\u00ebn te Reali i Madridit.<\/p>\n<p>Fakt q\u00eb e ka pranuar edhe presidenti i Republik\u00ebs s\u00eb Franc\u00ebs. Edhe pse n\u00eb disa raste ka tentuar ta bind\u00eb q\u00eb t\u00eb rinovoj\u00eb dhe t\u00eb mos largohet nga \u201cParc des Princes\u201d.<\/p>\n<p>S\u00ebfundmi pati nj\u00eb tjet\u00ebr bised\u00eb me 24-vje\u00e7arin gjat\u00eb dark\u00ebs s\u00eb para dy dit\u00ebve, rreth s\u00eb cil\u00ebs p\u00ebr L\u2019Equipe u shpreh se nuk provoi t\u2019i ndryshonte mendimin \u201cyllit\u201d francez.<\/p>\n<p>\u201c<strong>A ishte nj\u00eb dark\u00eb p\u00ebr ta mbajtur te PSG-ja?<\/strong>\u00a0<em>Jo, aspak. Nuk ka patur asnj\u00eb diskutim p\u00ebr k\u00ebt\u00eb tem\u00eb, \u00ebsht\u00eb detyra e drejtuesve t\u00eb klubit t\u00eb merren me nj\u00eb gj\u00eb t\u00eb till\u00eb.<\/em><\/p>\n<p><em>Ishte normale q\u00eb Mbappe t\u00eb ishte pjes\u00eb e dark\u00ebs, ai \u00ebsht\u00eb nj\u00eb kampion i madh q\u00eb dha kontribut n\u00eb rrug\u00ebtimin e ekipit komb\u00ebtar n\u00eb Bot\u00ebrorin e Katarit.<\/em><\/p>\n<p><em>Gjithashtu ka meritat e tij n\u00eb sukseset e PSG-s\u00eb gjat\u00eb 7 viteve t\u00eb fundit. Mendoj se t\u00eb gjith\u00eb francez\u00ebt e admirojn\u00eb k\u00ebt\u00eb futbollist t\u00eb madh, por e p\u00ebrs\u00ebris q\u00eb nuk fol\u00ebm p\u00ebr t\u00eb ardhmen e tij<\/em>\u201d, u shpreh Macron.<\/p>\n","protected":false},"excerpt":{"rendered":"<p>Emmanuel Macron \u00ebsht\u00eb nj\u00eb tifoz i madh i futbollit. PSG, skuadra e tij e zemr\u00ebs, do t\u00eb humbas\u00eb sh\u00ebrbimet e Kylian Mbappe n\u00eb fundin e sezonit. Me sulmuesin q\u00eb do t\u00eb vijoj\u00eb karrier\u00ebn te Reali i Madridit. Fakt q\u00eb e ka pranuar edhe presidenti i Republik\u00ebs s\u00eb Franc\u00ebs. Edhe pse n\u00eb disa raste ka tentuar &hellip;<\/p>\n","protected":false},"author":4,"featured_media":72687,"comment_status":"closed","ping_status":"closed","sticky":false,"template":"","format":"standard","meta":{"footnotes":""},"categories":[39],"tags":[],"class_list":["post-72689","post","type-post","status-publish","format-standard","has-post-thumbnail","","category-sport"],"_links":{"self":[{"href":"https:\/\/rdnews.al\/index.php\/wp-json\/wp\/v2\/posts\/72689","targetHints":{"allow":["GET"]}}],"collection":[{"href":"https:\/\/rdnews.al\/index.php\/wp-json\/wp\/v2\/posts"}],"about":[{"href":"https:\/\/rdnews.al\/index.php\/wp-json\/wp\/v2\/types\/post"}],"author":[{"embeddable":true,"href":"https:\/\/rdnews.al\/index.php\/wp-json\/wp\/v2\/users\/4"}],"replies":[{"embeddable":true,"href":"https:\/\/rdnews.al\/index.php\/wp-json\/wp\/v2\/comments?post=72689"}],"version-history":[{"count":0,"href":"https:\/\/rdnews.al\/index.php\/wp-json\/wp\/v2\/posts\/72689\/revisions"}],"wp:featuredmedia":[{"embeddable":true,"href":"https:\/\/rdnews.al\/index.php\/wp-json\/wp\/v2\/media\/72687"}],"wp:attachment":[{"href":"https:\/\/rdnews.al\/index.php\/wp-json\/wp\/v2\/media?parent=72689"}],"wp:term":[{"taxonomy":"category","embeddable":true,"href":"https:\/\/rdnews.al\/index.php\/wp-json\/wp\/v2\/categories?post=72689"},{"taxonomy":"post_tag","embeddable":true,"href":"https:\/\/rdnews.al\/index.php\/wp-json\/wp\/v2\/tags?post=72689"}],"curies":[{"name":"wp","href":"https:\/\/api.w.org\/{rel}","templated":true}]}}