{"id":72716,"date":"2024-03-01T17:26:05","date_gmt":"2024-03-01T17:26:05","guid":{"rendered":"https:\/\/rdnews.al\/?p=72716"},"modified":"2024-03-01T19:02:21","modified_gmt":"2024-03-01T19:02:21","slug":"shperthimi-ne-pronen-e-deputetit-te-ps-2-te-vrare-8-te-plagosur","status":"publish","type":"post","link":"https:\/\/rdnews.al\/index.php\/2024\/03\/01\/shperthimi-ne-pronen-e-deputetit-te-ps-2-te-vrare-8-te-plagosur\/","title":{"rendered":"Shp\u00ebrthimi n\u00eb pron\u00ebn e deputetit t\u00eb PS, 2 t\u00eb vrar\u00eb, 7 t\u00eb plagosur"},"content":{"rendered":"<p>Dy t\u00eb vdekur dhe 8 t\u00eb plagosur, mes tyre deputeti socialist Bujar \u00c7ela, \u00ebsht\u00eb bilanci i nj\u00eb shp\u00ebrthimi t\u00eb ndodhur k\u00ebt\u00eb pasdite n\u00eb nj\u00eb magazin\u00eb, pron\u00eb e deputetit t\u00eb PS, Bujar \u00c7ela n\u00eb Lushnje. Ngjarja ndodhi rreth or\u00ebs 15:30 tek \u201crreth-rrotullimi i Plasmasit\u201d, n\u00eb zon\u00ebn industriale t\u00eb qytetit.<\/p>\n<p>Zyrtarisht, policia lokale b\u00ebri me dije se, \u201cn\u00eb nj\u00eb kapanon n\u00eb nd\u00ebrtim, dyshohet se gjat\u00eb pun\u00ebs, nj\u00eb vin\u00e7ier duke drejtuar nj\u00eb vin\u00e7, aksidentalisht ka prekur linj\u00ebn e tensionit t\u00eb lart\u00eb dhe p\u00ebr rrjedhoj\u00eb ka ndodhur nj\u00eb shp\u00ebrthim i fuqish\u00ebm\u201d.<\/p>\n<p>Si pasoj\u00eb e shp\u00ebrthimit humbi jet\u00ebn drejtuesi i vin\u00e7it, Landi Ver\u00e7ani (Hoxha) dhe djali i tij, Elidon Hoxha, 24 vje\u00e7, i cili megjith\u00eb nd\u00ebrhyrjen e mjek\u00ebve n\u00eb spital nuk mundi t\u00eb mbijetoj\u00eb. Po ashtu kan\u00eb mbetur edhe 7 t\u00eb plagosur.<\/p>\n<p>Mes t\u00eb plagosurve \u00ebsht\u00eb dhe deputeti i Partis\u00eb Socialiste, Bujar \u00c7ela, i cili sipas informacioneve \u00ebsht\u00eb pronar\u00eb i magazin\u00ebs ku ndodhi shp\u00ebrthimi. Ligjv\u00ebn\u00ebsi i \u00ebsht\u00eb n\u00ebnshtruar nj\u00eb nd\u00ebrhyrje kirurgjikale dhe sipas burimeve spitalore gjendja e tij tanim\u00eb \u00ebsht\u00eb stabilizuar dhe ndodhet jasht\u00eb rrezikut p\u00ebr jet\u00ebn.<\/p>\n<p>Sipas t\u00eb nj\u00ebjtave burime, kat\u00ebr prej t\u00eb plagosurve jan\u00eb transportuar drejt spitalit t\u00eb \u201cTraum\u00ebs\u201d n\u00eb Tiran\u00eb, p\u00ebr mjekim m\u00eb t\u00eb specializuar. N\u00eb ndihm\u00eb t\u00eb mjek\u00ebve reanimator\u00eb, n\u00eb spitalin e Lushnjes kan\u00eb shkuar dhe koleg\u00eb nga spitali i Fierit dhe ai i Beratit.<\/p>\n<p>Shp\u00ebrthimi, sipas d\u00ebshmive t\u00eb banor\u00ebve, raportohet t\u00eb jet\u00eb d\u00ebgjuar i fuqish\u00ebm deri n\u00eb Kavaj\u00eb. D\u00ebme materiale jan\u00eb shkaktuar dhe n\u00eb bizneset e tjera pran\u00eb vatr\u00ebs s\u00eb shp\u00ebrthimit. N\u00eb disa prej tyre ka pasur thyerje t\u00eb xhamave.<\/p>\n<p><img loading=\"lazy\" decoding=\"async\" class=\"alignnone size-medium wp-image-72720\" src=\"https:\/\/rdnews.al\/wp-content\/uploads\/2024\/03\/luuu-300x90.jpg\" alt=\"\" width=\"300\" height=\"90\" srcset=\"https:\/\/rdnews.al\/wp-content\/uploads\/2024\/03\/luuu-300x90.jpg 300w, https:\/\/rdnews.al\/wp-content\/uploads\/2024\/03\/luuu.jpg 640w\" sizes=\"auto, (max-width: 300px) 100vw, 300px\" \/><br \/>\n<em>Magazina e deputetit t\u00eb PS ku ndodhi shp\u00ebrthimi<\/em><\/p>\n<p>Burime nga vendi i ngjarjes b\u00ebn\u00eb t\u00eb ditur se, shp\u00ebrthimi ndodhi n\u00eb pron\u00ebn e deputetit t\u00eb PS, Bujar \u00c7ela. Sipas t\u00eb dh\u00ebnave paraprake vin\u00e7i q\u00eb po kryente punimet n\u00eb pron\u00ebn e deputetit t\u00eb PS ka b\u00ebr\u00eb kontakt me tensionin e lart\u00eb 20 mij\u00eb volt dhe p\u00ebr k\u00ebt\u00eb shkak ka ndodhur edhe shp\u00ebrthimi i fuqish\u00ebm.<\/p>\n<p>K\u00ebt\u00eb fakt e pohoi edhe ministri Balla. \u201cN\u00eb zon\u00ebn industriale t\u00eb Lushnjes pran\u00eb nj\u00eb kompleksi magazinash dyshohet se ndodhi nj\u00eb shp\u00ebrthim i shkaktuar ndoshta nga kontakti me linj\u00ebn e tensionit t\u00eb lart\u00eb q\u00eb m\u00eb pas ka shkarkuar rrym\u00ebn dhe ka sjell\u00eb shp\u00ebrthimin e nj\u00eb ekskavatori, drejtuesi i t\u00eb cilit ka humbur menj\u00ebher\u00eb jet\u00ebn. \u00cbsht\u00eb plagosur r\u00ebnd\u00eb nj\u00eb tjet\u00ebr person q\u00eb gjendej aty pran\u00eb i cili dyshohet se \u00ebsht\u00eb i biri i viktim\u00ebs\u201d, tha Balla.<\/p>\n<p><img loading=\"lazy\" decoding=\"async\" class=\"alignnone size-medium wp-image-72721\" src=\"https:\/\/rdnews.al\/wp-content\/uploads\/2024\/03\/lush-300x225.jpg\" alt=\"\" width=\"300\" height=\"225\" srcset=\"https:\/\/rdnews.al\/wp-content\/uploads\/2024\/03\/lush-300x225.jpg 300w, https:\/\/rdnews.al\/wp-content\/uploads\/2024\/03\/lush.jpg 640w\" sizes=\"auto, (max-width: 300px) 100vw, 300px\" \/><\/p>\n","protected":false},"excerpt":{"rendered":"<p>Dy t\u00eb vdekur dhe 8 t\u00eb plagosur, mes tyre deputeti socialist Bujar \u00c7ela, \u00ebsht\u00eb bilanci i nj\u00eb shp\u00ebrthimi t\u00eb ndodhur k\u00ebt\u00eb pasdite n\u00eb nj\u00eb magazin\u00eb, pron\u00eb e deputetit t\u00eb PS, Bujar \u00c7ela n\u00eb Lushnje. Ngjarja ndodhi rreth or\u00ebs 15:30 tek \u201crreth-rrotullimi i Plasmasit\u201d, n\u00eb zon\u00ebn industriale t\u00eb qytetit. Zyrtarisht, policia lokale b\u00ebri me dije se, &hellip;<\/p>\n","protected":false},"author":4,"featured_media":72717,"comment_status":"closed","ping_status":"closed","sticky":false,"template":"","format":"standard","meta":{"footnotes":""},"categories":[37],"tags":[],"class_list":["post-72716","post","type-post","status-publish","format-standard","has-post-thumbnail","","category-politike"],"_links":{"self":[{"href":"https:\/\/rdnews.al\/index.php\/wp-json\/wp\/v2\/posts\/72716","targetHints":{"allow":["GET"]}}],"collection":[{"href":"https:\/\/rdnews.al\/index.php\/wp-json\/wp\/v2\/posts"}],"about":[{"href":"https:\/\/rdnews.al\/index.php\/wp-json\/wp\/v2\/types\/post"}],"author":[{"embeddable":true,"href":"https:\/\/rdnews.al\/index.php\/wp-json\/wp\/v2\/users\/4"}],"replies":[{"embeddable":true,"href":"https:\/\/rdnews.al\/index.php\/wp-json\/wp\/v2\/comments?post=72716"}],"version-history":[{"count":0,"href":"https:\/\/rdnews.al\/index.php\/wp-json\/wp\/v2\/posts\/72716\/revisions"}],"wp:featuredmedia":[{"embeddable":true,"href":"https:\/\/rdnews.al\/index.php\/wp-json\/wp\/v2\/media\/72717"}],"wp:attachment":[{"href":"https:\/\/rdnews.al\/index.php\/wp-json\/wp\/v2\/media?parent=72716"}],"wp:term":[{"taxonomy":"category","embeddable":true,"href":"https:\/\/rdnews.al\/index.php\/wp-json\/wp\/v2\/categories?post=72716"},{"taxonomy":"post_tag","embeddable":true,"href":"https:\/\/rdnews.al\/index.php\/wp-json\/wp\/v2\/tags?post=72716"}],"curies":[{"name":"wp","href":"https:\/\/api.w.org\/{rel}","templated":true}]}}