{"id":72749,"date":"2024-03-01T18:34:05","date_gmt":"2024-03-01T18:34:05","guid":{"rendered":"https:\/\/rdnews.al\/?p=72749"},"modified":"2024-03-01T18:34:05","modified_gmt":"2024-03-01T18:34:05","slug":"berisha-serbomadhi-i-beogradit-dhe-pashiqi-i-tiranes-konferencen-per-kosoven-e-donin-vetem-per-ta-ndare-ate","status":"publish","type":"post","link":"https:\/\/rdnews.al\/index.php\/2024\/03\/01\/berisha-serbomadhi-i-beogradit-dhe-pashiqi-i-tiranes-konferencen-per-kosoven-e-donin-vetem-per-ta-ndare-ate\/","title":{"rendered":"Berisha: Serbomadhi i Beogradit dhe Pashiqi i Tiran\u00ebs konferenc\u00ebn p\u00ebr Kosov\u00ebn, e donin vet\u00ebm p\u00ebr ta ndar\u00eb at\u00eb"},"content":{"rendered":"<p>Kreu i PD, Sali Berisha n\u00eb protest\u00ebn q\u00eb po zhvillohet kund\u00ebr arrestimit politik t\u00eb tij \u00ebsht\u00eb shprehur se dje po lexoja nj\u00eb lajm se ambasadori i SHBA-s\u00eb ju p\u00ebrgjigj Rashi\u00e7it, nj\u00eb eksponent t\u00eb List\u00ebs Serbe, harroje ndonj\u00ebher\u00eb at\u00eb konferenc\u00ebn nd\u00ebrkomb\u00ebtar\u00eb sepse Kosova \u00ebsht\u00eb dhe do t\u00eb jet\u00eb p\u00ebrjet\u00ebsisht e pavarur.<\/p>\n<p>\u201cT\u00eb dashur miq!<\/p>\n<p>U zhvillua dje takimi i 6 vendeve t\u00eb Ballkanit.<\/p>\n<p>Kosova nuk d\u00ebrgoi p\u00ebrfaq\u00ebsi.<\/p>\n<p>Dy muaj m\u00eb par\u00eb ky takim u zhvillua n\u00eb Shkup, ku Kosova u p\u00ebrfaq\u00ebsua nga kryeministri.<\/p>\n<p>N\u00eb Tiran\u00eb preferoi karrigen bosh dhe t\u00eb mos vij\u00eb.<\/p>\n<p>Por dje po lexoja nj\u00eb lajm se ambasadori i SHBA-s\u00eb ju p\u00ebrgjigj Rashi\u00e7it, nj\u00eb eksponent t\u00eb List\u00ebs Serbe, harroje ndonj\u00ebher\u00eb at\u00eb konferenc\u00ebn nd\u00ebrkomb\u00ebtar\u00eb sepse Kosova \u00ebsht\u00eb dhe do t\u00eb jet\u00eb p\u00ebrjet\u00ebsisht e pavarur.<\/p>\n<p>Miq!<\/p>\n<p>A ju kujtohet ju, thirrja periodike e Pashiqit t\u00eb Tiran\u00ebs, e k\u00ebtij tradhtari t\u00eb kombit shqiptar, q\u00eb t\u00eb mblidhet konferenc\u00eb nd\u00ebrkomb\u00ebtare p\u00ebr Kosov\u00ebn.<\/p>\n<p>Besoj se nuk e keni harruar.<\/p>\n<p>T\u00eb nj\u00ebjt\u00ebn gj\u00eb k\u00ebrkonte Beogradi, Moska. Por \u00e7far\u00eb nd\u00ebrkomb\u00ebtare do t\u00eb mblidhet p\u00ebr Kosov\u00ebn. Ishin mbledhur konferencat.<\/p>\n<p>E ka njohur gjykata e OKB-s\u00eb p\u00ebr pavar\u00ebsin\u00eb e saj, e kan\u00eb njohur 115 shtete.<\/p>\n<p>\u00c7far\u00eb e donte serbomadhi i Beogradit dhe Pashiqi i Tiran\u00ebs konferenc\u00ebn, e donin vet\u00ebm p\u00ebr t\u00eb ndar\u00eb Kosov\u00ebn. K\u00ebta armiq t\u00eb saj, por armiq t\u00eb paqes dhe stabilitetit t\u00eb rajonit.<\/p>\n<p>Kjo ishte arsyeja se pse dje ambasadori i SHBA-s\u00eb i dha p\u00ebrgjigje k\u00ebrkes\u00ebs p\u00ebr konferenc\u00eb nd\u00ebrkomb\u00ebtare, nj\u00eb k\u00ebrkes\u00eb sa e Mosk\u00ebs, aq e Beogradit dhe aq e Tiran\u00ebs, e k\u00ebtij vasali t\u00eb shpifur t\u00eb Vu\u00e7i\u00e7.<\/p>\n<p>Sa koh\u00eb do e durojm\u00eb ne k\u00ebt\u00eb njeri.<\/p>\n<p>Edhe sa koh\u00eb do t\u00eb posht\u00ebroj\u00eb me tutje k\u00ebt\u00eb vend ky njeri.<\/p>\n<p>Edhe sa koh\u00eb do t\u00eb n\u00ebp\u00ebrk\u00ebmb\u00eb interesat komb\u00ebtare ky njeri\u201d, tha Berisha.<\/p>\n","protected":false},"excerpt":{"rendered":"<p>Kreu i PD, Sali Berisha n\u00eb protest\u00ebn q\u00eb po zhvillohet kund\u00ebr arrestimit politik t\u00eb tij \u00ebsht\u00eb shprehur se dje po lexoja nj\u00eb lajm se ambasadori i SHBA-s\u00eb ju p\u00ebrgjigj Rashi\u00e7it, nj\u00eb eksponent t\u00eb List\u00ebs Serbe, harroje ndonj\u00ebher\u00eb at\u00eb konferenc\u00ebn nd\u00ebrkomb\u00ebtar\u00eb sepse Kosova \u00ebsht\u00eb dhe do t\u00eb jet\u00eb p\u00ebrjet\u00ebsisht e pavarur. \u201cT\u00eb dashur miq! U zhvillua &hellip;<\/p>\n","protected":false},"author":4,"featured_media":70432,"comment_status":"closed","ping_status":"closed","sticky":false,"template":"","format":"standard","meta":{"footnotes":""},"categories":[37],"tags":[],"class_list":["post-72749","post","type-post","status-publish","format-standard","has-post-thumbnail","","category-politike"],"_links":{"self":[{"href":"https:\/\/rdnews.al\/index.php\/wp-json\/wp\/v2\/posts\/72749","targetHints":{"allow":["GET"]}}],"collection":[{"href":"https:\/\/rdnews.al\/index.php\/wp-json\/wp\/v2\/posts"}],"about":[{"href":"https:\/\/rdnews.al\/index.php\/wp-json\/wp\/v2\/types\/post"}],"author":[{"embeddable":true,"href":"https:\/\/rdnews.al\/index.php\/wp-json\/wp\/v2\/users\/4"}],"replies":[{"embeddable":true,"href":"https:\/\/rdnews.al\/index.php\/wp-json\/wp\/v2\/comments?post=72749"}],"version-history":[{"count":0,"href":"https:\/\/rdnews.al\/index.php\/wp-json\/wp\/v2\/posts\/72749\/revisions"}],"wp:featuredmedia":[{"embeddable":true,"href":"https:\/\/rdnews.al\/index.php\/wp-json\/wp\/v2\/media\/70432"}],"wp:attachment":[{"href":"https:\/\/rdnews.al\/index.php\/wp-json\/wp\/v2\/media?parent=72749"}],"wp:term":[{"taxonomy":"category","embeddable":true,"href":"https:\/\/rdnews.al\/index.php\/wp-json\/wp\/v2\/categories?post=72749"},{"taxonomy":"post_tag","embeddable":true,"href":"https:\/\/rdnews.al\/index.php\/wp-json\/wp\/v2\/tags?post=72749"}],"curies":[{"name":"wp","href":"https:\/\/api.w.org\/{rel}","templated":true}]}}