{"id":72751,"date":"2024-03-01T18:44:33","date_gmt":"2024-03-01T18:44:33","guid":{"rendered":"https:\/\/rdnews.al\/?p=72751"},"modified":"2024-03-01T18:44:33","modified_gmt":"2024-03-01T18:44:33","slug":"berisha-kerkojme-qeveri-teknike-sepse-me-kete-njeri-nuk-ka-zgjedhje-sepse-eshte-armik-i-eger-i-votes","status":"publish","type":"post","link":"https:\/\/rdnews.al\/index.php\/2024\/03\/01\/berisha-kerkojme-qeveri-teknike-sepse-me-kete-njeri-nuk-ka-zgjedhje-sepse-eshte-armik-i-eger-i-votes\/","title":{"rendered":"Berisha: K\u00ebrkojm\u00eb qeveri teknike sepse me k\u00ebt\u00eb njeri nuk ka zgjedhje, sepse \u00ebsht\u00eb armik i eg\u00ebr i vot\u00ebs!"},"content":{"rendered":"<p>Kryetari i PD, Sali Berisha n\u00eb protest\u00ebn q\u00eb po zhvillohet kund\u00ebr arrestimit politik t\u00eb tij \u00ebsht\u00eb shprehur se n\u00ebse ne nuk shkojm\u00eb drejt zgjedhjeve t\u00eb lira, ne na pret shkat\u00ebrrimi komb\u00ebtar. Ne na pret zbrazja totale e Shqip\u00ebris\u00eb dhe Shqip\u00ebria shnd\u00ebrrohet gjith\u00e7ka n\u00eb parajs\u00ebn e krimit, t\u00eb drog\u00ebs, t\u00eb bajloz\u00ebve t\u00eb krimit dhe drog\u00ebs.<\/p>\n<p>\u201cNjer\u00ebz t\u00eb t\u00eb v\u00ebrtet\u00ebs ju, njer\u00ebz t\u00eb betej\u00ebs p\u00ebr t\u00eb v\u00ebrtetat.<\/p>\n<p>A ka t\u00eb v\u00ebrteta m\u00eb t\u00eb hidhura se vjedhja e tmerrshme q\u00eb Edi Rama u b\u00ebn shqiptar\u00ebve. Sikur t\u00eb ishte nj\u00eb qenie mitologjike, u gllab\u00ebron portin mij\u00ebravje\u00e7ar\u00eb, trash\u00ebgimni e qindra e qindra gjeneratave t\u00eb shqiptar\u00ebve, p\u00ebr ta shnd\u00ebrruar n\u00eb Dubain City t\u00eb tij.<\/p>\n<p>\u00c7far\u00eb mund ti b\u00ebj\u00eb Shqip\u00ebris\u00eb m\u00eb shum\u00eb ky njeri.<\/p>\n<p>\u00c7far\u00eb mund ti b\u00ebj\u00eb shqiptar\u00ebve ky njeri.<\/p>\n<p>A duhet ta durojm\u00eb m\u00eb tej ne k\u00ebt\u00eb person.<\/p>\n<p>A duhet t\u00eb p\u00ebrballemi ne me t\u00eb, dh\u00ebmb p\u00ebr dh\u00ebmb dhe ti tregojm\u00eb vendin.<\/p>\n<p>\u00c7far\u00eb k\u00ebrkojm\u00eb ne? Ne k\u00ebrkojm\u00eb qeveri teknike sepse me k\u00ebt\u00eb njeri nuk ka zgjedhje, sepse \u00ebsht\u00eb armik i eg\u00ebr i vot\u00ebs ton\u00eb, i opozit\u00ebs, i lirive, i dinjitetit t\u00eb shqiptar\u00ebve.<\/p>\n<p>\u00c7\u00ebshtja p\u00ebr ne \u00ebsht\u00eb \u2018t\u00eb jemi apo t\u00eb mos jemi\u2019.<\/p>\n<p>N\u00ebse ne nuk shkojm\u00eb drejt zgjedhjeve t\u00eb lira, ne na pret shkat\u00ebrrimi komb\u00ebtar. Ne na pret zbrazja totale e Shqip\u00ebris\u00eb dhe Shqip\u00ebria shnd\u00ebrrohet gjith\u00e7ka n\u00eb parajs\u00ebn e krimit, t\u00eb drog\u00ebs, t\u00eb bajloz\u00ebve t\u00eb krimit dhe drog\u00ebs.<\/p>\n<p>Ndaj si shqiptar\u00eb le ti l\u00ebm\u00eb t\u00eb gjitha bindjet politike, por geni yn\u00eb \u00ebsht\u00eb geni atdhetar.<\/p>\n<p>Le ti th\u00ebrrasim ne k\u00ebtij geni, t\u00eb bashkohemi.<\/p>\n<p>P\u00ebr \u00e7far\u00eb t\u00eb bashkohemi? Q\u00eb secili prej nesh pavar\u00ebsisht nga bindjet politike t\u00eb votoj\u00eb i lir\u00eb, me dinjitet, p\u00ebr at\u00eb q\u00eb do, t\u00eb mos pranoj\u00eb nd\u00ebrhyrjen e askujt, t\u00eb zgjedh\u00eb vet\u00eb njer\u00ebzit q\u00eb do, si njeri i qytet\u00ebruar.<\/p>\n<p>A do t\u00eb pranojm\u00eb ne kryeminist\u00ebr njeriun q\u00eb korrupton udh\u00ebheq\u00ebsit t\u00eb NATO-s, partnerit strategjik, kryezbuluesin dhe ai futet n\u00eb burg, kurse ky d\u00ebrd\u00ebllis se mbrohet nga mafia e Sorosit dhe mafiat e tjera.<\/p>\n<p>Jo more jo, do t\u00eb p\u00ebrgjigjet para nesh ai.<\/p>\n<p>Ndaj dhe n\u00eb k\u00ebt\u00eb 60 ditor le tu b\u00ebjm\u00eb thirrje s\u00eb bashku mbar\u00eb shqiptar\u00ebve, t\u00eb ngrihemi kudo q\u00eb jemi, n\u00eb \u00e7do rreth, n\u00eb \u00e7do qark, t\u00eb p\u00ebrballemi me k\u00ebt\u00eb armik t\u00eb qenies ton\u00eb, t\u00eb dinjitetit ton\u00eb, t\u00eb vot\u00ebs ton\u00eb, t\u00eb interesit komb\u00ebtar, t\u00eb lirive tona.<\/p>\n<p>Rrofshi ju, rroft\u00eb Shqip\u00ebria.<\/p>\n<p>Fitore, fitore, fitore\u201d, p\u00ebrfundoi Berisha.<\/p>\n","protected":false},"excerpt":{"rendered":"<p>Kryetari i PD, Sali Berisha n\u00eb protest\u00ebn q\u00eb po zhvillohet kund\u00ebr arrestimit politik t\u00eb tij \u00ebsht\u00eb shprehur se n\u00ebse ne nuk shkojm\u00eb drejt zgjedhjeve t\u00eb lira, ne na pret shkat\u00ebrrimi komb\u00ebtar. Ne na pret zbrazja totale e Shqip\u00ebris\u00eb dhe Shqip\u00ebria shnd\u00ebrrohet gjith\u00e7ka n\u00eb parajs\u00ebn e krimit, t\u00eb drog\u00ebs, t\u00eb bajloz\u00ebve t\u00eb krimit dhe drog\u00ebs. \u201cNjer\u00ebz &hellip;<\/p>\n","protected":false},"author":4,"featured_media":72235,"comment_status":"closed","ping_status":"closed","sticky":false,"template":"","format":"standard","meta":{"footnotes":""},"categories":[37],"tags":[],"class_list":["post-72751","post","type-post","status-publish","format-standard","has-post-thumbnail","","category-politike"],"_links":{"self":[{"href":"https:\/\/rdnews.al\/index.php\/wp-json\/wp\/v2\/posts\/72751","targetHints":{"allow":["GET"]}}],"collection":[{"href":"https:\/\/rdnews.al\/index.php\/wp-json\/wp\/v2\/posts"}],"about":[{"href":"https:\/\/rdnews.al\/index.php\/wp-json\/wp\/v2\/types\/post"}],"author":[{"embeddable":true,"href":"https:\/\/rdnews.al\/index.php\/wp-json\/wp\/v2\/users\/4"}],"replies":[{"embeddable":true,"href":"https:\/\/rdnews.al\/index.php\/wp-json\/wp\/v2\/comments?post=72751"}],"version-history":[{"count":0,"href":"https:\/\/rdnews.al\/index.php\/wp-json\/wp\/v2\/posts\/72751\/revisions"}],"wp:featuredmedia":[{"embeddable":true,"href":"https:\/\/rdnews.al\/index.php\/wp-json\/wp\/v2\/media\/72235"}],"wp:attachment":[{"href":"https:\/\/rdnews.al\/index.php\/wp-json\/wp\/v2\/media?parent=72751"}],"wp:term":[{"taxonomy":"category","embeddable":true,"href":"https:\/\/rdnews.al\/index.php\/wp-json\/wp\/v2\/categories?post=72751"},{"taxonomy":"post_tag","embeddable":true,"href":"https:\/\/rdnews.al\/index.php\/wp-json\/wp\/v2\/tags?post=72751"}],"curies":[{"name":"wp","href":"https:\/\/api.w.org\/{rel}","templated":true}]}}