{"id":72805,"date":"2024-03-02T17:35:35","date_gmt":"2024-03-02T17:35:35","guid":{"rendered":"https:\/\/rdnews.al\/?p=72805"},"modified":"2024-03-02T19:14:00","modified_gmt":"2024-03-02T19:14:00","slug":"bujar-spahiu-rizgjidhet-ne-krye-te-komunitetit-mysliman-te-shqiperise-mesazhi-i-tij","status":"publish","type":"post","link":"https:\/\/rdnews.al\/index.php\/2024\/03\/02\/bujar-spahiu-rizgjidhet-ne-krye-te-komunitetit-mysliman-te-shqiperise-mesazhi-i-tij\/","title":{"rendered":"Bujar Spahiu rizgjidhet n\u00eb krye t\u00eb Komunitetit Mysliman t\u00eb Shqip\u00ebris\u00eb, mesazhi i tij"},"content":{"rendered":"<p>H.Bujar Spahiu u rizgjodh p\u00ebr nj\u00eb mandat t\u00eb dyt\u00eb n\u00eb krye t\u00eb Komunitetit Mysliman t\u00eb Shqip\u00ebris\u00eb me 82 vota pro nga 93 votues. Ai i \u00ebsht\u00eb drejtuar me nj\u00eb mesazh besimtar\u00ebve mysliman\u00eb dhe qytetar\u00ebve shqiptar\u00eb brenda dhe jasht\u00eb vendit, vet\u00ebm pak minuta pasi ai fitoi nj\u00eb mandat t\u00eb dyt\u00eb drejtimi. Spahiu n\u00ebnvizoi n\u00eb fjal\u00ebn e tij se \u201cn\u00eb 100 vite KMSH, themelim, ne kemi qen\u00eb faktor stabiliteti, paqeje dhe mir\u00ebkuptimi n\u00eb shoq\u00ebrin\u00eb shqiptare, e kemi ruajtur e do t\u00eb ruajm\u00eb k\u00ebt\u00eb tradit\u00eb\u201d.<\/p>\n<p>Ai tha se, ju garantoj se cilido prej jush do t\u00eb vijoj\u00eb t\u00eb gjej\u00eb tek institucioni, nj\u00eb atmosfer\u00eb t\u00eb t\u00eb menduarit i lir\u00eb, t\u00eb shk\u00ebmbimit t\u00eb sh\u00ebndosh\u00eb t\u00eb ideve, kritik\u00ebs dhe k\u00ebshillimit t\u00eb nd\u00ebrsjellt\u00eb deri n\u00eb at\u00eb mas\u00eb sa kjo i sh\u00ebrben q\u00ebllimit dhe misionit ton\u00eb t\u00eb p\u00ebrbashk\u00ebt. Por gjithashtu, institucioni q\u00eb un\u00eb do t\u00eb drejtoj nuk do t\u00eb ngurroj\u00eb t\u00eb ndjek\u00eb t\u00eb gjitha rrug\u00ebt ligjore ndaj kujtdo q\u00eb akuzo pa fakte apo nxit urrejtje dhe p\u00ebr\u00e7arje mes besimtar\u00ebve dhe n\u00eb shoq\u00ebri.<\/p>\n<p><strong>Fjalimi i plot\u00eb i Kryetarit t\u00eb KMSH, z. Bujar Spahiu<\/strong><\/p>\n<p>T\u00eb dashur an\u00ebtar\u00eb t\u00eb K\u00ebshillit t\u00eb P\u00ebrgjithsh\u00ebm t\u00eb Komunitetit Mysliman t\u00eb Shqip\u00ebris\u00eb, t\u00eb dashur konkurent\u00eb t\u00eb mi n\u00eb k\u00ebt\u00eb gar\u00eb,<br \/>\nMotra dhe v\u00ebllez\u00ebr shqiptar\u00eb.<\/p>\n<p>Sot, ju m\u00eb keni ngarkuar me nj\u00eb pesh\u00eb edhe m\u00eb t\u00eb r\u00ebnd\u00eb se ajo e 5-s\u00eb viteve m\u00eb par\u00eb.<\/p>\n<p>E them q\u00eb \u00ebsht\u00eb pesh\u00eb edhe m\u00eb e r\u00ebnd\u00eb sepse ridh\u00ebnia e besimit nga ana juaj, pas nj\u00eb pune timen pes\u00eb vje\u00e7are n\u00eb krye t\u00eb KMSH, tregon se pritshm\u00ebrit\u00eb tuaja karshi meje mbeten ende shum\u00eb t\u00eb larta.<\/p>\n<p>E ky besim juaji vjen si nj\u00eb pesh\u00eb shum\u00eb m\u00eb e r\u00ebnd\u00eb sesa her\u00ebn e par\u00eb.<\/p>\n<p>Un\u00eb dua ta nis k\u00ebt\u00eb fjal\u00eb me lutje ndaj Zotit t\u00eb gjith\u00ebsis\u00eb q\u00eb t\u00eb m\u00eb mb\u00ebshtes\u00eb n\u00eb k\u00ebt\u00eb mision kaq t\u00eb r\u00ebnd\u00ebsish\u00ebm dhe me kaq p\u00ebrgjegj\u00ebsi.<\/p>\n<p>Ashtu sikurse kam qen\u00eb k\u00ebt\u00eb mandat q\u00eb po le pas, un\u00eb do t\u00eb vijoj ta shoh k\u00ebt\u00eb p\u00ebrgjegj\u00ebsi q\u00eb po m\u00eb jepni si sh\u00ebrbim.<\/p>\n<p>Do t\u00eb mundohem t\u00eb jem sh\u00ebrb\u00ebtor i denj\u00eb i fes\u00eb s\u00eb Zotit.<\/p>\n<p>Do t\u00eb mundohem t\u00eb jem sh\u00ebrb\u00ebtor besnik i parimeve dhe principeve m\u00eb t\u00eb larta t\u00eb k\u00ebsaj feje.<\/p>\n<p>Do t\u00eb mundohem t\u00eb ndjek rrug\u00ebn dhe shembullin e Profetit Muhamed (a.s.) me devocion e p\u00ebrkushtim t\u00eb lart\u00eb.<\/p>\n<p>Udh\u00ebheq\u00ebsi dhe i udh\u00ebhequri jan\u00eb t\u00eb lidhur n\u00eb besnik\u00ebri ndaj Zotit t\u00eb Madh\u00ebrish\u00ebm, i till\u00eb do t\u00eb mundohem t\u00eb jem.<\/p>\n<p>\u00c7do njeri q\u00eb beson n\u00eb k\u00ebt\u00eb fe, p\u00ebr mua, konsiderohet si niveli m\u00eb i lart\u00eb i p\u00ebrfaq\u00ebsimit t\u00eb k\u00ebsaj feje n\u00eb shoq\u00ebri, ndaj edhe un\u00eb do vijoj ta shoh veten si nj\u00ebri prej jush.<\/p>\n<p>Hierarkia n\u00eb fen\u00eb ton\u00eb \u00ebsht\u00eb, kush ka devocion m\u00eb t\u00eb lart\u00eb ndaj Zotit.<\/p>\n<p>Do t\u00eb vijoj t\u00eb d\u00ebgjoj me v\u00ebmendje kritikat e sinqerta dhe t\u00eb qen\u00ebsishme ndaj meje personalisht dhe ndaj institucionit q\u00eb p\u00ebrfaq\u00ebsoj.<\/p>\n<p>Komuniteti jon\u00eb \u00ebsht\u00eb shembull n\u00eb respektimin e liris\u00eb s\u00eb shprehjes dhe mendimit t\u00eb secilit.<\/p>\n<p>Ky institucion p\u00ebrfaq\u00ebson gjith\u00eb mysliman\u00ebt n\u00eb Republik\u00ebn e Shqip\u00ebris\u00eb dhe \u00ebsht\u00eb pasuri komb\u00ebtare e shoq\u00ebris\u00eb shqiptare.<\/p>\n<p>Ky amaneti i ngarkuar nga ju sot m\u00eb detyron ta kryej k\u00ebt\u00eb detyr\u00eb me vet\u00ebdijen e p\u00ebrgjegj\u00ebsis\u00eb e llogaridh\u00ebnies para Zotit dhe para jush.<\/p>\n<p>\u201dAllahu i ndihmon edhe ata, t\u00eb cil\u00ebve, n\u00ebse u japim pushtet n\u00eb tok\u00eb, kryejn\u00eb faljet, japin zekatin, urdh\u00ebrojn\u00eb kryerjen e veprave t\u00eb mira dhe pengojn\u00eb at\u00eb q\u00eb \u00ebsht\u00eb e mbrapsht\u00eb. Tek Allahu \u00ebsht\u00eb fundi i t\u00eb gjitha \u00e7\u00ebshtjeve.\u201d (Surja Haxh, ajeti 41)<\/p>\n<p>Zot na mund\u00ebso nj\u00eb fund t\u00eb mir\u00eb n\u00eb p\u00ebrfundim t\u00eb k\u00ebsaj \u00e7\u00ebshtje!<\/p>\n<p>Do t\u00eb ndjek me besnik\u00ebri, ashtu si\u00e7 kam b\u00ebr\u00eb deri m\u00eb sot tre parime themelore vepruese:<\/p>\n<p>-K\u00ebshillimin me njer\u00ebzit e fush\u00ebs n\u00eb \u00e7do vendim q\u00eb do marr.<\/p>\n<p>-Drejt\u00ebsin\u00eb, do t\u00eb veproj t\u00eb drejt\u00ebn n\u00eb veprimtarin\u00eb time n\u00eb drejtim me \u00e7do kosto q\u00eb ajo t\u00eb vij\u00eb.<\/p>\n<p>-Do t\u00eb respektoj dhe garantoj lirin\u00eb e mendimit t\u00eb secilit, qoft\u00eb pjes\u00eb e strukturave t\u00eb KMSH apo jo.<\/p>\n<p>-Drejt\u00ebsia<\/p>\n<p>Urdh\u00ebron Zoti q\u00eb t\u00eb jemi t\u00eb drejt\u00eb. T\u00eb sillemi me njer\u00ebzit n\u00eb m\u00ebnyr\u00eb t\u00eb mir\u00eb me cilindo, pavar\u00ebsisht nga raca e tyre, ngjyra, prejardhje komb\u00ebtare apo religjioni. Kurani i urdh\u00ebron mysliman\u00ebt q\u00eb t\u00eb jen\u00eb t\u00eb drejt\u00eb madje edhe kur kan\u00eb t\u00eb b\u00ebjn\u00eb me ata, t\u00eb cil\u00ebt i kund\u00ebrshtojn\u00eb.<br \/>\n\u201cO besimtar\u00eb! B\u00ebhuni zbatues t\u00eb pal\u00ebkundur t\u00eb drejt\u00ebsis\u00eb, duke d\u00ebshmuar n\u00eb em\u00ebr t\u00eb Allahut, qoft\u00eb edhe kund\u00ebr jush ose kund\u00ebr prind\u00ebrve dhe t\u00eb af\u00ebrmve tuaj. Qoft\u00eb i pasur ose i varf\u00ebr ai (p\u00ebr t\u00eb cilin d\u00ebshmoni), Allahu \u00ebsht\u00eb p\u00ebr ata vler\u00ebsuesi m\u00eb i drejt\u00eb\u2026\u201d (Surja Nisa)<\/p>\n<p>-Liria e mendimit<\/p>\n<p>Kam qen\u00eb dhe do t\u00eb jem i hapur ndaj \u00e7do kritike konstruktive.\u00a0 Inkurajoj cilindo q\u00eb ka nijetin e sinqert\u00eb dhe q\u00ebllim p\u00ebrmir\u00ebsimin e pun\u00ebve t\u00eb shprehin lirisht mendimet e tyre.<\/p>\n<p>Ju garantoj se cilido prej jush do t\u00eb vijoj\u00eb t\u00eb gjej\u00eb te institucioni nj\u00eb atmosfer\u00eb t\u00eb t\u00eb menduarit t\u00eb lir\u00eb, shk\u00ebmbimit t\u00eb sh\u00ebndosh\u00eb t\u00eb ideve, kritik\u00ebs dhe k\u00ebshillimit t\u00eb nd\u00ebrsjell\u00eb deri n\u00eb at\u00eb mas\u00eb sa kjo i sh\u00ebrben q\u00ebllimit dhe misionit t\u00eb p\u00ebrbashk\u00ebt.<\/p>\n<p>Motra dhe v\u00ebllez\u00ebr shqiptar\u00eb q\u00eb po na d\u00ebgjoni,<\/p>\n<p>Komuniteti Mysliman i Shqip\u00ebris\u00eb do t\u00eb vijoj\u00eb t\u00eb jet\u00eb vazhdues i tradit\u00ebs s\u00eb paraardh\u00ebsve tan\u00eb. N\u00eb 100-vite KMSH ne kemi qen\u00eb faktor stabiliteti, paqeje e mir\u00ebkuptimi n\u00eb shoq\u00ebrin\u00eb shqiptare. Kemi ruajtur e do t\u00eb ruajm\u00eb k\u00ebt\u00eb tradit\u00eb.<\/p>\n<p>Do t\u00eb vijoj\u00eb t\u00eb jet\u00eb kontribues i pakursyer n\u00eb ruajtjen me fanatiz\u00ebm t\u00eb harmonis\u00eb e dialogut mes besimeve fetare n\u00eb vend.<\/p>\n<p>Ne do t\u00eb vijojm\u00eb t\u00eb japim kontributin q\u00eb na takon q\u00eb Shqip\u00ebria t\u00eb b\u00ebhet vend m\u00eb i mir\u00eb e m\u00eb i begat\u00eb p\u00ebr f\u00ebmij\u00ebt tan\u00eb, p\u00ebr m\u00eb t\u00eb moshuarit e p\u00ebr njer\u00ebzit n\u00eb nevoj\u00eb.<\/p>\n<p>Ne do t\u00eb vijojm\u00eb t\u00eb japim mb\u00ebshtetjen ton\u00eb me vendosm\u00ebri q\u00eb vendi yn\u00eb t\u00eb p\u00ebrparoj\u00eb drejt familjes europiane.<\/p>\n<p>V\u00ebllez\u00ebr dhe motra,<\/p>\n<p>Familja \u00ebsht\u00eb qeliza baz\u00eb e shoq\u00ebris\u00eb, e ne do t\u00eb b\u00ebjm\u00eb \u00e7mos q\u00eb kjo qeliz\u00eb t\u00eb jet\u00eb e sh\u00ebndetshme.<\/p>\n<p>I lutem Zotit q\u00eb t\u00eb jet\u00eb krah nesh p\u00ebr ta \u00e7uar para k\u00ebt\u00eb pun\u00eb si amanet e mision fisnik!<\/p>\n<p>N\u00eb fund dua t\u00eb k\u00ebrkoj nj\u00eb lutje p\u00ebr ju k\u00ebtu, besimtar\u00ebt dhe gjith\u00eb shqiptar\u00ebt, le t\u00eb kthejm\u00eb syt\u00eb nga Zoti, le t\u2019i lutemi Atij t\u00eb na udh\u00ebzoj\u00eb n\u00eb rrug\u00ebn e drejt\u00eb e t\u00eb na b\u00ebj\u00eb njer\u00ebz q\u00eb i kontribuojm\u00eb t\u00eb mir\u00ebs e refuzojm\u00eb t\u00eb keqen! Amin!<\/p>\n","protected":false},"excerpt":{"rendered":"<p>H.Bujar Spahiu u rizgjodh p\u00ebr nj\u00eb mandat t\u00eb dyt\u00eb n\u00eb krye t\u00eb Komunitetit Mysliman t\u00eb Shqip\u00ebris\u00eb me 82 vota pro nga 93 votues. Ai i \u00ebsht\u00eb drejtuar me nj\u00eb mesazh besimtar\u00ebve mysliman\u00eb dhe qytetar\u00ebve shqiptar\u00eb brenda dhe jasht\u00eb vendit, vet\u00ebm pak minuta pasi ai fitoi nj\u00eb mandat t\u00eb dyt\u00eb drejtimi. Spahiu n\u00ebnvizoi n\u00eb fjal\u00ebn e &hellip;<\/p>\n","protected":false},"author":4,"featured_media":72806,"comment_status":"closed","ping_status":"closed","sticky":false,"template":"","format":"standard","meta":{"footnotes":""},"categories":[37],"tags":[],"class_list":["post-72805","post","type-post","status-publish","format-standard","has-post-thumbnail","","category-politike"],"_links":{"self":[{"href":"https:\/\/rdnews.al\/index.php\/wp-json\/wp\/v2\/posts\/72805","targetHints":{"allow":["GET"]}}],"collection":[{"href":"https:\/\/rdnews.al\/index.php\/wp-json\/wp\/v2\/posts"}],"about":[{"href":"https:\/\/rdnews.al\/index.php\/wp-json\/wp\/v2\/types\/post"}],"author":[{"embeddable":true,"href":"https:\/\/rdnews.al\/index.php\/wp-json\/wp\/v2\/users\/4"}],"replies":[{"embeddable":true,"href":"https:\/\/rdnews.al\/index.php\/wp-json\/wp\/v2\/comments?post=72805"}],"version-history":[{"count":0,"href":"https:\/\/rdnews.al\/index.php\/wp-json\/wp\/v2\/posts\/72805\/revisions"}],"wp:featuredmedia":[{"embeddable":true,"href":"https:\/\/rdnews.al\/index.php\/wp-json\/wp\/v2\/media\/72806"}],"wp:attachment":[{"href":"https:\/\/rdnews.al\/index.php\/wp-json\/wp\/v2\/media?parent=72805"}],"wp:term":[{"taxonomy":"category","embeddable":true,"href":"https:\/\/rdnews.al\/index.php\/wp-json\/wp\/v2\/categories?post=72805"},{"taxonomy":"post_tag","embeddable":true,"href":"https:\/\/rdnews.al\/index.php\/wp-json\/wp\/v2\/tags?post=72805"}],"curies":[{"name":"wp","href":"https:\/\/api.w.org\/{rel}","templated":true}]}}