{"id":72808,"date":"2024-03-02T17:42:25","date_gmt":"2024-03-02T17:42:25","guid":{"rendered":"https:\/\/rdnews.al\/?p=72808"},"modified":"2024-03-02T19:53:56","modified_gmt":"2024-03-02T19:53:56","slug":"zbulohet-pse-i-eshte-dashur-mbiemri-spata-ne-greqi-gjyqtares-irena-gjoka-si-mori-certifikate-false-ne-shqiperi","status":"publish","type":"post","link":"https:\/\/rdnews.al\/index.php\/2024\/03\/02\/zbulohet-pse-i-eshte-dashur-mbiemri-spata-ne-greqi-gjyqtares-irena-gjoka-si-mori-certifikate-false-ne-shqiperi\/","title":{"rendered":"Zbulohet pse i \u00ebsht\u00eb dashur mbiemri Spata n\u00eb Greqi gjyqtares Irena Gjoka, si mori \u00e7ertifikat\u00eb false n\u00eb Shqip\u00ebri"},"content":{"rendered":"<p>Nj\u00eb dit\u00eb m\u00eb par\u00eb kreu i PD, Sali Berisha\u00a0i drejtoi nj\u00eb tjet\u00ebr pyetje kryetares s\u00eb GJKKO, gjyqtares Irena Gjoka, e cila prej disa muajsh nuk i p\u00ebrgjigjet akuzave publike q\u00eb r\u00ebndojn\u00eb mbi t\u00eb.<\/p>\n<p>Disa or\u00eb pas deklarat\u00ebs s\u00eb zotit Berisha, avokati i tij, Genc Gjokutaj, n\u00eb nj\u00eb postim n\u00eb rrjetet sociale nxori n\u00eb drit\u00eb detaje t\u00eb reja rreth arsyeve se p\u00ebrse gjyqtarja Irena Gjoka ka p\u00ebrdorur edhe nj\u00eb mbiem\u00ebr t\u00eb tret\u00eb.<\/p>\n<p>Gjokutaj tha se, kryetares s\u00eb GJKKO i \u00ebsht\u00eb dashur mbiemri Spata dhe p\u00ebr k\u00ebt\u00eb arsye ka siguruar nj\u00eb \u00e7ertifikat\u00eb false n\u00eb Shqip\u00ebri me q\u00ebllim p\u00ebr t\u2019u martuar me nj\u00eb shtetas grek.<\/p>\n<p>\u201cIrena Gjoka (Maneku), kryetare e GJKKO, i \u00ebsht\u00eb dashur mbiemri Spata dhe p\u00ebr k\u00ebt\u00eb arsye ka siguruar nj\u00eb \u00e7ertifikat\u00eb false n\u00eb Shqip\u00ebri. Q\u00ebllimi ka qen\u00eb p\u00ebr t\u2019u martuar me nj\u00eb shtetas grek! Ky falsifikim \u00ebsht\u00eb identifikuar nga Komisariati i Policis\u00eb se Janin\u00ebs.<\/p>\n<p>Znj. Irena Maneku Gjoka Spata ka edhe gjurm\u00ebt daltiloskopike t\u00eb gishtave n\u00eb kartel\u00ebn e saj n\u00eb Policin\u00eb e Janin\u00ebs. N\u00eb vitin 2017 ka b\u00ebr\u00eb nj\u00eb blerje afro 90 mij\u00eb \u20ac n\u00eb Greqi p\u00ebr t\u00eb cil\u00ebn ka marr\u00eb 20% t\u00eb fatur\u00ebs s\u00eb blerjes mbrapsht n\u00eb kufi!\u201d, tha avokati Gjokutaj.<\/p>\n<p>Gjyqtarja Irena Gjoka \u00ebsht\u00eb shkarkuar nga Sali Berisha n\u00eb vitin 1996, n\u00eb at\u00eb koh\u00eb President dhe nj\u00ebkoh\u00ebsisht kreu i KLD, fakt q\u00eb b\u00ebn q\u00eb ajo t\u00eb jet\u00eb n\u00eb konflikt interesi n\u00eb procesin ndaj liderit t\u00eb opozit\u00ebs.<\/p>\n","protected":false},"excerpt":{"rendered":"<p>Nj\u00eb dit\u00eb m\u00eb par\u00eb kreu i PD, Sali Berisha\u00a0i drejtoi nj\u00eb tjet\u00ebr pyetje kryetares s\u00eb GJKKO, gjyqtares Irena Gjoka, e cila prej disa muajsh nuk i p\u00ebrgjigjet akuzave publike q\u00eb r\u00ebndojn\u00eb mbi t\u00eb. Disa or\u00eb pas deklarat\u00ebs s\u00eb zotit Berisha, avokati i tij, Genc Gjokutaj, n\u00eb nj\u00eb postim n\u00eb rrjetet sociale nxori n\u00eb drit\u00eb detaje &hellip;<\/p>\n","protected":false},"author":4,"featured_media":61715,"comment_status":"closed","ping_status":"closed","sticky":false,"template":"","format":"standard","meta":{"footnotes":""},"categories":[37],"tags":[],"class_list":["post-72808","post","type-post","status-publish","format-standard","has-post-thumbnail","","category-politike"],"_links":{"self":[{"href":"https:\/\/rdnews.al\/index.php\/wp-json\/wp\/v2\/posts\/72808","targetHints":{"allow":["GET"]}}],"collection":[{"href":"https:\/\/rdnews.al\/index.php\/wp-json\/wp\/v2\/posts"}],"about":[{"href":"https:\/\/rdnews.al\/index.php\/wp-json\/wp\/v2\/types\/post"}],"author":[{"embeddable":true,"href":"https:\/\/rdnews.al\/index.php\/wp-json\/wp\/v2\/users\/4"}],"replies":[{"embeddable":true,"href":"https:\/\/rdnews.al\/index.php\/wp-json\/wp\/v2\/comments?post=72808"}],"version-history":[{"count":0,"href":"https:\/\/rdnews.al\/index.php\/wp-json\/wp\/v2\/posts\/72808\/revisions"}],"wp:featuredmedia":[{"embeddable":true,"href":"https:\/\/rdnews.al\/index.php\/wp-json\/wp\/v2\/media\/61715"}],"wp:attachment":[{"href":"https:\/\/rdnews.al\/index.php\/wp-json\/wp\/v2\/media?parent=72808"}],"wp:term":[{"taxonomy":"category","embeddable":true,"href":"https:\/\/rdnews.al\/index.php\/wp-json\/wp\/v2\/categories?post=72808"},{"taxonomy":"post_tag","embeddable":true,"href":"https:\/\/rdnews.al\/index.php\/wp-json\/wp\/v2\/tags?post=72808"}],"curies":[{"name":"wp","href":"https:\/\/api.w.org\/{rel}","templated":true}]}}