{"id":72963,"date":"2024-03-04T18:39:58","date_gmt":"2024-03-04T18:39:58","guid":{"rendered":"https:\/\/rdnews.al\/?p=72963"},"modified":"2024-03-04T18:46:19","modified_gmt":"2024-03-04T18:46:19","slug":"shperthimi-ne-lushnje-hetimi-magazina-ne-pronesi-te-deputetit-te-ps-nuk-kishte-siguri-ne-pune","status":"publish","type":"post","link":"https:\/\/rdnews.al\/index.php\/2024\/03\/04\/shperthimi-ne-lushnje-hetimi-magazina-ne-pronesi-te-deputetit-te-ps-nuk-kishte-siguri-ne-pune\/","title":{"rendered":"Shp\u00ebrthimi n\u00eb Lushnje\/ Hetimi: Magazina n\u00eb pron\u00ebsi t\u00eb deputetit t\u00eb PS, nuk kishte siguri n\u00eb pun\u00eb"},"content":{"rendered":"<p>Shp\u00ebrthimi n\u00eb n\u00eb Lushnje ku humb\u00ebn jet\u00ebn dy persona, bab\u00eb e bir, ndodhi p\u00ebr shkak se n\u00eb punimet e kryera n\u00eb magazin\u00ebn e deputetit t\u00eb PS, nuk kishte asnj\u00eb siguri n\u00eb pun\u00eb.<\/p>\n<p>Prokuroria e Fierit, e cil\u00ebson kapanonin n\u00eb nd\u00ebrtim, ku u regjistrua shp\u00ebrthimi pasditen e 1 Marsit n\u00eb Lushnj\u00eb, si n\u00eb pron\u00ebsi t\u00eb deputetit sociale Bujar \u00c7ela, teksa nga shp\u00ebrthimi humb\u00ebn jet\u00ebn 2 persona dhe u plagos\u00ebn 7 t\u00eb tjer\u00eb.<\/p>\n<p>N\u00eb p\u00ebrshkrimin e vendit t\u00eb ngjarjes, n\u00eb dosjen e Prokuroris\u00eb thuhet:<\/p>\n<p><em>\u201cNga hetimet paraprake ne drejtim e Prokurorise Prane Gjykates s\u00eb Shkall\u00ebs s\u00eb Par\u00eb t\u00eb Jurdiksionit t\u00eb P\u00ebrgjithsh\u00ebm Fier \u00ebsht\u00eb b\u00ebr\u00eb kqyrja e vendit t\u00eb ngjarjes, e cila ndodhet\u00a0 n\u00eb lagjen \u201c Karbunar e madhe, Lushnje,buze rruges Rrethrrotullimi i Plasmasit-Rrethrrotullimi i Savres ne magazinen e shteasit Bujar \u00c7ela. Nga kqyrja vihet re se ne ambientin e perbashket ne anen veriperndimore gjendet magazine ne ndertim e siper e shtetasit Bujar \u00c7ela, po kete\u00a0 ane verilindore\u00a0 gjendet magazine ne perdorim\u00a0 nga shtetasi Shaqir\u00a0 Kasapi dhe ne anen\u00a0 veri-lindore gjendet magaizna ne perdorim nga shtetasi Saimir Korreshi.\u201d\u00a0<\/em><\/p>\n<p>M\u00eb tej, n\u00eb dosje theksohet se deputetit Bujar \u00c7ela iu dha afat 1 vje\u00e7ar me objekt p\u00ebr tregtimin dhe magazimin e materialeve t\u00eb ndryshme, por sipas hetimeve, ai ka tejkaluar afatet.<\/p>\n<ul>\n<li>\u201c<em>Jane administruar leja e ndertimit Nr.200 date 19.09.2023\u00a0 Bashkise Lushnje, dhene Z, Bujar \u00c7ela , me objekt 1 kate per tregetim dhe magazine, me siperfaqe ndertimi 1080 m2.<\/em><\/li>\n<li><em>\u00cbsht\u00eb administruar kopjo e Proceseverbalit Nr204 date 02.03.2024 e IMTV Bashkia Lushnje, ndaj subjektit Bujar \u00c7ela ku rezulton se ka kryer punime ne shkelje te lejes.<\/em><\/li>\n<li><em>\u00cbsht\u00eb administruar kopjo e Proceseverbalit Nr.106 per prishjen e objektit e kundraligjshem date 02.03.2024 e IMTV Bashkia Lushnje, ndaj subjektit Bujar \u00c7ela ku rezulton se ka kryer punime ne shkelje te lejes.<\/em><\/li>\n<li><em>Kontrate Nr.rep 356\u00a0 kol 227 date 19.01.2024 , me investitor Bujar \u00c7ela dhe supervizore Benjamin Tushe.<\/em><\/li>\n<li><em>Kontrate Nr.rep7816 kol4415 date 27.11.2023 , me sipermarres Gjini Construksion dhe pronarr Bujar \u00c7ela. Ektarkt hitorik\u00a0 Gjini Construksion<\/em><\/li>\n<\/ul>\n<p><em>Nisuar nga hetimet paraprake t\u00eb kryera n\u00ebn drejtimin e Prokurorise Prane Gjykates s\u00eb Shkall\u00ebs s\u00eb Par\u00eb t\u00eb Jurdiksionit t\u00eb P\u00ebrgjithsh\u00ebm Fier\u00a0 ka rezultuar se p\u00ebr objektin ku ka ndodhur shp\u00ebrthimi, nga Bashkia Lushnje, n\u00eb muajin shtator 2023 \u00ebsht\u00eb miratuar leja nd\u00ebrtimore p\u00ebr objekt 1 kat p\u00ebr tregtimin dhe magazinimin e materialeve te ndryshme n\u00eb em\u00ebr te shtetasit Bujar \u00c7ela me afat 1 vjecar, por q\u00eb pas aktit t\u00eb konstatimit t\u00eb dat\u00ebs 02.03,2024 nga Inspektoriati Vendor i Mbrojtjes s\u00eb Territorit bashkia Lushnje ka rezultuar se subjekti q\u00eb ka kryer punimet ne objekt ka tejkaluar lejen e nd\u00ebrtimit t\u00eb dh\u00ebn\u00eb nga Bashkia Lushnje.\u201d<\/em>\u00a0\u2013 thuhet n\u00eb dosje.<\/p>\n<div class=\"jnews_inline_related_post_wrapper left\">\n<div class=\"jnews_inline_related_post\">\n<div class=\"jeg_postblock_29 jeg_postblock jeg_module_hook jeg_pagination_disable jeg_col_2o3 jnews_module_1347074_1_65e6161795b9b   \" data-unique=\"jnews_module_1347074_1_65e6161795b9b\">\n<div class=\"jeg_block_heading jeg_block_heading_6 jeg_subcat_right\"><\/div>\n<div class=\"jeg_block_container\">\n<div class=\"jeg_posts \">\n<div class=\"jeg_postsmall jeg_load_more_flag\">\n<article class=\"jeg_post jeg_pl_xs format-standard\">\n<div class=\"jeg_postblock_content\">\n<h3 class=\"jeg_post_title\"><span style=\"font-size: 16px;\">Sipas hetimeve, shp\u00ebrthimi ka ndodhur p\u00ebr shkak t\u00eb nj\u00eb avarie gjat\u00eb procesit t\u00eb pun\u00ebs q\u00eb kryente viktima Roland Hoxha p\u00ebr prerjen dhe \u00e7montimin e disa profileve t\u00eb hekurit duke p\u00ebrdorur flak\u00ebn me nxeht\u00ebsi t\u00eb lart\u00eb<\/span><\/h3>\n<\/div>\n<\/article>\n<\/div>\n<\/div>\n<\/div>\n<\/div>\n<\/div>\n<\/div>\n<p><em>\u201cNga hetimet e kryera dhe nga konkluzionet paraprake t\u00eb ekspert\u00ebve dyshohet se shp\u00ebrthimi \u00ebsht\u00eb shkaktuar nga nj\u00eb avari q\u00eb ka ndodhur gjat\u00eb procesit t\u00eb pun\u00ebs q\u00eb kryente viktima Roland Hoxha p\u00ebr prerjen dhe \u00e7montimin e disa profileve t\u00eb hekurit duke p\u00ebrdorur flak\u00ebn me nxeht\u00ebsi t\u00eb lart\u00eb q\u00eb prodhohet nga djegia dhe p\u00ebrzierja e oksigjenit me Acetilenin. Kjo avari ka b\u00ebr\u00eb q\u00eb nj\u00eb nga bombulat e cila dyshohet t\u00eb k\u00ebt\u00eb qen\u00eb m\u00eb p\u00ebrmbajtje gazi acetilen ka shp\u00ebrthyer duke shakaktuar dhe d\u00ebmet me pasoj\u00eb humbjen e jet\u00ebs s\u00eb dy shtetasve, plagosjen e shtate t\u00eb tjer\u00ebv\u00eb dhe d\u00ebmtimin e objektit, banesav\u00eb dhe e bizneseve p\u00ebrreth.\u201d<\/em>\u00a0\u2013 thuhet n\u00eb dosje.<\/p>\n<p>Prokuroria del n\u00eb konkluzionet se jemi para veprave penale t\u00eb \u201cShkeljes s\u00eb rregullave t\u00eb mbrojtjes n\u00eb pun\u00eb.\u201d<\/p>\n<p><em>\u201cP\u00ebr sa m\u00eb sip\u00ebr nga t\u00ebr\u00ebsia e materialeve hetimore t\u00eb deritanishme rezulton se jemi para veprave penale t\u00eb Shkeljes s\u00eb rregullave t\u00eb mbrojtjes n\u00eb pun\u00eb parashikuar nga neni 289\/2 t\u00eb Kodit penal, Shkat\u00ebrrim i pron\u00ebs nga pakujdesia t\u00eb parashikuar nga neni 161 i K.penal dhe nd\u00ebrtimit t\u00eb paligjsh\u00ebm t\u00eb parashikuar nga neni 199\/a \u00a0i Kodit penal.\u201d<\/em><\/p>\n<p>Kujtojm\u00eb se shp\u00ebrthimi u regjistruar rreth or\u00ebs 15:30 t\u00eb pasdites s\u00eb 1 Marsit n\u00eb vendin e quajtur \u201cRreth-rrotullimi i Plastmasit\u201d, n\u00eb nj\u00eb kapanon n\u00eb nd\u00ebrtim n\u00eb qytet dhe shkak u b\u00eb nj\u00eb incident. Dy viktimat Roland dhe Elidon Hoxha, baba e bir, nddheshin tek vin\u00e7i q\u00eb po ngrinte nj\u00eb bombol oksigjeni q\u00eb do t\u00eb p\u00ebrdorej n\u00eb lart\u00ebsi p\u00ebr t\u00eb kryer saldime.<\/p>\n<p><strong>Viktimat:<\/strong><\/p>\n<p>Roland Hoxha<\/p>\n<p>Elidon Hoxha<\/p>\n<p><strong>T\u00eb plagosurit q\u00eb ndodhen aktualisht n\u00eb Spitalin e Traum\u00ebs<\/strong>:<\/p>\n<p>Sokol Lumi<\/p>\n<p>Deputeti i PS-s\u00eb, Bujar \u00c7ela<\/p>\n<p><strong>T\u00eb plagosurit q\u00eb ndodhen aktualisht n\u00eb Spitalin e Lushnjes<\/strong>:<\/p>\n<p>Sajmir Korreshi<\/p>\n<p>Ilia Sota<\/p>\n<p>Lunedi Golemi<\/p>\n<p>Ervis Sharka<\/p>\n<p>Eriget Gorovelli<\/p>\n<p>j.<\/p>\n","protected":false},"excerpt":{"rendered":"<p>Shp\u00ebrthimi n\u00eb n\u00eb Lushnje ku humb\u00ebn jet\u00ebn dy persona, bab\u00eb e bir, ndodhi p\u00ebr shkak se n\u00eb punimet e kryera n\u00eb magazin\u00ebn e deputetit t\u00eb PS, nuk kishte asnj\u00eb siguri n\u00eb pun\u00eb. Prokuroria e Fierit, e cil\u00ebson kapanonin n\u00eb nd\u00ebrtim, ku u regjistrua shp\u00ebrthimi pasditen e 1 Marsit n\u00eb Lushnj\u00eb, si n\u00eb pron\u00ebsi t\u00eb deputetit &hellip;<\/p>\n","protected":false},"author":4,"featured_media":72717,"comment_status":"closed","ping_status":"closed","sticky":false,"template":"","format":"standard","meta":{"footnotes":""},"categories":[37],"tags":[],"class_list":["post-72963","post","type-post","status-publish","format-standard","has-post-thumbnail","","category-politike"],"_links":{"self":[{"href":"https:\/\/rdnews.al\/index.php\/wp-json\/wp\/v2\/posts\/72963","targetHints":{"allow":["GET"]}}],"collection":[{"href":"https:\/\/rdnews.al\/index.php\/wp-json\/wp\/v2\/posts"}],"about":[{"href":"https:\/\/rdnews.al\/index.php\/wp-json\/wp\/v2\/types\/post"}],"author":[{"embeddable":true,"href":"https:\/\/rdnews.al\/index.php\/wp-json\/wp\/v2\/users\/4"}],"replies":[{"embeddable":true,"href":"https:\/\/rdnews.al\/index.php\/wp-json\/wp\/v2\/comments?post=72963"}],"version-history":[{"count":0,"href":"https:\/\/rdnews.al\/index.php\/wp-json\/wp\/v2\/posts\/72963\/revisions"}],"wp:featuredmedia":[{"embeddable":true,"href":"https:\/\/rdnews.al\/index.php\/wp-json\/wp\/v2\/media\/72717"}],"wp:attachment":[{"href":"https:\/\/rdnews.al\/index.php\/wp-json\/wp\/v2\/media?parent=72963"}],"wp:term":[{"taxonomy":"category","embeddable":true,"href":"https:\/\/rdnews.al\/index.php\/wp-json\/wp\/v2\/categories?post=72963"},{"taxonomy":"post_tag","embeddable":true,"href":"https:\/\/rdnews.al\/index.php\/wp-json\/wp\/v2\/tags?post=72963"}],"curies":[{"name":"wp","href":"https:\/\/api.w.org\/{rel}","templated":true}]}}