{"id":73228,"date":"2024-03-07T10:24:44","date_gmt":"2024-03-07T10:24:44","guid":{"rendered":"https:\/\/rdnews.al\/?p=73228"},"modified":"2024-03-07T10:24:44","modified_gmt":"2024-03-07T10:24:44","slug":"vokshi-ne-kongresin-e-ppe-vendime-te-rendesishme-edhe-per-shqiperine-video","status":"publish","type":"post","link":"https:\/\/rdnews.al\/index.php\/2024\/03\/07\/vokshi-ne-kongresin-e-ppe-vendime-te-rendesishme-edhe-per-shqiperine-video\/","title":{"rendered":"Vokshi n\u00eb Kongresin e PPE: Vendime t\u00eb r\u00ebnd\u00ebsishme edhe p\u00ebr Shqip\u00ebrin\u00eb! (Video)"},"content":{"rendered":"<p>Kryetarja e Lidhjes Demokratike t\u00eb Gruas, Albana Vokshi ishte e vetmja deputete shqiptare q\u00eb mori pjes\u00eb n\u00eb Kongresin e PPE q\u00eb u zhvillua n\u00eb Bukuresht.<\/p>\n<p>Gjat\u00eb nj\u00eb video-mesazhi t\u00eb shkurt\u00ebr, Vokshi thekson se, n\u00eb Kongresin e Partive popullore Europiane priten t\u00eb merren vendime t\u00eb r\u00ebnd\u00ebsishme edhe p\u00ebr Shqip\u00ebrin\u00eb.<\/p>\n<p>\u201cSi\u00e7 e shikoni jam n\u00eb Kongresin e Partive Popullore Europiane n\u00eb Bukuresht ku priten t\u00eb merren vendime t\u00eb r\u00ebnd\u00ebsishme n\u00eb miratimin e disa rezolutave, nj\u00ebra prej t\u00eb cilave p\u00ebr Shqip\u00ebrin\u00eb. Gjithashtu ka edhe vendime t\u00eb tjera t\u00eb r\u00ebnd\u00ebsishme p\u00ebr sa i p\u00ebrket zgjedhjeve t\u00eb ardhshme n\u00eb Parlamentin Europian\u201d,\u00a0thot\u00eb Vokshi.<\/p>\n<p><iframe loading=\"lazy\" style=\"border: none; overflow: hidden;\" src=\"https:\/\/www.facebook.com\/plugins\/video.php?height=316&amp;href=https%3A%2F%2Fwww.facebook.com%2Falbana.vokshi%2Fvideos%2F7585356758142350%2F&amp;show_text=false&amp;width=560&amp;t=0\" width=\"560\" height=\"316\" frameborder=\"0\" scrolling=\"no\" allowfullscreen=\"allowfullscreen\"><\/iframe><\/p>\n","protected":false},"excerpt":{"rendered":"<p>Kryetarja e Lidhjes Demokratike t\u00eb Gruas, Albana Vokshi ishte e vetmja deputete shqiptare q\u00eb mori pjes\u00eb n\u00eb Kongresin e PPE q\u00eb u zhvillua n\u00eb Bukuresht. Gjat\u00eb nj\u00eb video-mesazhi t\u00eb shkurt\u00ebr, Vokshi thekson se, n\u00eb Kongresin e Partive popullore Europiane priten t\u00eb merren vendime t\u00eb r\u00ebnd\u00ebsishme edhe p\u00ebr Shqip\u00ebrin\u00eb. \u201cSi\u00e7 e shikoni jam n\u00eb Kongresin e &hellip;<\/p>\n","protected":false},"author":4,"featured_media":0,"comment_status":"closed","ping_status":"closed","sticky":false,"template":"","format":"standard","meta":{"footnotes":""},"categories":[37],"tags":[],"class_list":["post-73228","post","type-post","status-publish","format-standard","","category-politike"],"_links":{"self":[{"href":"https:\/\/rdnews.al\/index.php\/wp-json\/wp\/v2\/posts\/73228","targetHints":{"allow":["GET"]}}],"collection":[{"href":"https:\/\/rdnews.al\/index.php\/wp-json\/wp\/v2\/posts"}],"about":[{"href":"https:\/\/rdnews.al\/index.php\/wp-json\/wp\/v2\/types\/post"}],"author":[{"embeddable":true,"href":"https:\/\/rdnews.al\/index.php\/wp-json\/wp\/v2\/users\/4"}],"replies":[{"embeddable":true,"href":"https:\/\/rdnews.al\/index.php\/wp-json\/wp\/v2\/comments?post=73228"}],"version-history":[{"count":0,"href":"https:\/\/rdnews.al\/index.php\/wp-json\/wp\/v2\/posts\/73228\/revisions"}],"wp:attachment":[{"href":"https:\/\/rdnews.al\/index.php\/wp-json\/wp\/v2\/media?parent=73228"}],"wp:term":[{"taxonomy":"category","embeddable":true,"href":"https:\/\/rdnews.al\/index.php\/wp-json\/wp\/v2\/categories?post=73228"},{"taxonomy":"post_tag","embeddable":true,"href":"https:\/\/rdnews.al\/index.php\/wp-json\/wp\/v2\/tags?post=73228"}],"curies":[{"name":"wp","href":"https:\/\/api.w.org\/{rel}","templated":true}]}}