{"id":73231,"date":"2024-03-07T10:36:13","date_gmt":"2024-03-07T10:36:13","guid":{"rendered":"https:\/\/rdnews.al\/?p=73231"},"modified":"2024-03-07T12:17:49","modified_gmt":"2024-03-07T12:17:49","slug":"ky-eshte-resorti-i-gjiknurit-ne-butrint-dhe-resorti-i-xhackes-ne-dhermi","status":"publish","type":"post","link":"https:\/\/rdnews.al\/index.php\/2024\/03\/07\/ky-eshte-resorti-i-gjiknurit-ne-butrint-dhe-resorti-i-xhackes-ne-dhermi\/","title":{"rendered":"Ky \u00ebsht\u00eb resorti i Gjiknurit n\u00eb Butrint dhe resorti i Xha\u00e7k\u00ebs n\u00eb Dh\u00ebrmi (Foto)"},"content":{"rendered":"<p>Deputeti i PD, Agron Shehaj, ka publikuar para mediave sot dy fotografi, q\u00eb jan\u00eb d\u00ebshmi e pasoj\u00ebs direkte t\u00eb Ligjit t\u00eb Investimeve Strategjike q\u00eb mazhoranca socialiste u turr t\u00eb votonte sot n\u00eb parlament mesp\u00ebrmes protest\u00ebs s\u00eb deputet\u00ebve opozitar\u00eb dhe pa pranin\u00eb e t\u00eb gjith\u00eb deputet\u00ebve t\u00eb pranish\u00ebm sipas ligjit.<\/p>\n<p>\u201cKjo \u2018pika e vog\u00ebl\u2019, tregoi Shehaj, duke p\u00ebrdorur me ironi shprehjen e ministres Mirela Kumbaro &#8211; ishte pjes\u00eb e Parkut Komb\u00ebtar t\u00eb Butrintit. Qeveria e hoqi nga Parku dhe ia dha Gjiknurit. Kjo \u00ebsht\u00eb. Ishte nj\u00eb perl\u00eb e paprekur, pjes\u00eb e Parkut, tani shikojeni \u00e7far\u00eb po nd\u00ebrton Gjiknuri.<\/p>\n<p>E nj\u00ebjta gj\u00eb, ish-ministrja. Ky \u00ebsht\u00eb plazhi i Dh\u00ebrmiut, ku ish-ministrja u fut n\u00eb politik\u00eb me xhepat bosh dhe tani po nd\u00ebrton nj\u00eb resort. Kjo \u00ebsht\u00eb arsyeja pse Ligji p\u00ebr Investimet Strategjike \u00ebsht\u00eb shtyr\u00eb edhe nj\u00eb vit tjet\u00ebr.<\/p>\n<p>Kjo \u00ebsht\u00eb arsyeja pse para dy jav\u00ebsh u aprovuan ndryshimet e Ligjit p\u00ebr Zonat e Mbrojtura, sepse k\u00ebta kan\u00eb vet\u00ebm nj\u00eb q\u00ebllim: t\u00eb kapin \u00e7do gj\u00eb q\u00eb ka vler\u00eb n\u00eb bregdetin e Shqip\u00ebris\u00eb dhe t\u00eb nd\u00ebrtojn\u00eb resorte p\u00ebr veten e tyre, p\u00ebr miqt\u00eb e tyre, p\u00ebr familjar\u00ebt e tyre.<\/p>\n<p>Un\u00eb mendoj se problemi i k\u00ebtij vendi \u00ebsht\u00eb mazhoranca, \u00ebsht\u00eb qeveria q\u00eb merr pronat e qytetar\u00ebve t\u00eb thjesht\u00eb dhe i p\u00ebrvet\u00ebson dhe pasurohet me to. Ky \u00ebsht\u00eb problemi, pastaj mund t\u00eb diskutojm\u00eb sa t\u00eb duam mbi m\u00ebnyr\u00ebn si b\u00ebhet opozita.<\/p>\n<p>Un\u00eb jam i mendimit q\u00eb ne duhet t\u00eb b\u00ebjm\u00eb nj\u00eb opozit\u00eb t\u00eb v\u00ebrtet\u00eb dhe t\u00eb flasim tro\u00e7. Me fakte dhe me prova dhe jo n\u00eb p\u00ebrgjith\u00ebsi. Kjo \u00ebsht\u00eb ajo \u00e7far\u00eb un\u00eb b\u00ebj dhe mbaj p\u00ebrgjegjegj\u00ebsi\u201d, tha Shehaj.<\/p>\n<p><img loading=\"lazy\" decoding=\"async\" class=\"alignnone size-medium wp-image-73233\" src=\"https:\/\/rdnews.al\/wp-content\/uploads\/2024\/03\/she-300x141.png\" alt=\"\" width=\"300\" height=\"141\" srcset=\"https:\/\/rdnews.al\/wp-content\/uploads\/2024\/03\/she-300x141.png 300w, https:\/\/rdnews.al\/wp-content\/uploads\/2024\/03\/she.png 732w\" sizes=\"auto, (max-width: 300px) 100vw, 300px\" \/><\/p>\n<p><img loading=\"lazy\" decoding=\"async\" class=\"alignnone size-medium wp-image-73232\" src=\"https:\/\/rdnews.al\/wp-content\/uploads\/2024\/03\/11-300x133.png\" alt=\"\" width=\"300\" height=\"133\" srcset=\"https:\/\/rdnews.al\/wp-content\/uploads\/2024\/03\/11-300x133.png 300w, https:\/\/rdnews.al\/wp-content\/uploads\/2024\/03\/11-768x340.png 768w, https:\/\/rdnews.al\/wp-content\/uploads\/2024\/03\/11.png 960w\" sizes=\"auto, (max-width: 300px) 100vw, 300px\" \/><\/p>\n","protected":false},"excerpt":{"rendered":"<p>Deputeti i PD, Agron Shehaj, ka publikuar para mediave sot dy fotografi, q\u00eb jan\u00eb d\u00ebshmi e pasoj\u00ebs direkte t\u00eb Ligjit t\u00eb Investimeve Strategjike q\u00eb mazhoranca socialiste u turr t\u00eb votonte sot n\u00eb parlament mesp\u00ebrmes protest\u00ebs s\u00eb deputet\u00ebve opozitar\u00eb dhe pa pranin\u00eb e t\u00eb gjith\u00eb deputet\u00ebve t\u00eb pranish\u00ebm sipas ligjit. \u201cKjo \u2018pika e vog\u00ebl\u2019, tregoi Shehaj, &hellip;<\/p>\n","protected":false},"author":4,"featured_media":73264,"comment_status":"closed","ping_status":"closed","sticky":false,"template":"","format":"standard","meta":{"footnotes":""},"categories":[37],"tags":[],"class_list":["post-73231","post","type-post","status-publish","format-standard","has-post-thumbnail","","category-politike"],"_links":{"self":[{"href":"https:\/\/rdnews.al\/index.php\/wp-json\/wp\/v2\/posts\/73231","targetHints":{"allow":["GET"]}}],"collection":[{"href":"https:\/\/rdnews.al\/index.php\/wp-json\/wp\/v2\/posts"}],"about":[{"href":"https:\/\/rdnews.al\/index.php\/wp-json\/wp\/v2\/types\/post"}],"author":[{"embeddable":true,"href":"https:\/\/rdnews.al\/index.php\/wp-json\/wp\/v2\/users\/4"}],"replies":[{"embeddable":true,"href":"https:\/\/rdnews.al\/index.php\/wp-json\/wp\/v2\/comments?post=73231"}],"version-history":[{"count":0,"href":"https:\/\/rdnews.al\/index.php\/wp-json\/wp\/v2\/posts\/73231\/revisions"}],"wp:featuredmedia":[{"embeddable":true,"href":"https:\/\/rdnews.al\/index.php\/wp-json\/wp\/v2\/media\/73264"}],"wp:attachment":[{"href":"https:\/\/rdnews.al\/index.php\/wp-json\/wp\/v2\/media?parent=73231"}],"wp:term":[{"taxonomy":"category","embeddable":true,"href":"https:\/\/rdnews.al\/index.php\/wp-json\/wp\/v2\/categories?post=73231"},{"taxonomy":"post_tag","embeddable":true,"href":"https:\/\/rdnews.al\/index.php\/wp-json\/wp\/v2\/tags?post=73231"}],"curies":[{"name":"wp","href":"https:\/\/api.w.org\/{rel}","templated":true}]}}