{"id":73241,"date":"2024-03-07T11:10:43","date_gmt":"2024-03-07T11:10:43","guid":{"rendered":"https:\/\/rdnews.al\/?p=73241"},"modified":"2024-03-07T11:10:43","modified_gmt":"2024-03-07T11:10:43","slug":"sot-nuk-eshte-dita-e-mesuesit-eshte-dita-qe-legjitimoi-diktaturen-ne-arsim","status":"publish","type":"post","link":"https:\/\/rdnews.al\/index.php\/2024\/03\/07\/sot-nuk-eshte-dita-e-mesuesit-eshte-dita-qe-legjitimoi-diktaturen-ne-arsim\/","title":{"rendered":"Sot nuk \u00ebsht\u00eb dita e m\u00ebsuesit! Esht\u00eb dita q\u00eb legjitimoi diktatur\u00ebn n\u00eb arsim!"},"content":{"rendered":"<p><strong>Enver BYTY\u00c7I<\/strong><\/p>\n<p>Sot \u00ebsht\u00eb shtat\u00eb marsi. Esht\u00eb dita kur u hap shkolla e par\u00eb laike n\u00eb Shqip\u00ebri. Komunizmi ateist e shpalli si dit\u00ebn e M\u00ebsuesit dhe sot vazhdojm\u00eb ta p\u00ebrkufizojm\u00eb si t\u00eb till\u00eb. N\u00eb fakt m\u00ebsues Shqip\u00ebria ka patur shum\u00eb shekuj para vitit 1887. Universiteti i par\u00eb u hap n\u00eb Dorr\u00ebs n\u00eb vitin 1380, para se t\u00eb hapej universiteti i par\u00eb gjerman n\u00eb Heidelberg.Universiteti i Durr\u00ebsit universitet kishte pedagog\u00eb (m\u00ebsues) shqiptar\u00eb. Madje m\u00ebsuesi n\u00eb Shqip\u00ebri ka ekzistuar q\u00eb n\u00eb lasht\u00ebsi, n\u00eb mos n\u00eb prehistori. Nuk ka lindur profesioni i m\u00ebsuesit n\u00eb vendin ton\u00eb n\u00eb fund t\u00eb shekullit XIX! Kjo dat\u00eb legjitimon shpifjet serbe p\u00ebr shqiptar\u00ebt si \u201cnjer\u00ebz me bisht\u201d!<\/p>\n<p>Shtat\u00eb marsi i vitit 1887 u shfryt\u00ebzua djall\u00ebzisht p\u00ebr t\u00eb edukuar te shqiptar\u00ebt ateizmin. N\u00eb shekullin e 19-t\u00eb nuk kishte ndonj\u00eb dat\u00eb q\u00eb simbolizonte ateizmin dhe gjet\u00ebn k\u00ebt\u00eb dat\u00eb q\u00eb sh\u00ebnon laicizmin e arsimit shqip. Nd\u00ebrkoh\u00eb para shkoll\u00ebs s\u00eb par\u00eb laike shqipe kan\u00eb ekzistuar shkollat fran\u00e7eskane, domenikane dhe shkolla t\u00eb tjera, ku \u00ebsht\u00eb m\u00ebsuar edhe gjuha shqipe, let\u00ebrsia shqipe, kultura dhe historia shqipe, p\u00ebrve\u00e7 religjionit. K\u00ebto shkolla q\u00eb datojn\u00eb q\u00eb nga fillimi i shekullit t\u00eb XVI kishin m\u00ebsues shqiptar\u00eb, prift\u00ebrinj katolik\u00eb t\u00eb zot\u00eb e atdhetar\u00eb t\u00eb jasht\u00ebzakonsh\u00ebm. Ata kan\u00eb l\u00ebn\u00eb gjurm\u00eb n\u00eb historin\u00eb ton\u00eb. Si mund t\u00eb mendosh se Shqip\u00ebria kishte krijues n\u00eb gjih\u00ebn shqipe si Pjet\u00ebr Bogdani dhe t\u00eb besosh se ajo nuk kishte m\u00ebsues n\u00eb at\u00eb koh\u00eb?! Absurdi i diktaturave t\u00eb b\u00ebn budalla!<\/p>\n<p>Megjithat\u00eb historin\u00eb e shkollave fetare n\u00eb Shqip\u00ebri me m\u00ebsues shqiptar\u00eb prift\u00ebrinjt\u00eb katolik\u00eb askush nuk e studion. Ata q\u00eb studiojn\u00eb periudh\u00ebn n\u00eb fjal\u00eb jan\u00eb akademik\u00eb q\u00eb nuk pajtohen me faktin se Shqip\u00ebria kishte m\u00ebsues edhe para 7 marsit 1887. Ata seleksionojn\u00eb dokumentet, fshehin faktet, zhdukin provat, sepse jan\u00eb akademik\u00eb ateist\u00eb t\u00eb pandreqsh\u00ebm. Edhe pse kan\u00eb kaluar mbi 30 vite nga rr\u00ebzimi i diktatur\u00ebs, k\u00ebta akademik\u00eb vazhdojn\u00eb t\u00eb kryejn\u00eb misione anti-historike n\u00eb sh\u00ebrbim t\u00eb saj. Dhe kur ngrihen z\u00ebra kund\u00ebr tyre p\u00ebrdorin fjalorin e diktatorit t\u00eb dikursh\u00ebm e t\u00eb k\u00ebtij t\u00eb sotmit \u201csharlatan\u00eb\u201d!<\/p>\n<p>Zot na ruaj nga fallsifikator\u00ebt e historis\u00eb s\u00eb shqiptar\u00ebve! Sot nuk \u00ebsht\u00eb dita e m\u00ebsuesit! Me m\u00ebsuesin vet\u00ebm se spekullohet. Esht\u00eb dita e ateizmit n\u00eb em\u00ebr t\u00eb laicizmit. Esht\u00eb dita e p\u00ebrligjjes s\u00eb diktatur\u00ebs n\u00eb histori, arsim e kultur\u00ebn shqiptare. Sepse duktaturat nuk marrin form\u00ebn e tyre t\u00eb plot\u00eb, n\u00ebse ato nuk kapin edhe kultur\u00ebn. Ndaj ndodhi shembja e Teatrit Komb\u00ebtar! Tani e ka radh\u00ebn Muzeu Historik Komb\u00ebtar! Dhe m\u00ebsuesit q\u00eb d\u00ebrgojn\u00eb nx\u00ebn\u00ebsit n\u00eb k\u00ebt\u00eb muze, do t\u00eb duhet t\u00eb k\u00ebnaqen se pushteti i nderon ata me pak laiciz\u00ebm t\u00eb shpifur, t\u00eb shnd\u00ebrruar n\u00eb ateiz\u00ebm!<\/p>\n","protected":false},"excerpt":{"rendered":"<p>Enver BYTY\u00c7I Sot \u00ebsht\u00eb shtat\u00eb marsi. Esht\u00eb dita kur u hap shkolla e par\u00eb laike n\u00eb Shqip\u00ebri. Komunizmi ateist e shpalli si dit\u00ebn e M\u00ebsuesit dhe sot vazhdojm\u00eb ta p\u00ebrkufizojm\u00eb si t\u00eb till\u00eb. N\u00eb fakt m\u00ebsues Shqip\u00ebria ka patur shum\u00eb shekuj para vitit 1887. Universiteti i par\u00eb u hap n\u00eb Dorr\u00ebs n\u00eb vitin 1380, para &hellip;<\/p>\n","protected":false},"author":4,"featured_media":28434,"comment_status":"closed","ping_status":"closed","sticky":false,"template":"","format":"standard","meta":{"footnotes":""},"categories":[44],"tags":[],"class_list":["post-73241","post","type-post","status-publish","format-standard","has-post-thumbnail","","category-editorial"],"_links":{"self":[{"href":"https:\/\/rdnews.al\/index.php\/wp-json\/wp\/v2\/posts\/73241","targetHints":{"allow":["GET"]}}],"collection":[{"href":"https:\/\/rdnews.al\/index.php\/wp-json\/wp\/v2\/posts"}],"about":[{"href":"https:\/\/rdnews.al\/index.php\/wp-json\/wp\/v2\/types\/post"}],"author":[{"embeddable":true,"href":"https:\/\/rdnews.al\/index.php\/wp-json\/wp\/v2\/users\/4"}],"replies":[{"embeddable":true,"href":"https:\/\/rdnews.al\/index.php\/wp-json\/wp\/v2\/comments?post=73241"}],"version-history":[{"count":0,"href":"https:\/\/rdnews.al\/index.php\/wp-json\/wp\/v2\/posts\/73241\/revisions"}],"wp:featuredmedia":[{"embeddable":true,"href":"https:\/\/rdnews.al\/index.php\/wp-json\/wp\/v2\/media\/28434"}],"wp:attachment":[{"href":"https:\/\/rdnews.al\/index.php\/wp-json\/wp\/v2\/media?parent=73241"}],"wp:term":[{"taxonomy":"category","embeddable":true,"href":"https:\/\/rdnews.al\/index.php\/wp-json\/wp\/v2\/categories?post=73241"},{"taxonomy":"post_tag","embeddable":true,"href":"https:\/\/rdnews.al\/index.php\/wp-json\/wp\/v2\/tags?post=73241"}],"curies":[{"name":"wp","href":"https:\/\/api.w.org\/{rel}","templated":true}]}}