{"id":73243,"date":"2024-03-07T11:15:32","date_gmt":"2024-03-07T11:15:32","guid":{"rendered":"https:\/\/rdnews.al\/?p=73243"},"modified":"2024-03-07T11:15:32","modified_gmt":"2024-03-07T11:15:32","slug":"xhaferraj-kerkon-qe-berisha-te-beje-nje-hap-pas","status":"publish","type":"post","link":"https:\/\/rdnews.al\/index.php\/2024\/03\/07\/xhaferraj-kerkon-qe-berisha-te-beje-nje-hap-pas\/","title":{"rendered":"Xhaferraj k\u00ebrkon q\u00eb Berisha t\u00eb b\u00ebj\u00eb nj\u00eb hap pas"},"content":{"rendered":"<p>Munges\u00ebn n\u00eb mbledhjen e K\u00ebshillit Komb\u00ebtar n\u00eb selin\u00eb blu dit\u00ebn e djeshme, Ferdinand Xhaferaj e cil\u00ebsoi m\u00eb shum\u00eb si \u00e7\u00ebshtje angazhimesh sesa nj\u00eb form\u00eb p\u00ebr t\u00eb treguar kund\u00ebrshtin\u00eb e tij p\u00ebr ndryshimit e fundit t\u00eb statutit t\u00eb Partis\u00eb Demokratike t\u00eb Rithemelimit.<\/p>\n<p>Megjithat\u00eb, deputeti demokrat, i ftuar mbr\u00ebmjen e s\u00eb m\u00ebrkur\u00ebs n\u00eb \u201cDebat\u201d nga Alba Alishani shtroi nj\u00eb s\u00ebr\u00eb problematikash t\u00eb reja n\u00eb kampin blu, q\u00eb si\u00e7 u shpreh ai, mund t\u00eb v\u00ebn\u00eb n\u00eb pik\u00ebpyetje \u201cbashkimin n\u00eb diversitet.\u201d<\/p>\n<p>\u201c<em>Pas 8 janarit, u zhvler\u00ebsua mekanizmi i vot\u00ebs. M\u00eb 8 janar, dy vite m\u00eb par\u00eb, nj\u00eb pjes\u00eb e madhe shkoi t\u00eb nxirrte me dhun\u00eb nj\u00eb pjes\u00eb m\u00eb t\u00eb vog\u00ebl&#8230; Kan\u00eb gjetur nj\u00eb mekaniz\u00ebm poziciones dhe kjo mua nuk m\u00eb p\u00eblqen<\/em>\u201d, tha ai.<\/p>\n<p>PD e Rithemelimit, pas ndryshimeve t\u00eb fundit statutore, q\u00eb u miratuan nga K\u00ebshilli Komb\u00ebtar nj\u00eb dit\u00eb m\u00eb par\u00eb, ka kat\u00ebr n\u00ebnkryetar\u00eb dhe n\u00ebnt\u00eb an\u00ebtar\u00eb t\u00eb rinj t\u00eb Kryesis\u00eb. Ndryshimet u b\u00ebn\u00eb me propozim t\u00eb Sali Berish\u00ebs, nga arresti sht\u00ebpiak. Pa vot\u00eb dhe pa gar\u00eb, n\u00ebnkryetar\u00eb u em\u00ebruan Gazment Bardhi dhe Agron Gjekmarkaj.<\/p>\n<p>Vendimet e marr\u00eb dit\u00ebn e djeshme n\u00eb selin\u00eb blu has\u00ebn n\u00eb kund\u00ebrshtimin e disa deputet\u00ebve t\u00eb grupit t\u00eb Gazment Bardhit dhe t\u00eb disa an\u00ebtar\u00ebve t\u00eb K\u00ebshillit Komb\u00ebtar.<\/p>\n<p>Si nj\u00eb prej atyre q\u00eb ka kund\u00ebrshtime, deputeti Xhaferaj thot\u00eb se opozita e ka sot m\u00eb t\u00eb nevojshme se kurr\u00eb q\u00eb t\u00eb krijoj\u00eb nj\u00eb bazament p\u00ebr t\u00eb dal\u00eb si alternative, duke marr\u00eb parasysh afrimin e zgjedhjeve t\u00eb 2025-\u00ebs.<\/p>\n<p>\u201c<em>Si do t\u00eb implementohen parimet, q\u00eb ky bashkimet t\u00eb funksionoj\u00eb v\u00ebrtet, si bashkim n\u00eb diversitet, q\u00eb opozita t\u00eb krijoj\u00eb bazamentit p\u00ebr t\u00eb dal\u00eb si alternativ\u00eb? Ng\u00ebr\u00e7i n\u00eb k\u00ebt\u00eb rast \u00ebsht\u00eb q\u00eb n\u00eb stadin aktual ku jemi, kjo p\u00ebrpjekje p\u00ebr nj\u00eb bashkim m\u00eb t\u00eb fuqish\u00ebm opozitar, ka rrezikun t\u00eb mos funksionoj\u00eb si bashkim n\u00eb diversitet, por si n\u00ebnshtrim n\u00eb vasalitet<\/em>,\u201d deklaroi ai.<\/p>\n<p>K\u00ebshtu, m\u00eb e mira p\u00ebr opozit\u00ebn, sipas Xhaferajt do t\u00eb ishte q\u00eb kreu i Rithemelimit, Sali Berisha, t\u00eb b\u00ebnte nj\u00eb hap pas.<\/p>\n<p>\u201c.<em>..nuk e prisnim q\u00eb protesta t\u00eb kishte at\u00eb pjes\u00ebmarrje, por dy gjera; ishte e palogjikshme q\u00eb Berisha foli nj\u00eb ore e ca minuta e nd\u00ebrsa gjith\u00eb t\u00eb tjer\u00ebt bashk\u00eb 35 minuta. Dhe e dyta, me k\u00eb e konsultoi Berisha programin q\u00eb prezantoi n\u00eb at\u00eb protest\u00eb? I ngelem mendimit, bashkim n\u00eb diversitet do t\u00eb thot\u00eb q\u00eb asnj\u00eb sm\u00eb kufizon dot mua nga e drejta ime p\u00ebr t\u2019u shprehu<\/em>&#8230;\u201d, tha ai. \u00a0P\u00ebr Xhaferajn, zgjidhje sot \u00ebsht\u00eb t\u00eb bashkohet elektorati i Partis\u00eb Demokratike.<\/p>\n","protected":false},"excerpt":{"rendered":"<p>Munges\u00ebn n\u00eb mbledhjen e K\u00ebshillit Komb\u00ebtar n\u00eb selin\u00eb blu dit\u00ebn e djeshme, Ferdinand Xhaferaj e cil\u00ebsoi m\u00eb shum\u00eb si \u00e7\u00ebshtje angazhimesh sesa nj\u00eb form\u00eb p\u00ebr t\u00eb treguar kund\u00ebrshtin\u00eb e tij p\u00ebr ndryshimit e fundit t\u00eb statutit t\u00eb Partis\u00eb Demokratike t\u00eb Rithemelimit. Megjithat\u00eb, deputeti demokrat, i ftuar mbr\u00ebmjen e s\u00eb m\u00ebrkur\u00ebs n\u00eb \u201cDebat\u201d nga Alba Alishani &hellip;<\/p>\n","protected":false},"author":4,"featured_media":73244,"comment_status":"closed","ping_status":"closed","sticky":false,"template":"","format":"standard","meta":{"footnotes":""},"categories":[37],"tags":[],"class_list":["post-73243","post","type-post","status-publish","format-standard","has-post-thumbnail","","category-politike"],"_links":{"self":[{"href":"https:\/\/rdnews.al\/index.php\/wp-json\/wp\/v2\/posts\/73243","targetHints":{"allow":["GET"]}}],"collection":[{"href":"https:\/\/rdnews.al\/index.php\/wp-json\/wp\/v2\/posts"}],"about":[{"href":"https:\/\/rdnews.al\/index.php\/wp-json\/wp\/v2\/types\/post"}],"author":[{"embeddable":true,"href":"https:\/\/rdnews.al\/index.php\/wp-json\/wp\/v2\/users\/4"}],"replies":[{"embeddable":true,"href":"https:\/\/rdnews.al\/index.php\/wp-json\/wp\/v2\/comments?post=73243"}],"version-history":[{"count":0,"href":"https:\/\/rdnews.al\/index.php\/wp-json\/wp\/v2\/posts\/73243\/revisions"}],"wp:featuredmedia":[{"embeddable":true,"href":"https:\/\/rdnews.al\/index.php\/wp-json\/wp\/v2\/media\/73244"}],"wp:attachment":[{"href":"https:\/\/rdnews.al\/index.php\/wp-json\/wp\/v2\/media?parent=73243"}],"wp:term":[{"taxonomy":"category","embeddable":true,"href":"https:\/\/rdnews.al\/index.php\/wp-json\/wp\/v2\/categories?post=73243"},{"taxonomy":"post_tag","embeddable":true,"href":"https:\/\/rdnews.al\/index.php\/wp-json\/wp\/v2\/tags?post=73243"}],"curies":[{"name":"wp","href":"https:\/\/api.w.org\/{rel}","templated":true}]}}