{"id":73254,"date":"2024-03-07T11:48:12","date_gmt":"2024-03-07T11:48:12","guid":{"rendered":"https:\/\/rdnews.al\/?p=73254"},"modified":"2024-03-07T11:51:30","modified_gmt":"2024-03-07T11:51:30","slug":"elisa-harron-pacen-tani-do-peshk-ne-dreke-dhe-ne-darke","status":"publish","type":"post","link":"https:\/\/rdnews.al\/index.php\/2024\/03\/07\/elisa-harron-pacen-tani-do-peshk-ne-dreke-dhe-ne-darke\/","title":{"rendered":"Elisa harron pa\u00e7en, tani do peshk n\u00eb drek\u00eb dhe n\u00eb dark\u00eb\u2026"},"content":{"rendered":"<p>Edhe sot n\u00eb Parlament, nuk mund t\u00eb rrinte pa folur Elisa Spiropali, vajza dikur e &#8220;Majft\u201d-it dhe 99-\u00e7ave q\u00eb tashm\u00eb \u00ebsht\u00eb nj\u00eb ministre e socialist\u00ebve.<\/p>\n<p>Ajo foli p\u00ebr 7 Marsin, nd\u00ebrkoh\u00eb q\u00eb opozita protestonte. Ajo fliste p\u00ebr 7 Marsin e m\u00ebsuesve q\u00eb i kan\u00eb rrogat ku th\u00ebrret qameti. \u00cbsht\u00eb aq e dhimbshme situata sa nj\u00eb m\u00ebsues merr sot 3 apo 4 her\u00eb m\u00eb pak sesa paguhet Elisa.<\/p>\n<p>Elisa me lidhjet e saj t\u00eb dyshimta me incenerator\u00ebt dhe njer\u00ebzit e tyre, por tani do t&#8217;i kujtojm\u00eb k\u00ebt\u00eb historin\u00eb e k\u00ebtij mesazhi t\u00eb b\u00ebr\u00eb publik disa vite m\u00eb par\u00eb, ku Elisa shkonte n\u00eb Shkod\u00ebr p\u00ebr t\u00eb ngr\u00ebn\u00eb peshk apo pa\u00e7e, megjith\u00ebse at\u00ebher\u00eb nuk kishte luksin me t\u00eb cilin jeton sot dhe nuk kishte mund\u00ebsit\u00eb q\u00eb ka sot.<\/p>\n<p><strong>Postimi i Edip Shirok\u00ebs<\/strong><\/p>\n<p><img loading=\"lazy\" decoding=\"async\" class=\"\" src=\"https:\/\/www.syri.net\/uploads\/syri.net\/images\/2024\/March\/07\/auto_111111111111709811068.jpg\" alt=\"Image\" width=\"558\" height=\"615\" \/><\/p>\n<p>Elisa k\u00ebrkonte peshk m\u00ebngjes, drek\u00eb e dark\u00eb, por sipas Edip Shirok\u00ebs mund t\u00eb hante pa\u00e7en si Endri Shabani apo Endri Shabanin t\u00eb gjith\u00eb.<\/p>\n<p>Gjithsesi po sjellim disa foto p\u00ebr t\u00eb kujtuar si ka ndryshuar Elisa nga koha kur hante pa\u00e7e dhe n\u00eb momentin q\u00eb kaloi n\u00eb peshk n\u00eb drek\u00eb dhe n\u00eb dark\u00eb, apo tani si ministre luksoze e Edi Ram\u00ebs, pasi q\u00ebndroi p\u00ebr disa vite me b\u00ebma dhe gj\u00ebma n\u00eb krye t\u00eb doganave shqiptare.\/CNA<\/p>\n","protected":false},"excerpt":{"rendered":"<p>Edhe sot n\u00eb Parlament, nuk mund t\u00eb rrinte pa folur Elisa Spiropali, vajza dikur e &#8220;Majft\u201d-it dhe 99-\u00e7ave q\u00eb tashm\u00eb \u00ebsht\u00eb nj\u00eb ministre e socialist\u00ebve. Ajo foli p\u00ebr 7 Marsin, nd\u00ebrkoh\u00eb q\u00eb opozita protestonte. Ajo fliste p\u00ebr 7 Marsin e m\u00ebsuesve q\u00eb i kan\u00eb rrogat ku th\u00ebrret qameti. \u00cbsht\u00eb aq e dhimbshme situata sa nj\u00eb &hellip;<\/p>\n","protected":false},"author":4,"featured_media":73255,"comment_status":"closed","ping_status":"closed","sticky":false,"template":"","format":"standard","meta":{"footnotes":""},"categories":[37],"tags":[],"class_list":["post-73254","post","type-post","status-publish","format-standard","has-post-thumbnail","","category-politike"],"_links":{"self":[{"href":"https:\/\/rdnews.al\/index.php\/wp-json\/wp\/v2\/posts\/73254","targetHints":{"allow":["GET"]}}],"collection":[{"href":"https:\/\/rdnews.al\/index.php\/wp-json\/wp\/v2\/posts"}],"about":[{"href":"https:\/\/rdnews.al\/index.php\/wp-json\/wp\/v2\/types\/post"}],"author":[{"embeddable":true,"href":"https:\/\/rdnews.al\/index.php\/wp-json\/wp\/v2\/users\/4"}],"replies":[{"embeddable":true,"href":"https:\/\/rdnews.al\/index.php\/wp-json\/wp\/v2\/comments?post=73254"}],"version-history":[{"count":0,"href":"https:\/\/rdnews.al\/index.php\/wp-json\/wp\/v2\/posts\/73254\/revisions"}],"wp:featuredmedia":[{"embeddable":true,"href":"https:\/\/rdnews.al\/index.php\/wp-json\/wp\/v2\/media\/73255"}],"wp:attachment":[{"href":"https:\/\/rdnews.al\/index.php\/wp-json\/wp\/v2\/media?parent=73254"}],"wp:term":[{"taxonomy":"category","embeddable":true,"href":"https:\/\/rdnews.al\/index.php\/wp-json\/wp\/v2\/categories?post=73254"},{"taxonomy":"post_tag","embeddable":true,"href":"https:\/\/rdnews.al\/index.php\/wp-json\/wp\/v2\/tags?post=73254"}],"curies":[{"name":"wp","href":"https:\/\/api.w.org\/{rel}","templated":true}]}}