{"id":73266,"date":"2024-03-07T12:24:07","date_gmt":"2024-03-07T12:24:07","guid":{"rendered":"https:\/\/rdnews.al\/?p=73266"},"modified":"2024-03-07T12:24:07","modified_gmt":"2024-03-07T12:24:07","slug":"inzaghi-i-beson-serish-asllanit","status":"publish","type":"post","link":"https:\/\/rdnews.al\/index.php\/2024\/03\/07\/inzaghi-i-beson-serish-asllanit\/","title":{"rendered":"Inzaghi i beson s\u00ebrish Asllanit"},"content":{"rendered":"<p>Ndaj Geona-s ishte mbr\u00ebmja e tij, realizoi golin e par\u00eb me fanell\u00ebn zikalt\u00ebr, u vler\u00ebsua nga mediat si lojtari i ndeshjes, mori publikisht elozhet nga trajneri Inzaghi, por k\u00ebto detaje nuk e shp\u00ebrqendruan Kristjan Asllanin. Me p\u00ebrul\u00ebsi dhe fal\u00ebnderues, Asllani nuk harroi mentorin e tij, Hakan Calanoglu, edhe nj\u00eb her\u00eb e fal\u00ebnderoi publikisht p\u00ebr ndihm\u00ebn q\u00eb i ka dh\u00ebn\u00eb q\u00eb nga momenti i par\u00eb kur zbarkoi n\u00eb \u201cAppiano Gentile\u201d. Mes dy regjisor\u00ebve t\u00eb Interit ka nj\u00eb \u201ckimi\u201d t\u00eb jasht\u00ebzakonsh\u00ebm, t\u00eb dy lojtar\u00ebt kan\u00eb krijuar nj\u00eb lidhje shum\u00eb t\u00eb fort\u00eb. Hakan \u00ebsht\u00eb nj\u00eb maestro p\u00ebr Asllanin, nd\u00ebrsa mesfushori kuqezi nj\u00eb v\u00eblla i vog\u00ebl.<\/p>\n<p>Me k\u00ebto fjal\u00eb e nis La Gazzetta dello Sport, artikullin kushtuar k\u00ebsaj dyshe. Asllani po rritet gjithnj\u00eb e m\u00eb shum\u00eb, ndaj Geona-s ishte ndeshja e tret\u00eb radhazi q\u00eb zbriti si titullar n\u00eb Serie A, por Simone Inzaghi pritet t\u2019i besoj s\u00ebrish, k\u00ebt\u00eb her\u00eb kund\u00ebr Bologna-s. Sipas mediave italiane, pavar\u00ebsisht se Calhanoglu \u00ebsht\u00eb rikuperuar, Inzaghi pritet t\u2019i besoj s\u00ebrish Asllanit, kjo dhe p\u00ebr faktin q\u00eb k\u00ebrkon ta ket\u00eb turkun n\u00eb kushte optimale p\u00ebr ndeshjen e kthimin kund\u00ebr Atletico Madrid n\u00eb Champions League.<\/p>\n<p>Sipas t\u00eb gjith\u00eb gjasave, Calhanoglu pritet t\u00eb aktivizohet vet\u00ebm disa minuta n\u00eb var\u00ebsi se si do t\u00eb shkoj ndeshja me Bologna-n. N\u00ebse Inter po shk\u00eblqen k\u00ebt\u00eb sezon, edhe Asllani ka nj\u00eb pjes\u00eb t\u00eb merit\u00ebs, m\u00eb n\u00eb fund Calhanoglu ka pushuar i qet\u00eb, nd\u00ebrsa ylli kuqezi ka qen\u00eb n\u00eb lart\u00ebsin\u00eb e duhur duke udh\u00ebhequr me personalitet dhe klas mesfush\u00ebn zikalt\u00ebr.<\/p>\n","protected":false},"excerpt":{"rendered":"<p>Ndaj Geona-s ishte mbr\u00ebmja e tij, realizoi golin e par\u00eb me fanell\u00ebn zikalt\u00ebr, u vler\u00ebsua nga mediat si lojtari i ndeshjes, mori publikisht elozhet nga trajneri Inzaghi, por k\u00ebto detaje nuk e shp\u00ebrqendruan Kristjan Asllanin. Me p\u00ebrul\u00ebsi dhe fal\u00ebnderues, Asllani nuk harroi mentorin e tij, Hakan Calanoglu, edhe nj\u00eb her\u00eb e fal\u00ebnderoi publikisht p\u00ebr ndihm\u00ebn &hellip;<\/p>\n","protected":false},"author":4,"featured_media":73000,"comment_status":"closed","ping_status":"closed","sticky":false,"template":"","format":"standard","meta":{"footnotes":""},"categories":[39],"tags":[],"class_list":["post-73266","post","type-post","status-publish","format-standard","has-post-thumbnail","","category-sport"],"_links":{"self":[{"href":"https:\/\/rdnews.al\/index.php\/wp-json\/wp\/v2\/posts\/73266","targetHints":{"allow":["GET"]}}],"collection":[{"href":"https:\/\/rdnews.al\/index.php\/wp-json\/wp\/v2\/posts"}],"about":[{"href":"https:\/\/rdnews.al\/index.php\/wp-json\/wp\/v2\/types\/post"}],"author":[{"embeddable":true,"href":"https:\/\/rdnews.al\/index.php\/wp-json\/wp\/v2\/users\/4"}],"replies":[{"embeddable":true,"href":"https:\/\/rdnews.al\/index.php\/wp-json\/wp\/v2\/comments?post=73266"}],"version-history":[{"count":0,"href":"https:\/\/rdnews.al\/index.php\/wp-json\/wp\/v2\/posts\/73266\/revisions"}],"wp:featuredmedia":[{"embeddable":true,"href":"https:\/\/rdnews.al\/index.php\/wp-json\/wp\/v2\/media\/73000"}],"wp:attachment":[{"href":"https:\/\/rdnews.al\/index.php\/wp-json\/wp\/v2\/media?parent=73266"}],"wp:term":[{"taxonomy":"category","embeddable":true,"href":"https:\/\/rdnews.al\/index.php\/wp-json\/wp\/v2\/categories?post=73266"},{"taxonomy":"post_tag","embeddable":true,"href":"https:\/\/rdnews.al\/index.php\/wp-json\/wp\/v2\/tags?post=73266"}],"curies":[{"name":"wp","href":"https:\/\/api.w.org\/{rel}","templated":true}]}}