{"id":73286,"date":"2024-03-07T18:11:50","date_gmt":"2024-03-07T18:11:50","guid":{"rendered":"https:\/\/rdnews.al\/?p=73286"},"modified":"2024-03-07T18:11:50","modified_gmt":"2024-03-07T18:11:50","slug":"berisha-sot-7-marsi-e-gjen-arsimin-shqiptar-me-flamur-ne-gjysme-shtize","status":"publish","type":"post","link":"https:\/\/rdnews.al\/index.php\/2024\/03\/07\/berisha-sot-7-marsi-e-gjen-arsimin-shqiptar-me-flamur-ne-gjysme-shtize\/","title":{"rendered":"Berisha: Sot 7 Marsi e gjen arsimin shqiptar me flamur n\u00eb gjysm\u00eb shtiz\u00eb"},"content":{"rendered":"<p>Kryetari i PD, Sali Berisha n\u00eb protest\u00ebn kund\u00ebr arrestimit politik t\u00eb tij ka uruar t\u00eb gjith\u00eb m\u00ebsuesit p\u00ebr fest\u00ebn e 7 Marsit.<\/p>\n<p>Berisha ka shtuar se sot kjo dit\u00eb n\u00eb t\u00eb cil\u00ebn ne duhet t\u00eb kremtonim, duhet t\u00eb nderonim arritjet e nj\u00eb viti t\u00eb arsimit ton\u00eb, t\u00eb shkollave dhe universiteteve tona, p\u00ebr fatin ton\u00eb m\u00eb t\u00eb keq, ne renditemi sot, t\u00eb detyruar degradimin, rrokullisjen e paimagjinueshme t\u00eb arsimit ton\u00eb n\u00eb k\u00ebto vite.<\/p>\n<p>\u201cMir\u00ebmbr\u00ebma dhe p\u00ebrsh\u00ebndetjet m\u00eb t\u00eb p\u00ebrzem\u00ebrta, ju misionar\u00ebve t\u00eb t\u00eb v\u00ebrtet\u00ebs.<\/p>\n<p>P\u00ebrsh\u00ebndetje t\u00eb ve\u00e7ant\u00eb me mir\u00ebnjohje t\u00eb pakufishme m\u00ebsueseve, m\u00ebsuesve, pedagogeve dhe pedagog\u00ebve t\u00eb vendit, nx\u00ebn\u00ebsve dhe student\u00ebve, prind\u00ebrve t\u00eb tyre kudo q\u00eb jan\u00eb.<\/p>\n<p>Nj\u00eb p\u00ebrsh\u00ebndetje t\u00eb ve\u00e7ant\u00eb kam un\u00eb p\u00ebr orator\u00ebt e k\u00ebsaj nate t\u00eb parlamentit t\u00eb liris\u00eb, p\u00ebr mesazhet e tyre q\u00eb dhan\u00eb, p\u00ebr t\u00eb v\u00ebrtetat q\u00eb paraqit\u00ebn sot p\u00ebr gjendjen e arsimit n\u00eb Shqip\u00ebri.<\/p>\n<p>Miqt\u00eb e mi, asnj\u00eb komb nuk ka gj\u00eb m\u00eb serioze se sa arsimin, edukimin e bijve dhe bijave, f\u00ebmij\u00ebve t\u00eb tij.<\/p>\n<p>Ky \u00ebsht\u00eb procesi m\u00eb i r\u00ebnd\u00ebsish\u00ebm, m\u00eb jetik p\u00ebr t\u00eb ardhmen e tij.<\/p>\n<p>Por \u00ebsht\u00eb e dhimbshme, shum\u00eb- shum\u00eb e dhimbshme sepse n\u00eb rast se themi t\u00eb v\u00ebrtet\u00ebn dhe l\u00ebm\u00eb m\u00ebnjan\u00eb fest\u00ebn, sot kjo dit\u00eb e gjen arsimin shqiptar me flamur n\u00eb gjys\u00ebm shtiz\u00eb.<\/p>\n<p>Sot kjo dit\u00eb n\u00eb t\u00eb cil\u00ebn ne duhet t\u00eb kremtonim, duhet t\u00eb nderonim arritjet e nj\u00eb viti t\u00eb arsimit ton\u00eb, t\u00eb shkollave dhe universiteteve tona, p\u00ebr fatin ton\u00eb m\u00eb t\u00eb keq, ne renditemi sot, t\u00eb detyruar degradimin, rrokullisjen e paimagjinueshme t\u00eb arsimit ton\u00eb n\u00eb k\u00ebto vite.<\/p>\n<p>N\u00eb k\u00ebto vite sektori q\u00eb p\u00ebsoi agresionin m\u00eb t\u00eb r\u00ebnd\u00eb, m\u00eb barbar, q\u00eb ndjeu pasojat e tmerrshme t\u00eb sektit antishqiptar Rilindja, \u00ebsht\u00eb arsimi.<\/p>\n<p>E theksoj, sot \u00ebsht\u00eb dit\u00eb e dhimbshme p\u00ebr arsimin ton\u00eb, pasi ky 7 Mars gjen k\u00ebt\u00eb arsim me 720 shkolla m\u00eb pak n\u00eb t\u00eb kat\u00ebr an\u00ebt e vendit.<\/p>\n<p>Sot ky 7 Mars, gjen sistemin ton\u00eb arsimor me dhjet\u00ebra e qindra shkolla t\u00eb tjera dhe klasa q\u00eb nuk do hapin dyert vitin q\u00eb vjen.<\/p>\n<p>Sot ky 7 Mars \u00ebsht\u00eb nj\u00eb dit\u00eb e trishto p\u00ebr \u00e7do shqiptar, p\u00ebr \u00e7do m\u00ebsuese dhe m\u00ebsues, p\u00ebr mbar\u00eb kombin sepse numri i nx\u00ebn\u00ebsve p\u00ebr shkak t\u00eb spastrimit etnik, bie n\u00eb m\u00ebnyr\u00eb katastrofale.<\/p>\n<p>Por sot, m\u00ebsuesi si misionari i madh i k\u00ebtij procesi q\u00eb mbart n\u00eb vetvete ndri\u00e7imin dhe pasurimin e mendjeve t\u00eb f\u00ebmij\u00ebve tan\u00eb, mbart n\u00eb vetvete edukimin e tyre si njer\u00ebz t\u00eb qytet\u00ebruar, mbart n\u00eb vetvete frym\u00ebzimin e tyre, dashurin\u00eb dhe frym\u00ebzimin p\u00ebr veten, p\u00ebr kombin.<\/p>\n<p>T\u00eb gjitha k\u00ebto e gjejn\u00eb m\u00ebsuesin n\u00eb nj\u00eb degradim t\u00eb pamerituar\u201d, tha Berisha.<\/p>\n","protected":false},"excerpt":{"rendered":"<p>Kryetari i PD, Sali Berisha n\u00eb protest\u00ebn kund\u00ebr arrestimit politik t\u00eb tij ka uruar t\u00eb gjith\u00eb m\u00ebsuesit p\u00ebr fest\u00ebn e 7 Marsit. Berisha ka shtuar se sot kjo dit\u00eb n\u00eb t\u00eb cil\u00ebn ne duhet t\u00eb kremtonim, duhet t\u00eb nderonim arritjet e nj\u00eb viti t\u00eb arsimit ton\u00eb, t\u00eb shkollave dhe universiteteve tona, p\u00ebr fatin ton\u00eb m\u00eb &hellip;<\/p>\n","protected":false},"author":4,"featured_media":70138,"comment_status":"closed","ping_status":"closed","sticky":false,"template":"","format":"standard","meta":{"footnotes":""},"categories":[37],"tags":[],"class_list":["post-73286","post","type-post","status-publish","format-standard","has-post-thumbnail","","category-politike"],"_links":{"self":[{"href":"https:\/\/rdnews.al\/index.php\/wp-json\/wp\/v2\/posts\/73286","targetHints":{"allow":["GET"]}}],"collection":[{"href":"https:\/\/rdnews.al\/index.php\/wp-json\/wp\/v2\/posts"}],"about":[{"href":"https:\/\/rdnews.al\/index.php\/wp-json\/wp\/v2\/types\/post"}],"author":[{"embeddable":true,"href":"https:\/\/rdnews.al\/index.php\/wp-json\/wp\/v2\/users\/4"}],"replies":[{"embeddable":true,"href":"https:\/\/rdnews.al\/index.php\/wp-json\/wp\/v2\/comments?post=73286"}],"version-history":[{"count":0,"href":"https:\/\/rdnews.al\/index.php\/wp-json\/wp\/v2\/posts\/73286\/revisions"}],"wp:featuredmedia":[{"embeddable":true,"href":"https:\/\/rdnews.al\/index.php\/wp-json\/wp\/v2\/media\/70138"}],"wp:attachment":[{"href":"https:\/\/rdnews.al\/index.php\/wp-json\/wp\/v2\/media?parent=73286"}],"wp:term":[{"taxonomy":"category","embeddable":true,"href":"https:\/\/rdnews.al\/index.php\/wp-json\/wp\/v2\/categories?post=73286"},{"taxonomy":"post_tag","embeddable":true,"href":"https:\/\/rdnews.al\/index.php\/wp-json\/wp\/v2\/tags?post=73286"}],"curies":[{"name":"wp","href":"https:\/\/api.w.org\/{rel}","templated":true}]}}