{"id":73403,"date":"2024-03-08T18:51:01","date_gmt":"2024-03-08T18:51:01","guid":{"rendered":"https:\/\/rdnews.al\/?p=73403"},"modified":"2024-03-08T18:51:31","modified_gmt":"2024-03-08T18:51:31","slug":"protesta-per-8-marsin-grate-aktiviste-i-vene-flaken-kryeministrise-nata-eshte-e-jona","status":"publish","type":"post","link":"https:\/\/rdnews.al\/index.php\/2024\/03\/08\/protesta-per-8-marsin-grate-aktiviste-i-vene-flaken-kryeministrise-nata-eshte-e-jona\/","title":{"rendered":"Protesta p\u00ebr 8 Marsin\/ Grat\u00eb aktiviste i \u201cven\u00eb flak\u00ebn\u201d Kryeministris\u00eb"},"content":{"rendered":"<p>N\u00eb Tiran\u00eb 8 Marsi \u00ebsht\u00eb sh\u00ebnuar edhe me protesta, p\u00ebrve\u00e7 festave dhe evenimenteve t\u00eb ndryshme p\u00ebr Dit\u00ebn Nd\u00ebrkomb\u00ebtare t\u00eb Gruas. Nj\u00eb grup aktivistesh kan\u00eb marshuar mbr\u00ebmjen e sotome nga Qyteti Studenti drejt Kryeministris\u00eb duke k\u00ebnduar dhe me parrulla p\u00ebr respektimin e t\u00eb drejtave t\u00eb grave.<\/p>\n<p>Protesta ka kulmuar me ndalimin e aktivist\u00ebve para godin\u00ebs s\u00eb Kryeministris\u00eb, ku n\u00eb shenj\u00eb proteste kan\u00eb djegur n\u00eb zjarr brenda nj\u00eb tenxhereje re\u00e7ipetat.<\/p>\n<p><img loading=\"lazy\" decoding=\"async\" class=\"alignnone size-medium wp-image-73405\" src=\"https:\/\/rdnews.al\/wp-content\/uploads\/2024\/03\/1-3-300x173.jpg\" alt=\"\" width=\"300\" height=\"173\" srcset=\"https:\/\/rdnews.al\/wp-content\/uploads\/2024\/03\/1-3-300x173.jpg 300w, https:\/\/rdnews.al\/wp-content\/uploads\/2024\/03\/1-3.jpg 765w\" sizes=\"auto, (max-width: 300px) 100vw, 300px\" \/><\/p>\n","protected":false},"excerpt":{"rendered":"<p>N\u00eb Tiran\u00eb 8 Marsi \u00ebsht\u00eb sh\u00ebnuar edhe me protesta, p\u00ebrve\u00e7 festave dhe evenimenteve t\u00eb ndryshme p\u00ebr Dit\u00ebn Nd\u00ebrkomb\u00ebtare t\u00eb Gruas. Nj\u00eb grup aktivistesh kan\u00eb marshuar mbr\u00ebmjen e sotome nga Qyteti Studenti drejt Kryeministris\u00eb duke k\u00ebnduar dhe me parrulla p\u00ebr respektimin e t\u00eb drejtave t\u00eb grave. Protesta ka kulmuar me ndalimin e aktivist\u00ebve para godin\u00ebs s\u00eb &hellip;<\/p>\n","protected":false},"author":4,"featured_media":73404,"comment_status":"closed","ping_status":"closed","sticky":false,"template":"","format":"standard","meta":{"footnotes":""},"categories":[37],"tags":[],"class_list":["post-73403","post","type-post","status-publish","format-standard","has-post-thumbnail","","category-politike"],"_links":{"self":[{"href":"https:\/\/rdnews.al\/index.php\/wp-json\/wp\/v2\/posts\/73403","targetHints":{"allow":["GET"]}}],"collection":[{"href":"https:\/\/rdnews.al\/index.php\/wp-json\/wp\/v2\/posts"}],"about":[{"href":"https:\/\/rdnews.al\/index.php\/wp-json\/wp\/v2\/types\/post"}],"author":[{"embeddable":true,"href":"https:\/\/rdnews.al\/index.php\/wp-json\/wp\/v2\/users\/4"}],"replies":[{"embeddable":true,"href":"https:\/\/rdnews.al\/index.php\/wp-json\/wp\/v2\/comments?post=73403"}],"version-history":[{"count":0,"href":"https:\/\/rdnews.al\/index.php\/wp-json\/wp\/v2\/posts\/73403\/revisions"}],"wp:featuredmedia":[{"embeddable":true,"href":"https:\/\/rdnews.al\/index.php\/wp-json\/wp\/v2\/media\/73404"}],"wp:attachment":[{"href":"https:\/\/rdnews.al\/index.php\/wp-json\/wp\/v2\/media?parent=73403"}],"wp:term":[{"taxonomy":"category","embeddable":true,"href":"https:\/\/rdnews.al\/index.php\/wp-json\/wp\/v2\/categories?post=73403"},{"taxonomy":"post_tag","embeddable":true,"href":"https:\/\/rdnews.al\/index.php\/wp-json\/wp\/v2\/tags?post=73403"}],"curies":[{"name":"wp","href":"https:\/\/api.w.org\/{rel}","templated":true}]}}