{"id":73413,"date":"2024-03-09T09:13:58","date_gmt":"2024-03-09T09:13:58","guid":{"rendered":"https:\/\/rdnews.al\/?p=73413"},"modified":"2024-03-09T09:15:17","modified_gmt":"2024-03-09T09:15:17","slug":"vokshi-te-behemi-bashke-te-shpetojme-shqiperine","status":"publish","type":"post","link":"https:\/\/rdnews.al\/index.php\/2024\/03\/09\/vokshi-te-behemi-bashke-te-shpetojme-shqiperine\/","title":{"rendered":"Vokshi: T\u00eb b\u00ebhemi bashk\u00eb t\u00eb shp\u00ebtojm\u00eb Shqip\u00ebrin\u00eb!"},"content":{"rendered":"<p>Deputetja e PD, Albana Vokshi mbajti mbr\u00ebm\u00eb fjal\u00ebn e saj n\u00eb tubimin q\u00eb mbahet n\u00eb mb\u00ebshtetje t\u00eb liderit t\u00eb opozit\u00ebs, Sali Berisha, ku ka patur nj\u00eb prezenc\u00eb dhe vend t\u00eb ve\u00e7ant\u00eb p\u00ebr grat\u00eb, pasi mbr\u00ebmja e sotme p\u00ebrkon edhe me 8-Marsin, Dit\u00ebn e Gruas.<\/p>\n<p>N\u00eb fjal\u00ebn e saj Vokshi u shpreh nd\u00ebr t\u00eb tjera se, n\u00eb k\u00ebt\u00eb dit\u00eb t\u00eb sh\u00ebnuar, grat\u00eb protestojn\u00eb p\u00ebr t\u00eb drejtat e tyre dhe familjen e tyre.<\/p>\n<p>Ajo thot\u00eb se, sot m\u00eb shum\u00eb se kurr\u00eb, grat\u00eb n\u00eb vendin ton\u00eb jan\u00eb t\u00eb pambrojtura dhe t\u00eb pashpresa, ku \u00ebsht\u00eb i friksh\u00ebm raporti i vrasjeve dhe vetvrasjeve, si pasoj\u00eb e situat\u00ebs s\u00eb dal\u00eb jasht\u00eb kontrolli nga qeveria.<\/p>\n<p><strong>Fjala e plot\u00eb<\/strong><\/p>\n<p>Sot \u00ebsht\u00eb 8 marsi a asnj\u00ebher\u00eb m\u00eb par\u00eb kjo rrug\u00eb nuk ka qen\u00eb m\u00eb e bukur. Sot \u00ebsht\u00eb dita juaj,<\/p>\n<p>Sot \u00ebsht\u00eb dita e grave q\u00eb protestojn\u00eb p\u00ebr t\u00eb drejtat e tyre<\/p>\n<p>Sot \u00ebsht\u00eb dita e grave q\u00eb protestojn\u00eb p\u00ebr familjet e tyre<\/p>\n<p>Dot \u00ebsht\u00eb dita e grave q\u00eb protestojn\u00eb p\u00ebr f\u00ebmij\u00ebt e tyre<\/p>\n<p>sot \u00ebsht\u00eb dita e juve zonjave e zonjushave q\u00ebndrestare,\u00a0nuk ka model m\u00eb t\u00eb shk\u00eblqyer t\u00eb ju grave fisnike q\u00eb keni sakrifikuar do dit\u00eb k\u00ebto 67 dit\u00eb jeni modeli i q\u00ebndres\u00ebs, i fisnik\u00ebris\u00eb, i sakrific\u00ebs, i dashuris\u00eb p\u00ebr sht\u00ebpin\u00ebtuaj dhe sht\u00ebpin\u00eb ton\u00eb t\u00eb p\u00ebrashk\u00ebt! Madh\u00ebshtore deri n\u00eb madh\u00ebshti!!<\/p>\n<p>Prania jon\u00eb k\u00ebto dit\u00eb, dhe sot, k\u00ebtu n\u00eb k\u00ebt\u00eb rrug\u00eb, \u00ebsht\u00eb m\u00ebnyra m\u00ebe mir\u00eb p\u00ebr t\u00eb d\u00ebshmuar q\u00eb ne refuzojm\u00eb ta pranojm\u00eb realitetin e hidhur p\u00ebr grat\u00eb e vajzat n\u00eb shqip\u00ebri.<\/p>\n<p>Ne refuzojm\u00eb q\u00eb nj\u00eb kryeminist\u00ebr i korruptuar, t\u00eb shkel\u00eb me k\u00ebmb\u00ebt\u00eb drejtat tona!<\/p>\n<p>Ne refuzojm\u00eb t\u00eb shnd\u00ebrrohemi n\u00eb numra, n\u00eb ngjyra, n\u00eb foto e statistika t\u00eb bukura!!<\/p>\n<p>N\u00eb refuzojm\u00eb t\u00eb b\u00ebhemi fasada e nj\u00eb demokracie q\u00eb nuk ekziston!<\/p>\n<p>\u00cbsht\u00eb e v\u00ebrtet\u00eb e hidhur, e tmerrshme: grat\u00eb dhe vajzat vriten, abuzohen, dhunohen, por shteti i Edi Ram\u00ebs nuk b\u00ebn asgj\u00eb p\u00ebr t\u00ebparandaluar k\u00ebt\u00eb t\u00eb keqe.<\/p>\n<ul>\n<li>166 gra t\u00eb vrara q\u00eb nga 2014, para gjat\u00eb qeverisjes s\u00eb EdiRam\u00ebs, nj\u00eb pjes\u00eb e mir\u00eb me urdh\u00ebr mbrojtje;<\/li>\n<li>Rreth 4900 raste dhune t\u00eb evidentuara nga policia n\u00eb 2022 (ka edhe shume e shum\u00eb m\u00eb tep\u00ebr se kaq por nuk deklarojn\u00ebnga turpi ose nga frika).<\/li>\n<li>Mbi 2940 urdh\u00ebra mbrojtje vet\u00ebm ne 2022, por q\u00eb nuk I mbrojn\u00eb grat\u00eb nga dhuna.<\/li>\n<\/ul>\n<p>166 gra jan\u00eb vrar\u00eb gjat\u00eb qeverisjes s\u00eb Edi Ram\u00ebs. e vazhdojn\u00eb t\u00eb vriten cdo dit\u00eb. Grat\u00eb jan\u00eb t\u00eb pa mbrojtura, grat\u00eb jan\u00eb t\u00eb braktisura. Shpesh policia merr an\u00ebn e abzuesve, shpesh institucionet b\u00ebhenpal\u00eb m\u00eb abuzuesit. N\u00eb shqip\u00ebri grat\u00eb vriten sepse jan\u00eb gra!!<\/p>\n<p>N\u00eb shqip\u00ebri grat\u00eb vriten sepse Edi Rama, ky nxit\u00ebs i madh i dhun\u00ebs, nuk do t\u2019ia dij\u00eb p\u00ebr grat\u00eb. Edi Rama \u00ebsht\u00eb njeri i dhunsh\u00ebmdhe \u00ebsht\u00eb nxit\u00ebsi kryesor I dhun\u00ebs n\u00eb familje.<\/p>\n<p>\u00cbsht\u00eb Edi Rama q\u00eb i ka mohuar m\u00eb shum\u00eb se gjysm\u00ebs s\u00eb grave dhevajzave nj\u00eb vend pune. Rreth 70% \u00ebsht\u00eb norma e papun\u00ebsis\u00eb p\u00ebrgrat\u00eb n\u00eb tregun e pun\u00ebs. Papun\u00ebsia \u00ebsht\u00eb dyfishi I vendeve t\u00eb BE. Por edhe p\u00ebr pun\u00eb t\u00eb barabart\u00eb, grat\u00eb paguhen 15% m\u00eb pak se burrat.<\/p>\n<p>P\u00ebrjashtimi social, \u00ebsht\u00eb nj\u00eb tregues i r\u00ebnd\u00ebsish\u00ebm q\u00eb matet ngs eurostat.<\/p>\n<p>\u00cbsht\u00eb p\u00ebrqindja e individ\u00ebve q\u00eb jan\u00eb n\u00eb rrezik p\u00ebr t\u00eb qen\u00eb t\u00eb varf\u00ebr ose thell\u00ebsisht t\u00eb privuar materialisht ose me intensitet shum\u00eb t\u00eb ul\u00ebt n\u00eb pun\u00ebsim.<\/p>\n<p>P\u00ebr vendin ton\u00eb ky indeks n\u00eb vitin 2021 \u00ebsht\u00eb 48.7% q\u00eb tregon se rreth gjysma e grave jan\u00eb n\u00eb nivelin e rrezikut p\u00ebr t\u00eb qen\u00eb t\u00eb varfra, kan\u00eb nj\u00eb privim material t\u00eb r\u00ebnd\u00eb ose nj\u00eb intesitet t\u00eb ulur pune.<\/p>\n<p>Ky indeks i varf\u00ebris\u00eb p\u00ebr vitin 2021 si dhe ne vitet e tjera \u00ebsht\u00eb m\u00eb i larti n\u00eb Ballkan.<\/p>\n<p>\u00cbsht\u00eb Edi Rama q\u00eb e ka shkretuar, e ka shpopulluar Shqip\u00ebrin\u00ebedhe nga grat\u00eb edhe nga t\u00eb rinjt\u00eb edhe nga f\u00ebmij\u00ebt. Pjesa m\u00eb e mir\u00eb, m\u00eb e bukur, m\u00eb vitale e shoq\u00ebris\u00eb po largohet, sepse vendiudh\u00ebhiqet nga armiku i grave dhe i vajzave.<\/p>\n<p>1 mln shqiptar\u00eb jan\u00eb larguar q\u00eb nga 2014 n\u00eb vendet e BE, e nj\u00ebpjes\u00eb e mir\u00eb e tyre jan\u00eb gra.<\/p>\n<p>Por, ashtu sic i keni dh\u00ebn\u00eb emrin k\u00ebsaj rruge, jeni ju q\u00eb i jepni jet\u00eb jet\u00ebs, e q\u00eb do ktheni shpres\u00ebn shqiptar\u00ebve.<\/p>\n<p>Le t\u00eb b\u00ebhemi bashk\u00eb, t\u00eb mbrojm\u00eb sht\u00ebpin\u00eb ton\u00eb t\u00eb p\u00ebrbashk\u00ebt, Shqip\u00ebrin\u00eb.<\/p>\n<p>S\u00eb bashku t\u00eb shp\u00ebtojm\u00eb Shqip\u00ebrin\u00eb, t\u00eb mbrojm\u00eb shoq\u00ebrin\u00eb, t\u00eb mbrojm\u00eb familjen.<\/p>\n","protected":false},"excerpt":{"rendered":"<p>Deputetja e PD, Albana Vokshi mbajti mbr\u00ebm\u00eb fjal\u00ebn e saj n\u00eb tubimin q\u00eb mbahet n\u00eb mb\u00ebshtetje t\u00eb liderit t\u00eb opozit\u00ebs, Sali Berisha, ku ka patur nj\u00eb prezenc\u00eb dhe vend t\u00eb ve\u00e7ant\u00eb p\u00ebr grat\u00eb, pasi mbr\u00ebmja e sotme p\u00ebrkon edhe me 8-Marsin, Dit\u00ebn e Gruas. N\u00eb fjal\u00ebn e saj Vokshi u shpreh nd\u00ebr t\u00eb tjera se, &hellip;<\/p>\n","protected":false},"author":4,"featured_media":0,"comment_status":"closed","ping_status":"closed","sticky":false,"template":"","format":"standard","meta":{"footnotes":""},"categories":[37],"tags":[],"class_list":["post-73413","post","type-post","status-publish","format-standard","","category-politike"],"_links":{"self":[{"href":"https:\/\/rdnews.al\/index.php\/wp-json\/wp\/v2\/posts\/73413","targetHints":{"allow":["GET"]}}],"collection":[{"href":"https:\/\/rdnews.al\/index.php\/wp-json\/wp\/v2\/posts"}],"about":[{"href":"https:\/\/rdnews.al\/index.php\/wp-json\/wp\/v2\/types\/post"}],"author":[{"embeddable":true,"href":"https:\/\/rdnews.al\/index.php\/wp-json\/wp\/v2\/users\/4"}],"replies":[{"embeddable":true,"href":"https:\/\/rdnews.al\/index.php\/wp-json\/wp\/v2\/comments?post=73413"}],"version-history":[{"count":0,"href":"https:\/\/rdnews.al\/index.php\/wp-json\/wp\/v2\/posts\/73413\/revisions"}],"wp:attachment":[{"href":"https:\/\/rdnews.al\/index.php\/wp-json\/wp\/v2\/media?parent=73413"}],"wp:term":[{"taxonomy":"category","embeddable":true,"href":"https:\/\/rdnews.al\/index.php\/wp-json\/wp\/v2\/categories?post=73413"},{"taxonomy":"post_tag","embeddable":true,"href":"https:\/\/rdnews.al\/index.php\/wp-json\/wp\/v2\/tags?post=73413"}],"curies":[{"name":"wp","href":"https:\/\/api.w.org\/{rel}","templated":true}]}}