{"id":73416,"date":"2024-03-09T09:23:52","date_gmt":"2024-03-09T09:23:52","guid":{"rendered":"https:\/\/rdnews.al\/?p=73416"},"modified":"2024-03-09T09:23:52","modified_gmt":"2024-03-09T09:23:52","slug":"ndreu-pushon-nga-puna-mamane-pse-vajza-protestoi-kunder-ardhjes-se-refugjateve","status":"publish","type":"post","link":"https:\/\/rdnews.al\/index.php\/2024\/03\/09\/ndreu-pushon-nga-puna-mamane-pse-vajza-protestoi-kunder-ardhjes-se-refugjateve\/","title":{"rendered":"Ndreu pushon nga puna maman\u00eb pse vajza protestoi kund\u00ebr ardhjes s\u00eb refugjat\u00ebve"},"content":{"rendered":"<p>P\u00ebr t\u00eb fituar nj\u00eb vend pune n\u00eb Shqip\u00ebri duhet t\u00eb jesh patjet\u00ebr an\u00ebtar i nj\u00eb partie politike, nd\u00ebrsa p\u00ebr ta humbur at\u00eb, mjafton t\u00eb ngresh z\u00ebrin p\u00ebr \u00e7\u00ebshtje q\u00eb cenojn\u00eb interesat e po k\u00ebsaj partie.<\/p>\n<p>Piranjat kan\u00eb sjell\u00eb rastin e specialistes s\u00eb bibliotek\u00ebs Lezh\u00eb, Lul\u00eb Lleshi, e cila \u00ebsht\u00eb pushuar nga puna si pasoj\u00eb e aktivizmit politik t\u00eb vajz\u00eb s\u00eb saj, Arilda Lleshi<\/p>\n<p>\u201cPunoj prej 24 vitesh n\u00eb bibliotek\u00ebn e Lezh\u00ebs si specialiste. Pas zgjedhjeve t\u00eb 24 majit jam thirrur nga drejtori i Kultur\u00ebs, Renaldo Xhanaj dhe m\u00eb ka th\u00ebn\u00eb t\u00eb jap dor\u00ebheqjen, sepse \u2018ju nuk keni votuar p\u00ebr ne\u2019.<\/p>\n<p>Pas publikimit q\u00eb vajza ime e b\u00ebri n\u00eb rrjetet sociale p\u00ebr k\u00ebt\u00eb problem \u00ebsht\u00eb p\u00ebrgjigjur kryetari dhe ka mohuar t\u00eb ket\u00eb ndodhur kjo. T\u00eb nes\u00ebrmen Renaldo m\u00eb erdhi dhe m\u00eb k\u00ebrkoi ndjes\u00eb: ishte nj\u00eb keqkuptim, nuk t\u00eb l\u00ebviz njeri nga puna dhe u p\u00ebrul sa ndjeva keqardhje. Pas ca koh\u00ebsh, m\u00eb k\u00ebrkuan n\u00eb bashki nj\u00eb takim dhe m\u00eb than\u00eb q\u00eb do m\u00eb \u00e7onin n\u00eb nj\u00ebsin\u00eb Ungrej.<\/p>\n<p>Donin t\u00eb m\u00eb \u00e7onin atje kur un\u00eb jam specializuar p\u00ebr bilbiotekonomi, nd\u00ebrkoh\u00eb q\u00eb punoj prej vitesh k\u00ebtu, banoj k\u00ebtu dhe t\u00eb m\u00eb d\u00ebrgojn\u00eb n\u00eb nj\u00eb vend ku nuk ka transport, nuk ka bibliotek\u00eb atje. Nj\u00ebsia \u00ebsht\u00eb 1 ore larg, transport jo dhe mua nuk m\u00eb del as rroga p\u00ebr naft\u00eb. Kjo \u00ebsht\u00eb diskriminuese q\u00eb m\u00eb d\u00ebrgojn\u00eb mua, nj\u00eb specialiste biblioteke\u2019.<\/p>\n<p><span style=\"font-style: inherit; font-weight: inherit;\">Pra, nga 4 punonj\u00ebse u zgjodh pik\u00ebrisht zonja Lula p\u00ebr t\u2019u transferuar.<\/span><\/p>\n<p>\u2018E kund\u00ebrshtova. P\u00ebr 2023 v\u00ebrtet ka r\u00ebn\u00eb nr i lexuesve p\u00ebr gjith\u00eb bibliotek\u00ebn, por kjo sepse kemi qen\u00eb n\u00eb rikosntruksion. Nga shtatori kemi qen\u00eb duke sistemuar, por kjo nuk \u00ebsht\u00eb p\u00ebr fajin tim. Por edhe pse ka r\u00ebn\u00eb, un\u00eb prap\u00eb kam nr m\u00eb t\u00eb madh t\u00eb lexuesve n\u00eb gjith\u00eb bibliotek\u00ebn. Pas k\u00ebsaj, ata vendos\u00ebn t\u00eb m\u00eb hiqnin nga puna\u2019.<\/p>\n<p>Lidhur me k\u00ebt\u00eb problem, p\u00ebrgjegj\u00ebsi i bibliotek\u00ebs duket i pafuqish\u00ebm p\u00ebr t\u00eb mbrojtur punonj\u00ebsen e tij m\u00eb t\u00eb vjet\u00ebr.<\/p>\n<p>\u201cNe do b\u00ebjm\u00eb organizimin brenda stafit n\u00ebse bashkia b\u00ebn shkurtimin e nj\u00eb punonj\u00ebsi. Un\u00eb personalisht jam q\u00eb asnj\u00eb punonj\u00ebs t\u00eb mos hiqet nga puna. P\u00ebr mua po t\u00eb jen\u00eb 4 apo dhe 5 punonj\u00ebs \u00ebsht\u00eb shum\u00eb mir\u00eb, se un\u00eb e kam b\u00ebr\u00eb k\u00ebrkes\u00ebn p\u00ebr shtim stafi, por struktur\u00ebn e punonj\u00ebsve e cakton Bashkia dhe ne jemi n\u00eb var\u00ebsi t\u00eb bashkis\u00eb Lezh\u00eb\u201d.<\/p>\n<p>P\u00ebrball\u00eb k\u00ebsaj situate, drejtori i Kultur\u00ebs, Renaldo Xhani, nuk mban asnj\u00eb p\u00ebrgjegj\u00ebsi.<\/p>\n<p>\u201cDrejtohuni bashkis\u00eb dhe ju kthejm\u00eb p\u00ebrgjigje. \u00cbsht\u00eb marr\u00eb vendimi, sepse \u00ebsht\u00eb shkurtuar nj\u00eb pozicion pune n\u00eb organik\u00eb. Ka pasur r\u00ebnie t\u00eb sektorit t\u00eb bibliotek\u00ebs. Nuk ka t\u00eb b\u00ebj\u00eb me aktiviz\u00ebm politik\u201d.<\/p>\n<p>Nd\u00ebrsa personaliteti m\u00eb i r\u00ebnd\u00ebsish\u00ebm i asaj bashkie, kryetari Pjerin Ndreu p\u00ebrs\u00ebrit refrenin: b\u00ebni k\u00ebrkes\u00eb me shkrim, teksa largohet me makin\u00eb.<\/p>\n","protected":false},"excerpt":{"rendered":"<p>P\u00ebr t\u00eb fituar nj\u00eb vend pune n\u00eb Shqip\u00ebri duhet t\u00eb jesh patjet\u00ebr an\u00ebtar i nj\u00eb partie politike, nd\u00ebrsa p\u00ebr ta humbur at\u00eb, mjafton t\u00eb ngresh z\u00ebrin p\u00ebr \u00e7\u00ebshtje q\u00eb cenojn\u00eb interesat e po k\u00ebsaj partie. Piranjat kan\u00eb sjell\u00eb rastin e specialistes s\u00eb bibliotek\u00ebs Lezh\u00eb, Lul\u00eb Lleshi, e cila \u00ebsht\u00eb pushuar nga puna si pasoj\u00eb e &hellip;<\/p>\n","protected":false},"author":4,"featured_media":73417,"comment_status":"closed","ping_status":"closed","sticky":false,"template":"","format":"standard","meta":{"footnotes":""},"categories":[37],"tags":[],"class_list":["post-73416","post","type-post","status-publish","format-standard","has-post-thumbnail","","category-politike"],"_links":{"self":[{"href":"https:\/\/rdnews.al\/index.php\/wp-json\/wp\/v2\/posts\/73416","targetHints":{"allow":["GET"]}}],"collection":[{"href":"https:\/\/rdnews.al\/index.php\/wp-json\/wp\/v2\/posts"}],"about":[{"href":"https:\/\/rdnews.al\/index.php\/wp-json\/wp\/v2\/types\/post"}],"author":[{"embeddable":true,"href":"https:\/\/rdnews.al\/index.php\/wp-json\/wp\/v2\/users\/4"}],"replies":[{"embeddable":true,"href":"https:\/\/rdnews.al\/index.php\/wp-json\/wp\/v2\/comments?post=73416"}],"version-history":[{"count":0,"href":"https:\/\/rdnews.al\/index.php\/wp-json\/wp\/v2\/posts\/73416\/revisions"}],"wp:featuredmedia":[{"embeddable":true,"href":"https:\/\/rdnews.al\/index.php\/wp-json\/wp\/v2\/media\/73417"}],"wp:attachment":[{"href":"https:\/\/rdnews.al\/index.php\/wp-json\/wp\/v2\/media?parent=73416"}],"wp:term":[{"taxonomy":"category","embeddable":true,"href":"https:\/\/rdnews.al\/index.php\/wp-json\/wp\/v2\/categories?post=73416"},{"taxonomy":"post_tag","embeddable":true,"href":"https:\/\/rdnews.al\/index.php\/wp-json\/wp\/v2\/tags?post=73416"}],"curies":[{"name":"wp","href":"https:\/\/api.w.org\/{rel}","templated":true}]}}