{"id":73515,"date":"2024-03-11T12:47:46","date_gmt":"2024-03-11T12:47:46","guid":{"rendered":"https:\/\/rdnews.al\/?p=73515"},"modified":"2024-03-11T12:47:46","modified_gmt":"2024-03-11T12:47:46","slug":"stoltenberg-ukraina-eshte-shume-afer-anetaresimit-ne-nato","status":"publish","type":"post","link":"https:\/\/rdnews.al\/index.php\/2024\/03\/11\/stoltenberg-ukraina-eshte-shume-afer-anetaresimit-ne-nato\/","title":{"rendered":"Stoltenberg: Ukraina \u00ebsht\u00eb shum\u00eb af\u00ebr an\u00ebtar\u00ebsimit n\u00eb NATO"},"content":{"rendered":"<p>Sekretari i P\u00ebrgjithsh\u00ebm i NATO-s, Jens Stoltenberg, ka th\u00ebn\u00eb se Ukraina \u00ebsht\u00eb m\u00eb af\u00ebr se kurr\u00eb an\u00ebtar\u00ebsimit\u00a0n\u00eb Aleanc\u00eb, duke th\u00ebn\u00eb se \u201cpyetja nuk \u00ebsht\u00eb n\u00ebse, por kur\u201d.<\/p>\n<p>Ai ka th\u00ebn\u00eb t\u00eb h\u00ebn\u00ebn n\u00eb nj\u00eb konferenc\u00eb p\u00ebr media se ka besuar q\u00eb Suedia, q\u00eb t\u00eb enjten u an\u00ebtar\u00ebsua zyrtarisht n\u00eb NATO, \u00ebsht\u00eb aleate e p\u00ebrkushtuar.<\/p>\n<p>\u201cUkrain\u00eb do t\u00eb b\u00ebhet aleate e NATO-s. Pyetja nuk \u00ebsht\u00eb n\u00ebse, por kur. Ukraina tash \u00ebsht\u00eb m\u00eb af\u00ebr se kurr\u00eb m\u00eb par\u00eb an\u00ebtar\u00ebsimit n\u00eb NATO\u2026Suedia do t\u00eb jet\u00eb nj\u00eb aleate e p\u00ebrkushtuar\u2026\u201d, \u00ebsht\u00eb shprehur Stoltenberg.<\/p>\n<p>Ai ka theksuar se dor\u00ebzimi p\u00ebr Ukrain\u00ebn nuk \u00ebsht\u00eb paqe, duke potencuar se \u201cvet\u00ebm presidenti rus ka fuqin\u00eb p\u00ebr t\u2019i dh\u00ebn\u00eb fund luft\u00ebs\u201d.<\/p>\n<p>Komentet e sekretarit t\u00eb NATO-s erdh\u00ebn pasi flamuri suedez u vendos n\u00eb selin\u00eb e NATO-s, duke u radhitur si shteti i 32-t\u00eb an\u00ebtar.<\/p>\n","protected":false},"excerpt":{"rendered":"<p>Sekretari i P\u00ebrgjithsh\u00ebm i NATO-s, Jens Stoltenberg, ka th\u00ebn\u00eb se Ukraina \u00ebsht\u00eb m\u00eb af\u00ebr se kurr\u00eb an\u00ebtar\u00ebsimit\u00a0n\u00eb Aleanc\u00eb, duke th\u00ebn\u00eb se \u201cpyetja nuk \u00ebsht\u00eb n\u00ebse, por kur\u201d. Ai ka th\u00ebn\u00eb t\u00eb h\u00ebn\u00ebn n\u00eb nj\u00eb konferenc\u00eb p\u00ebr media se ka besuar q\u00eb Suedia, q\u00eb t\u00eb enjten u an\u00ebtar\u00ebsua zyrtarisht n\u00eb NATO, \u00ebsht\u00eb aleate e p\u00ebrkushtuar. \u201cUkrain\u00eb &hellip;<\/p>\n","protected":false},"author":4,"featured_media":39159,"comment_status":"closed","ping_status":"closed","sticky":false,"template":"","format":"standard","meta":{"footnotes":""},"categories":[38],"tags":[],"class_list":["post-73515","post","type-post","status-publish","format-standard","has-post-thumbnail","","category-bota"],"_links":{"self":[{"href":"https:\/\/rdnews.al\/index.php\/wp-json\/wp\/v2\/posts\/73515","targetHints":{"allow":["GET"]}}],"collection":[{"href":"https:\/\/rdnews.al\/index.php\/wp-json\/wp\/v2\/posts"}],"about":[{"href":"https:\/\/rdnews.al\/index.php\/wp-json\/wp\/v2\/types\/post"}],"author":[{"embeddable":true,"href":"https:\/\/rdnews.al\/index.php\/wp-json\/wp\/v2\/users\/4"}],"replies":[{"embeddable":true,"href":"https:\/\/rdnews.al\/index.php\/wp-json\/wp\/v2\/comments?post=73515"}],"version-history":[{"count":0,"href":"https:\/\/rdnews.al\/index.php\/wp-json\/wp\/v2\/posts\/73515\/revisions"}],"wp:featuredmedia":[{"embeddable":true,"href":"https:\/\/rdnews.al\/index.php\/wp-json\/wp\/v2\/media\/39159"}],"wp:attachment":[{"href":"https:\/\/rdnews.al\/index.php\/wp-json\/wp\/v2\/media?parent=73515"}],"wp:term":[{"taxonomy":"category","embeddable":true,"href":"https:\/\/rdnews.al\/index.php\/wp-json\/wp\/v2\/categories?post=73515"},{"taxonomy":"post_tag","embeddable":true,"href":"https:\/\/rdnews.al\/index.php\/wp-json\/wp\/v2\/tags?post=73515"}],"curies":[{"name":"wp","href":"https:\/\/api.w.org\/{rel}","templated":true}]}}