{"id":73624,"date":"2024-03-12T17:44:01","date_gmt":"2024-03-12T17:44:01","guid":{"rendered":"https:\/\/rdnews.al\/?p=73624"},"modified":"2024-03-12T17:44:01","modified_gmt":"2024-03-12T17:44:01","slug":"gjokutaj-gjykata-komisariat-politik","status":"publish","type":"post","link":"https:\/\/rdnews.al\/index.php\/2024\/03\/12\/gjokutaj-gjykata-komisariat-politik\/","title":{"rendered":"Gjokutaj: Gjykata, komisariat politik!"},"content":{"rendered":"<p>Gjykata e Lart\u00eb ka rr\u00ebzuar k\u00ebrkes\u00ebn e liderit t\u00eb opozit\u00ebs, Sali Berisha p\u00ebr ndryshimin e mas\u00ebs s\u00eb siguris\u00eb \u201carrest sht\u00ebpie\u201d. Lidhur me vendimin ka reaguar avokati Genc Gjokutaj.<\/p>\n<p>N\u00eb nj\u00eb deklarat\u00eb p\u00ebr mediat, Gjokutaj u shpreh se k\u00ebtu nuk b\u00ebhet fjal\u00eb m\u00eb p\u00ebr gjykat\u00eb, por k\u00ebtu \u00ebsht\u00eb nj\u00eb komisariat politik.<\/p>\n<p><strong>\u201c<\/strong>K\u00ebtu nuk flitet m\u00eb p\u00ebr gjykat\u00eb. Prokurorin po e citoj, tha; nuk ju jap shpjegim asnj\u00eb pyetje tuaj\u00ebn.<\/p>\n<p>Kjo nuk flitet m\u00eb p\u00ebr gjykat\u00eb, k\u00ebta jan\u00eb nj\u00eb komisariat politik, t\u00eb cil\u00ebve u \u00ebsht\u00eb th\u00ebn\u00eb mbajeni n\u00eb k\u00ebt\u00eb gjendje.<\/p>\n<p>Un\u00eb nuk e di se si kjo gjykat\u00eb q\u00eb ka dh\u00ebn\u00eb mas\u00ebn e arrestit n\u00eb sht\u00ebpi p\u00ebr Sali Berish\u00ebn dhe Jamarb\u00ebr Malltezit, nuk u b\u00ebri nj\u00eb pyetje prokuror\u00ebve, t\u00eb pakt\u00ebn t\u00eb sqaronte veten.<\/p>\n<p>Sepse ka shpjegime nj\u00eb p\u00ebr nj\u00eb se \u00ebsht\u00eb kjo gjykat\u00eb q\u00eb ka dh\u00ebn\u00eb vendimin e arrestit p\u00ebr t\u00eb dy dhe t\u00eb pakt\u00ebn t\u00eb mos kesh nj\u00eb kuriozitet profesional,\u00a0 t\u00eb mos b\u00ebsh nj\u00eb pyetje prokuror\u00ebve, m\u00eb shpjegoni k\u00ebt\u00eb rrethan\u00eb, k\u00ebt\u00eb person, k\u00ebt\u00eb ngjarje, mekaniz\u00ebm, ku q\u00ebndron korrupsioni.<\/p>\n<p>Mekanizmi i ngjarjes q\u00eb k\u00ebta pretenderojn\u00eb, korrupsionin, \u00ebsht\u00eb organ i akuz\u00ebs p\u00ebr ta shpjeguar deri n\u00eb detaj, kush i dha kujt, \u00a0kush i premtoj kujt, absolutisht asnj\u00eb element\u2019, tha gjat\u00eb deklarat\u00ebs s\u00eb tij\u201d, tha Gjokutaj.<\/p>\n","protected":false},"excerpt":{"rendered":"<p>Gjykata e Lart\u00eb ka rr\u00ebzuar k\u00ebrkes\u00ebn e liderit t\u00eb opozit\u00ebs, Sali Berisha p\u00ebr ndryshimin e mas\u00ebs s\u00eb siguris\u00eb \u201carrest sht\u00ebpie\u201d. Lidhur me vendimin ka reaguar avokati Genc Gjokutaj. N\u00eb nj\u00eb deklarat\u00eb p\u00ebr mediat, Gjokutaj u shpreh se k\u00ebtu nuk b\u00ebhet fjal\u00eb m\u00eb p\u00ebr gjykat\u00eb, por k\u00ebtu \u00ebsht\u00eb nj\u00eb komisariat politik. \u201cK\u00ebtu nuk flitet m\u00eb p\u00ebr &hellip;<\/p>\n","protected":false},"author":4,"featured_media":73625,"comment_status":"closed","ping_status":"closed","sticky":false,"template":"","format":"standard","meta":{"footnotes":""},"categories":[37],"tags":[],"class_list":["post-73624","post","type-post","status-publish","format-standard","has-post-thumbnail","","category-politike"],"_links":{"self":[{"href":"https:\/\/rdnews.al\/index.php\/wp-json\/wp\/v2\/posts\/73624","targetHints":{"allow":["GET"]}}],"collection":[{"href":"https:\/\/rdnews.al\/index.php\/wp-json\/wp\/v2\/posts"}],"about":[{"href":"https:\/\/rdnews.al\/index.php\/wp-json\/wp\/v2\/types\/post"}],"author":[{"embeddable":true,"href":"https:\/\/rdnews.al\/index.php\/wp-json\/wp\/v2\/users\/4"}],"replies":[{"embeddable":true,"href":"https:\/\/rdnews.al\/index.php\/wp-json\/wp\/v2\/comments?post=73624"}],"version-history":[{"count":0,"href":"https:\/\/rdnews.al\/index.php\/wp-json\/wp\/v2\/posts\/73624\/revisions"}],"wp:featuredmedia":[{"embeddable":true,"href":"https:\/\/rdnews.al\/index.php\/wp-json\/wp\/v2\/media\/73625"}],"wp:attachment":[{"href":"https:\/\/rdnews.al\/index.php\/wp-json\/wp\/v2\/media?parent=73624"}],"wp:term":[{"taxonomy":"category","embeddable":true,"href":"https:\/\/rdnews.al\/index.php\/wp-json\/wp\/v2\/categories?post=73624"},{"taxonomy":"post_tag","embeddable":true,"href":"https:\/\/rdnews.al\/index.php\/wp-json\/wp\/v2\/tags?post=73624"}],"curies":[{"name":"wp","href":"https:\/\/api.w.org\/{rel}","templated":true}]}}