{"id":73630,"date":"2024-03-12T18:26:53","date_gmt":"2024-03-12T18:26:53","guid":{"rendered":"https:\/\/rdnews.al\/?p=73630"},"modified":"2024-03-12T18:26:53","modified_gmt":"2024-03-12T18:26:53","slug":"sorina-koti-nuk-ka-marreveshje-me-ramen-ne-nuk-terhiqemi-nga-kerkesat-tona","status":"publish","type":"post","link":"https:\/\/rdnews.al\/index.php\/2024\/03\/12\/sorina-koti-nuk-ka-marreveshje-me-ramen-ne-nuk-terhiqemi-nga-kerkesat-tona\/","title":{"rendered":"Sorina Koti: Nuk ka marr\u00ebveshje me Ram\u00ebn, ne nuk t\u00ebrhiqemi nga k\u00ebrkesat tona!"},"content":{"rendered":"<p>Deputetja e PD, Sorina Koti tha se \u00ebsht\u00eb nj\u00eb lajm i mir\u00eb q\u00eb mazhoranca u t\u00ebrhoq nga q\u00ebndrimi i saj lidhur me k\u00ebrkesat legjitime t\u00eb opozit\u00ebs. N\u00eb tubimin qytetar q\u00eb zhvillohet n\u00eb \u201cRrug\u00ebn e Shpres\u00ebs\u201d prej m\u00eb shum\u00eb se 71 dit\u00ebsh, Koti tha se ne jemi Partia Demokratike.<\/p>\n<p>\u201cA b\u00ebjn\u00eb demokrat\u00ebt marr\u00ebveshje me Ram\u00ebn? Kush na akuzoi se kemi b\u00ebr\u00eb marr\u00ebveshje me Ram\u00ebn? Ata q\u00eb b\u00ebjn\u00eb vet\u00eb marr\u00ebveshje me Ram\u00ebn. \u00c7far\u00eb na k\u00ebrkuan nd\u00ebrkomb\u00ebtar\u00ebt? Na k\u00ebrkuan q\u00eb t\u00eb ulemi dhe t\u00eb negociojm\u00eb, ne nuk jemi t\u00ebrhequr nga k\u00ebrkesat tona. Ne duhet t\u00eb jemi atje n\u00eb Parlament pasi n\u00eb fund t\u00eb fundit ju k\u00ebt\u00eb na keni besuar. Ne ju d\u00ebgjojm\u00eb juve dhe shkojn\u00eb n\u00eb Kuvend dhe flasim me ta. Nuk ka asnj\u00eb an\u00ebtar Kryesie apo deputet q\u00eb ka nd\u00ebrmarr\u00eb veprime pa pyetur demokrat\u00ebt\u201d, tha Koti.<\/p>\n","protected":false},"excerpt":{"rendered":"<p>Deputetja e PD, Sorina Koti tha se \u00ebsht\u00eb nj\u00eb lajm i mir\u00eb q\u00eb mazhoranca u t\u00ebrhoq nga q\u00ebndrimi i saj lidhur me k\u00ebrkesat legjitime t\u00eb opozit\u00ebs. N\u00eb tubimin qytetar q\u00eb zhvillohet n\u00eb \u201cRrug\u00ebn e Shpres\u00ebs\u201d prej m\u00eb shum\u00eb se 71 dit\u00ebsh, Koti tha se ne jemi Partia Demokratike. \u201cA b\u00ebjn\u00eb demokrat\u00ebt marr\u00ebveshje me Ram\u00ebn? Kush &hellip;<\/p>\n","protected":false},"author":4,"featured_media":72007,"comment_status":"closed","ping_status":"closed","sticky":false,"template":"","format":"standard","meta":{"footnotes":""},"categories":[37],"tags":[],"class_list":["post-73630","post","type-post","status-publish","format-standard","has-post-thumbnail","","category-politike"],"_links":{"self":[{"href":"https:\/\/rdnews.al\/index.php\/wp-json\/wp\/v2\/posts\/73630","targetHints":{"allow":["GET"]}}],"collection":[{"href":"https:\/\/rdnews.al\/index.php\/wp-json\/wp\/v2\/posts"}],"about":[{"href":"https:\/\/rdnews.al\/index.php\/wp-json\/wp\/v2\/types\/post"}],"author":[{"embeddable":true,"href":"https:\/\/rdnews.al\/index.php\/wp-json\/wp\/v2\/users\/4"}],"replies":[{"embeddable":true,"href":"https:\/\/rdnews.al\/index.php\/wp-json\/wp\/v2\/comments?post=73630"}],"version-history":[{"count":0,"href":"https:\/\/rdnews.al\/index.php\/wp-json\/wp\/v2\/posts\/73630\/revisions"}],"wp:featuredmedia":[{"embeddable":true,"href":"https:\/\/rdnews.al\/index.php\/wp-json\/wp\/v2\/media\/72007"}],"wp:attachment":[{"href":"https:\/\/rdnews.al\/index.php\/wp-json\/wp\/v2\/media?parent=73630"}],"wp:term":[{"taxonomy":"category","embeddable":true,"href":"https:\/\/rdnews.al\/index.php\/wp-json\/wp\/v2\/categories?post=73630"},{"taxonomy":"post_tag","embeddable":true,"href":"https:\/\/rdnews.al\/index.php\/wp-json\/wp\/v2\/tags?post=73630"}],"curies":[{"name":"wp","href":"https:\/\/api.w.org\/{rel}","templated":true}]}}