{"id":73674,"date":"2024-03-13T12:11:20","date_gmt":"2024-03-13T12:11:20","guid":{"rendered":"https:\/\/rdnews.al\/?p=73674"},"modified":"2024-03-13T12:11:20","modified_gmt":"2024-03-13T12:11:20","slug":"kercenohet-me-jete-gazetari-i-ora-news","status":"publish","type":"post","link":"https:\/\/rdnews.al\/index.php\/2024\/03\/13\/kercenohet-me-jete-gazetari-i-ora-news\/","title":{"rendered":"K\u00ebrc\u00ebnohet me jet\u00eb gazetari i Ora News"},"content":{"rendered":"<p>Gazetari\u00a0Isa Myzyraj, nj\u00ebkoh\u00ebsisht aktivist p\u00ebr t\u00eb drejtat e njeriut, u k\u00ebrc\u00ebnua me jet\u00eb t\u00eb mart\u00ebn p\u00ebrmes nj\u00eb emaili n\u00eb adres\u00ebn e tij elektronike dhe adres\u00ebn zyrtare t\u00eb televizionit ku punon,\u00a0Ora News.<\/p>\n<p>D\u00ebrguesi figuron t\u00eb jet\u00eb nj\u00eb em\u00ebr i huaj, gj\u00eb q\u00eb sipas Myzyrajt e b\u00ebn m\u00eb t\u00eb dyshimt\u00eb dhe t\u00eb paidentifikuesh\u00ebm autorin.<\/p>\n<p>\u201cNuk mund ta them me sakt\u00ebsi nga ka ardhur ky k\u00ebrc\u00ebnim. Ajo p\u00ebr t\u00eb cil\u00ebn jam i sigurt\u00eb \u00ebsht\u00eb se kjo \u00ebsht\u00eb b\u00ebr\u00eb p\u00ebr shkak t\u00eb pun\u00ebs sime si gazetar, por edhe si aktivist,\u201d tha Myzyraj p\u00ebr BIRN.<\/p>\n<p>P\u00ebrve\u00e7 k\u00ebrc\u00ebnimit, teksti p\u00ebrmban gjuh\u00eb urrejtjeje, anti-semite dhe homofobike.<\/p>\n<p>\u201cE-maili u \u00ebsht\u00eb drejtuar dhe pun\u00ebdh\u00ebn\u00ebsve t\u00eb mi, \u00e7&#8217;ka m\u00eb b\u00ebn t\u00eb dyshoj se ky k\u00ebrc\u00ebnim ka lidhje me pun\u00ebn time,\u201d tha Myzyraj, duke p\u00ebrmendur se\u00a0media\u00a0ku punon e ka kontaktuar menj\u00ebher\u00eb duke i ofruar mb\u00ebshtetje.<\/p>\n<p>Sipas Myzyrajt, ky k\u00ebrc\u00ebnim vjen edhe si pasoj\u00eb e fushatave t\u00eb dezinformimit nga grupet radikale anti-semitiste dhe anti-LGBT q\u00eb kan\u00eb qarkulluar n\u00eb mediat shqiptare.<\/p>\n<p>Rrjeti p\u00ebr Gazetar\u00eb t\u00eb Sigurt n\u00eb Ballkanin Per\u00ebndimor, \u201cSafeJournalist\u201d u solidarizua me Myzyrajn, duke shprehur shqet\u00ebsimin p\u00ebr k\u00ebt\u00eb rast i cili sulmon jo vet\u00ebm gazetarin n\u00eb fjal\u00eb, por edhe lirin\u00eb e medias.<\/p>\n<p>\u201cSafe Journalist shpreh shqet\u00ebsim t\u00eb thell\u00eb n\u00eb lidhje me k\u00ebt\u00eb rast t\u00eb paprecedent\u00eb, i cili sulmon fuqish\u00ebm lirin\u00eb e medias si dhe integritetin personal dhe profesional t\u00eb gazetarit Myzyraj\u201d, deklaroi SafeJournalists.<\/p>\n<p>Rrjeti i Gazetar\u00ebve t\u00eb Sigurt\u00eb sheh shqet\u00ebsues gjithashtu faktin se mesazhi p\u00ebrmban nj\u00eb gjuh\u00eb t\u00eb rrezikshme anti-semitiste, por edhe narrativa t\u00eb papranueshme me baz\u00eb t\u00eb orientimit seksual.<\/p>\n<p>Myzyraj i tha BIRN se n\u00eb konsultim me avokatin e tij kan\u00eb vendosur q\u00eb denoncimin n\u00eb organet ligjzbatuese do ta b\u00ebj\u00eb brenda dit\u00ebs s\u00eb m\u00ebrkur\u00eb.\/BIRN\/<\/p>\n","protected":false},"excerpt":{"rendered":"<p>Gazetari\u00a0Isa Myzyraj, nj\u00ebkoh\u00ebsisht aktivist p\u00ebr t\u00eb drejtat e njeriut, u k\u00ebrc\u00ebnua me jet\u00eb t\u00eb mart\u00ebn p\u00ebrmes nj\u00eb emaili n\u00eb adres\u00ebn e tij elektronike dhe adres\u00ebn zyrtare t\u00eb televizionit ku punon,\u00a0Ora News. D\u00ebrguesi figuron t\u00eb jet\u00eb nj\u00eb em\u00ebr i huaj, gj\u00eb q\u00eb sipas Myzyrajt e b\u00ebn m\u00eb t\u00eb dyshimt\u00eb dhe t\u00eb paidentifikuesh\u00ebm autorin. \u201cNuk mund ta &hellip;<\/p>\n","protected":false},"author":4,"featured_media":73675,"comment_status":"closed","ping_status":"closed","sticky":false,"template":"","format":"standard","meta":{"footnotes":""},"categories":[37],"tags":[],"class_list":["post-73674","post","type-post","status-publish","format-standard","has-post-thumbnail","","category-politike"],"_links":{"self":[{"href":"https:\/\/rdnews.al\/index.php\/wp-json\/wp\/v2\/posts\/73674","targetHints":{"allow":["GET"]}}],"collection":[{"href":"https:\/\/rdnews.al\/index.php\/wp-json\/wp\/v2\/posts"}],"about":[{"href":"https:\/\/rdnews.al\/index.php\/wp-json\/wp\/v2\/types\/post"}],"author":[{"embeddable":true,"href":"https:\/\/rdnews.al\/index.php\/wp-json\/wp\/v2\/users\/4"}],"replies":[{"embeddable":true,"href":"https:\/\/rdnews.al\/index.php\/wp-json\/wp\/v2\/comments?post=73674"}],"version-history":[{"count":0,"href":"https:\/\/rdnews.al\/index.php\/wp-json\/wp\/v2\/posts\/73674\/revisions"}],"wp:featuredmedia":[{"embeddable":true,"href":"https:\/\/rdnews.al\/index.php\/wp-json\/wp\/v2\/media\/73675"}],"wp:attachment":[{"href":"https:\/\/rdnews.al\/index.php\/wp-json\/wp\/v2\/media?parent=73674"}],"wp:term":[{"taxonomy":"category","embeddable":true,"href":"https:\/\/rdnews.al\/index.php\/wp-json\/wp\/v2\/categories?post=73674"},{"taxonomy":"post_tag","embeddable":true,"href":"https:\/\/rdnews.al\/index.php\/wp-json\/wp\/v2\/tags?post=73674"}],"curies":[{"name":"wp","href":"https:\/\/api.w.org\/{rel}","templated":true}]}}