{"id":73688,"date":"2024-03-13T18:49:05","date_gmt":"2024-03-13T18:49:05","guid":{"rendered":"https:\/\/rdnews.al\/?p=73688"},"modified":"2024-03-13T18:49:05","modified_gmt":"2024-03-13T18:49:05","slug":"grimci-dhe-marku-pershendetin-tubimin-qytetar-ne-mbeshtetje-te-liderit-te-opozites","status":"publish","type":"post","link":"https:\/\/rdnews.al\/index.php\/2024\/03\/13\/grimci-dhe-marku-pershendetin-tubimin-qytetar-ne-mbeshtetje-te-liderit-te-opozites\/","title":{"rendered":"Grim\u00e7i dhe Marku p\u00ebrsh\u00ebndetin tubimin qytetar n\u00eb mb\u00ebshtetje t\u00eb liderit t\u00eb opozit\u00ebs"},"content":{"rendered":"<p>Irma Marku dhe Eda Grim\u00e7i, kryetare t\u00eb deg\u00ebve t\u00eb PD nr 2 dhe 9 n\u00eb Tiran\u00eb, kan\u00eb p\u00ebrsh\u00ebndetur tubimin qytetar n\u00eb mb\u00ebshtetje t\u00eb liderit t\u00eb opozit\u00ebs, Sali Berisha.<\/p>\n<p>\u201cVijm\u00eb sot si dy gra t\u00eb forta, q\u00eb \u00e7do dit\u00eb p\u00ebrballemi me padrejt\u00ebsit\u00eb. Ne kemi ardhur p\u00ebr t\u2019ju th\u00ebn\u00eb se kush p\u00ebrballet, fiton. Dhe shembullin m\u00eb t\u00eb mir\u00eb na e ka dh\u00ebn\u00eb z.Berisha, q\u00eb u p\u00ebrball dhe vazhdon t\u00eb p\u00ebrballet\u201d, tha Grimci.<\/p>\n<p>Ajo tha se Irma, si demokrate, p\u00ebr m\u00eb shum\u00eb se 1 vit u persekutua. \u201cM\u00ebsuesja Irma Marku denoncoi nj\u00eb fakt q\u00eb 500 nx\u00ebn\u00ebs ishin future n\u00eb nj\u00eb palest\u00ebr dhe gjoja po merrnin m\u00ebsimdh\u00ebnien. Ajo e denoncoi k\u00ebt\u00eb fakt n\u00eb rrjetet sociale, duke i b\u00ebr\u00eb thirrje ish-ministres Evis Kushi \u00a0q\u00eb t\u00eb merrte masat. \u00c7far\u00eb ndodhi? Ndaj zonj\u00ebs Marku nis\u00ebn procedurat p\u00ebr masa disiplinore. Por sot Gjykata Administrative vendosi q\u00eb t\u00eb rr\u00ebzoj\u00eb masat disiplinore\u201d, tha Grim\u00e7i.<\/p>\n","protected":false},"excerpt":{"rendered":"<p>Irma Marku dhe Eda Grim\u00e7i, kryetare t\u00eb deg\u00ebve t\u00eb PD nr 2 dhe 9 n\u00eb Tiran\u00eb, kan\u00eb p\u00ebrsh\u00ebndetur tubimin qytetar n\u00eb mb\u00ebshtetje t\u00eb liderit t\u00eb opozit\u00ebs, Sali Berisha. \u201cVijm\u00eb sot si dy gra t\u00eb forta, q\u00eb \u00e7do dit\u00eb p\u00ebrballemi me padrejt\u00ebsit\u00eb. Ne kemi ardhur p\u00ebr t\u2019ju th\u00ebn\u00eb se kush p\u00ebrballet, fiton. Dhe shembullin m\u00eb t\u00eb &hellip;<\/p>\n","protected":false},"author":4,"featured_media":73689,"comment_status":"closed","ping_status":"closed","sticky":false,"template":"","format":"standard","meta":{"footnotes":""},"categories":[37],"tags":[],"class_list":["post-73688","post","type-post","status-publish","format-standard","has-post-thumbnail","","category-politike"],"_links":{"self":[{"href":"https:\/\/rdnews.al\/index.php\/wp-json\/wp\/v2\/posts\/73688","targetHints":{"allow":["GET"]}}],"collection":[{"href":"https:\/\/rdnews.al\/index.php\/wp-json\/wp\/v2\/posts"}],"about":[{"href":"https:\/\/rdnews.al\/index.php\/wp-json\/wp\/v2\/types\/post"}],"author":[{"embeddable":true,"href":"https:\/\/rdnews.al\/index.php\/wp-json\/wp\/v2\/users\/4"}],"replies":[{"embeddable":true,"href":"https:\/\/rdnews.al\/index.php\/wp-json\/wp\/v2\/comments?post=73688"}],"version-history":[{"count":0,"href":"https:\/\/rdnews.al\/index.php\/wp-json\/wp\/v2\/posts\/73688\/revisions"}],"wp:featuredmedia":[{"embeddable":true,"href":"https:\/\/rdnews.al\/index.php\/wp-json\/wp\/v2\/media\/73689"}],"wp:attachment":[{"href":"https:\/\/rdnews.al\/index.php\/wp-json\/wp\/v2\/media?parent=73688"}],"wp:term":[{"taxonomy":"category","embeddable":true,"href":"https:\/\/rdnews.al\/index.php\/wp-json\/wp\/v2\/categories?post=73688"},{"taxonomy":"post_tag","embeddable":true,"href":"https:\/\/rdnews.al\/index.php\/wp-json\/wp\/v2\/tags?post=73688"}],"curies":[{"name":"wp","href":"https:\/\/api.w.org\/{rel}","templated":true}]}}