{"id":73712,"date":"2024-03-14T09:19:45","date_gmt":"2024-03-14T09:19:45","guid":{"rendered":"https:\/\/rdnews.al\/?p=73712"},"modified":"2024-03-14T09:19:45","modified_gmt":"2024-03-14T09:19:45","slug":"noka-nuk-ka-marreveshje-me-ramen-ka-vetem-ulje-ne-tryeze-per-te-diskutuar","status":"publish","type":"post","link":"https:\/\/rdnews.al\/index.php\/2024\/03\/14\/noka-nuk-ka-marreveshje-me-ramen-ka-vetem-ulje-ne-tryeze-per-te-diskutuar\/","title":{"rendered":"Noka: Nuk ka marr\u00ebveshje me Ram\u00ebn, ka vet\u00ebm ulje n\u00eb tryez\u00eb p\u00ebr t\u00eb diskutuar!"},"content":{"rendered":"<p>Sekretari i P\u00ebrgjithsh\u00ebm i PD, Flamur Noka, ka folur mbi dakord\u00ebsin\u00eb PD-PS, p\u00ebr ngritjen e dy komisioneve hetimore parlamentare.<\/p>\n<p>I ftuar n\u00eb emisionin \u201cOra e Betit\u201d n\u00eb Ora News, Noka u shpreh se nuk ka marr\u00ebveshje me Edi Ram\u00ebn por ka vet\u00ebm nj\u00eb ulje n\u00eb tryez\u00eb p\u00ebr t\u00eb diskutuar k\u00ebrkesat e opozit\u00ebs.<\/p>\n<p>\u201cKjo situat\u00eb e agravuar prej 5 muajsh, sigurisht q\u00eb do kishte nj\u00eb rrug\u00eb ku do futej zgjidhja. Ne hym\u00eb n\u00eb k\u00ebt\u00eb rrug\u00eb t\u00eb detyruar. Komisionet Hetimore i detyron Kushtetuta. Ne kemi d\u00ebrguar n\u00eb parlament 8 k\u00ebrkesa p\u00ebr Komisione Hetimore.<\/p>\n<p>Kushtetuta thot\u00eb q\u00eb kur Komisioni Hetimor firmoset nga 35 deputet\u00eb, automatikisht Kuvendi \u00ebsht\u00eb i detyurar t\u00eb ngrej\u00eb Komision Hetimor. Komisioni i Reform\u00ebs Zgjedhore, 33 vjet konsensual bipartisan, nuk u konsiderua. Sigurisht q\u00eb ne t\u00eb detyruar u fut\u00ebm n\u00eb k\u00ebt\u00eb rrug\u00eb, sepse parlamenti humbi legjitimitetin e tij.<\/p>\n<p>Mbase qeveria pas 5 muajsh betej\u00eb, mes opozit\u00ebs dhe qeveris\u00eb n\u00eb parlament u detyrua t\u00eb konsideroj\u00eb k\u00ebrkesat tona. Nuk flitet p\u00ebr marr\u00ebveshje. Nuk ka marr\u00ebveshje, as nuk do ket\u00eb marr\u00ebveshje me Edi Ram\u00ebn. Ka vet\u00ebm nj\u00eb ulje n\u00eb tryez\u00eb p\u00ebr t\u00eb diskutuar k\u00ebrkesat tona\u201d, tha Noka.<\/p>\n","protected":false},"excerpt":{"rendered":"<p>Sekretari i P\u00ebrgjithsh\u00ebm i PD, Flamur Noka, ka folur mbi dakord\u00ebsin\u00eb PD-PS, p\u00ebr ngritjen e dy komisioneve hetimore parlamentare. I ftuar n\u00eb emisionin \u201cOra e Betit\u201d n\u00eb Ora News, Noka u shpreh se nuk ka marr\u00ebveshje me Edi Ram\u00ebn por ka vet\u00ebm nj\u00eb ulje n\u00eb tryez\u00eb p\u00ebr t\u00eb diskutuar k\u00ebrkesat e opozit\u00ebs. \u201cKjo situat\u00eb e &hellip;<\/p>\n","protected":false},"author":4,"featured_media":73713,"comment_status":"closed","ping_status":"closed","sticky":false,"template":"","format":"standard","meta":{"footnotes":""},"categories":[37],"tags":[],"class_list":["post-73712","post","type-post","status-publish","format-standard","has-post-thumbnail","","category-politike"],"_links":{"self":[{"href":"https:\/\/rdnews.al\/index.php\/wp-json\/wp\/v2\/posts\/73712","targetHints":{"allow":["GET"]}}],"collection":[{"href":"https:\/\/rdnews.al\/index.php\/wp-json\/wp\/v2\/posts"}],"about":[{"href":"https:\/\/rdnews.al\/index.php\/wp-json\/wp\/v2\/types\/post"}],"author":[{"embeddable":true,"href":"https:\/\/rdnews.al\/index.php\/wp-json\/wp\/v2\/users\/4"}],"replies":[{"embeddable":true,"href":"https:\/\/rdnews.al\/index.php\/wp-json\/wp\/v2\/comments?post=73712"}],"version-history":[{"count":0,"href":"https:\/\/rdnews.al\/index.php\/wp-json\/wp\/v2\/posts\/73712\/revisions"}],"wp:featuredmedia":[{"embeddable":true,"href":"https:\/\/rdnews.al\/index.php\/wp-json\/wp\/v2\/media\/73713"}],"wp:attachment":[{"href":"https:\/\/rdnews.al\/index.php\/wp-json\/wp\/v2\/media?parent=73712"}],"wp:term":[{"taxonomy":"category","embeddable":true,"href":"https:\/\/rdnews.al\/index.php\/wp-json\/wp\/v2\/categories?post=73712"},{"taxonomy":"post_tag","embeddable":true,"href":"https:\/\/rdnews.al\/index.php\/wp-json\/wp\/v2\/tags?post=73712"}],"curies":[{"name":"wp","href":"https:\/\/api.w.org\/{rel}","templated":true}]}}