{"id":73728,"date":"2024-03-14T10:09:25","date_gmt":"2024-03-14T10:09:25","guid":{"rendered":"https:\/\/rdnews.al\/?p=73728"},"modified":"2024-03-14T10:09:25","modified_gmt":"2024-03-14T10:09:25","slug":"arrestimi-i-berberit-amnisti-per-gjiknurin-ballukun-dhe-ramen","status":"publish","type":"post","link":"https:\/\/rdnews.al\/index.php\/2024\/03\/14\/arrestimi-i-berberit-amnisti-per-gjiknurin-ballukun-dhe-ramen\/","title":{"rendered":"Arrestimi i Berberit, amnisti p\u00ebr Gjiknurin, Ballukun dhe Ram\u00ebn!"},"content":{"rendered":"<p>Pas arrestimit t\u00eb kreut t\u00eb ARRSH-s\u00eb, Ervis Berberi ka reaguar edhe kryetari i FRPD, Besart Xhaferri. N\u00eb nj\u00eb postim n\u00eb Facebook, Xhaferri shkruan se, arrestimi i Berberit \u00ebsht\u00eb amnisti p\u00ebr Gjiknurin, Ballukun dhe Ram\u00ebn.<\/p>\n<p><strong>Reagimi <\/strong><\/p>\n<p>Rrug\u00ebt e florinjta t\u00eb l\u00ebna rrug\u00ebve, arrestimi i Berberit, amnisti p\u00ebr Gjiknurin, Ballukun dhe Ram\u00ebn!<\/p>\n<p>Rrug\u00ebt kan\u00eb rezultuar nj\u00eb minier\u00eb ari p\u00ebr Rilindjen, teksa ndon\u00ebse asnj\u00eb aks i r\u00ebnd\u00ebsish\u00ebm nuk ka p\u00ebrfunduar, shqiptar\u00ebt kan\u00eb paguar p\u00ebr rrug\u00ebt m\u00eb shum\u00eb se asnj\u00eb vend n\u00eb Evrop\u00eb.<\/p>\n<p>Ervis Berberi n\u00eb krye t\u00eb ARRSH ka kryer gjenocid mbi fondet publike me bekimin e ministrave t\u00eb linj\u00ebs, Gjiknuri dhe Balluku dhe Kryeministrit Edi Rama.<\/p>\n<p>Ervis Berberi \u00ebsht\u00eb sh\u00ebmbylltyra e sektit t\u00eb Rilindjes, teksa n\u00eb postin e drejtorit i ka kaluar miliona euro kompanive t\u00eb tij.<\/p>\n<p>Si n\u00eb asnj\u00eb vend t\u00eb bot\u00ebs n\u00eb Shqip\u00ebri ka shkuar deri ne 26 milion\u00eb euro kilometri i nj\u00eb rruge.<\/p>\n<p>Ervis Berberi \u00ebsht\u00eb nj\u00eb marionet\u00eb e Ballukut, Gjiknurit dhe Ram\u00ebs, ndaj arrestimi i tij \u00ebsht\u00eb amnisti p\u00ebr ta.<\/p>\n<p>SPAK duhet t\u00eb shkoj\u00eb tek p\u00ebrfituesit e v\u00ebrtet\u00eb t\u00eb vjedhjes s\u00eb shqiptar\u00ebve.<\/p>\n","protected":false},"excerpt":{"rendered":"<p>Pas arrestimit t\u00eb kreut t\u00eb ARRSH-s\u00eb, Ervis Berberi ka reaguar edhe kryetari i FRPD, Besart Xhaferri. N\u00eb nj\u00eb postim n\u00eb Facebook, Xhaferri shkruan se, arrestimi i Berberit \u00ebsht\u00eb amnisti p\u00ebr Gjiknurin, Ballukun dhe Ram\u00ebn. Reagimi Rrug\u00ebt e florinjta t\u00eb l\u00ebna rrug\u00ebve, arrestimi i Berberit, amnisti p\u00ebr Gjiknurin, Ballukun dhe Ram\u00ebn! Rrug\u00ebt kan\u00eb rezultuar nj\u00eb minier\u00eb &hellip;<\/p>\n","protected":false},"author":4,"featured_media":73729,"comment_status":"closed","ping_status":"closed","sticky":false,"template":"","format":"standard","meta":{"footnotes":""},"categories":[37],"tags":[],"class_list":["post-73728","post","type-post","status-publish","format-standard","has-post-thumbnail","","category-politike"],"_links":{"self":[{"href":"https:\/\/rdnews.al\/index.php\/wp-json\/wp\/v2\/posts\/73728","targetHints":{"allow":["GET"]}}],"collection":[{"href":"https:\/\/rdnews.al\/index.php\/wp-json\/wp\/v2\/posts"}],"about":[{"href":"https:\/\/rdnews.al\/index.php\/wp-json\/wp\/v2\/types\/post"}],"author":[{"embeddable":true,"href":"https:\/\/rdnews.al\/index.php\/wp-json\/wp\/v2\/users\/4"}],"replies":[{"embeddable":true,"href":"https:\/\/rdnews.al\/index.php\/wp-json\/wp\/v2\/comments?post=73728"}],"version-history":[{"count":0,"href":"https:\/\/rdnews.al\/index.php\/wp-json\/wp\/v2\/posts\/73728\/revisions"}],"wp:featuredmedia":[{"embeddable":true,"href":"https:\/\/rdnews.al\/index.php\/wp-json\/wp\/v2\/media\/73729"}],"wp:attachment":[{"href":"https:\/\/rdnews.al\/index.php\/wp-json\/wp\/v2\/media?parent=73728"}],"wp:term":[{"taxonomy":"category","embeddable":true,"href":"https:\/\/rdnews.al\/index.php\/wp-json\/wp\/v2\/categories?post=73728"},{"taxonomy":"post_tag","embeddable":true,"href":"https:\/\/rdnews.al\/index.php\/wp-json\/wp\/v2\/tags?post=73728"}],"curies":[{"name":"wp","href":"https:\/\/api.w.org\/{rel}","templated":true}]}}