{"id":73749,"date":"2024-03-14T18:08:23","date_gmt":"2024-03-14T18:08:23","guid":{"rendered":"https:\/\/rdnews.al\/?p=73749"},"modified":"2024-03-14T18:12:59","modified_gmt":"2024-03-14T18:12:59","slug":"arrestimi-i-ervis-berberit-garo-fasade-e-drejtesise-se-re-po-mbulohet-korrupsioni-i-rames-dhe-ballukut","status":"publish","type":"post","link":"https:\/\/rdnews.al\/index.php\/2024\/03\/14\/arrestimi-i-ervis-berberit-garo-fasade-e-drejtesise-se-re-po-mbulohet-korrupsioni-i-rames-dhe-ballukut\/","title":{"rendered":"Arrestimi i Berberit\/ Garo: Fasad\u00eb e drejt\u00ebsis\u00eb s\u00eb re, po mbulohet korrupsioni i Ram\u00ebs dhe Ballukut"},"content":{"rendered":"<p><strong>DEKLARAT\u00cb P\u00cbR MEDIA Z\u00cbDH\u00cbN\u00cbSJA E PD, FLORIANA GARO<\/strong><\/p>\n<p>Arrestimi i Evis Berberit, ish-drejtorit t\u00eb Autoritetit t\u00eb Rrug\u00ebve, \u00ebsht\u00eb p\u00ebrpjekja p\u00ebr t\u00eb mbajtur gjall\u00eb iluzionin se drejt\u00ebsia po e godet qeverin\u00eb, dhe se \u00ebsht\u00eb e pavarur nga kontrolli i saj.<\/p>\n<p>Aspak e v\u00ebrtet\u00eb !<\/p>\n<p>Arrestimi i Berberit p\u00ebr korrupsion pasiv nga SPAK b\u00ebhet n\u00eb fakt p\u00ebr t\u00eb mbuluar ata q\u00eb b\u00ebjn\u00eb korrupsion aktiv: Edi Ram\u00ebn dhe Belinda Ballukun, q\u00eb shtrojn\u00eb \u201crrug\u00eb t\u00eb arta\u201d, mbi 20 milion euro kilometrin, dhe q\u00eb e kan\u00eb kthyer qeverin\u00eb n\u00eb lozh\u00eb t\u00eb korruptimit dhe t\u00eb p\u00ebrdorjes t\u00eb \u00e7do zyrtari dhe m\u00eb pas, flakjes s\u00eb tyre.<\/p>\n<p>Evis Berberi \u00ebsht\u00eb Taulant Tusha i qeveris\u00eb.<br \/>\nBerberi dhe Tusha jan\u00eb thjesht \u2018d\u00ebnime an\u00ebsore\u2019.<\/p>\n<p>Kur Evis Berberi duhej si shofer i Ram\u00ebs dhe Ballukut, p\u00ebr spotin me makin\u00eb t\u00eb hapur, ku flitej p\u00ebr rrug\u00eb t\u00eb bukura dhe suksese imagjinare t\u00eb qeveris\u00eb, ai u p\u00ebrdor si i till\u00eb.<\/p>\n<p>Tani q\u00eb t\u00eb dyve u duhet si i burgosur, ashtu do t\u00eb jet\u00eb!<\/p>\n<p>P\u00ebrdorimi i drejtor\u00ebve si \u2018koka turku\u2019 u intereson si qeveris\u00eb ashtu dhe SPAK.<\/p>\n<p>Qeveria thot\u00eb se nuk e ndalojm\u00eb SPAK p\u00ebr t\u00eb goditur korrupsionin, kurse SPAK thot\u00eb se ne po b\u00ebjm\u00eb drejt\u00ebsin\u00eb re.<\/p>\n<p>Ajo q\u00eb Shqip\u00ebris\u00eb i duhet \u00ebsht\u00eb prerja e kok\u00ebs e sistemit q\u00eb e ka kthyer korrupsionin n\u00eb ligj t\u00eb pashkruar, jo nj\u00eb ligj q\u00eb pret disa krer\u00eb p\u00ebr t\u00eb shp\u00ebtuar ata n\u00eb krye.<\/p>\n<p>Partia Demokratike e rithekson q\u00ebndrimin se shfaqja teatrale e anti-korrupsionit nuk mund t\u00eb mbuloj\u00eb gangren\u00ebn e v\u00ebrtet\u00eb t\u00eb korrupsionit.<\/p>\n<p>Se Shqip\u00ebria nuk shp\u00ebton pa larguar nj\u00eb her\u00eb e mir\u00eb ata q\u00eb shtetin e shohin si mjet pasurimi dhe p\u00ebrjet\u00ebsimi n\u00eb pushtet.<\/p>\n<p>Me k\u00ebt\u00eb q\u00ebllim ata vjedhin rrug\u00ebt, p\u00ebr t\u00eb grabitur zgjedhjet, vrasin shpres\u00ebn p\u00ebr t\u00eb nxitur shpopullimin.<\/p>\n<p>Shqip\u00ebria shp\u00ebton vet\u00ebm me politika t\u00eb qarta dhe t\u00eb ndershme, ku p\u00ebrgjegj\u00ebsin\u00eb e merr ai q\u00eb \u00ebsht\u00eb n\u00eb krye.<\/p>\n<p>P\u00ebr k\u00ebt\u00eb duhet nj\u00eb qeveri teknike, q\u00eb heq dor\u00ebn e Edi Ram\u00ebs nga xhepi juaj dhe nga kutit\u00eb e votimit, q\u00eb mund\u00ebson zgjedhje t\u00eb lira dhe q\u00eb e kthen Shqip\u00ebrin\u00eb n\u00eb normalitet.<\/p>\n<p>O sot, o kurr\u00eb!<\/p>\n","protected":false},"excerpt":{"rendered":"<p>DEKLARAT\u00cb P\u00cbR MEDIA Z\u00cbDH\u00cbN\u00cbSJA E PD, FLORIANA GARO Arrestimi i Evis Berberit, ish-drejtorit t\u00eb Autoritetit t\u00eb Rrug\u00ebve, \u00ebsht\u00eb p\u00ebrpjekja p\u00ebr t\u00eb mbajtur gjall\u00eb iluzionin se drejt\u00ebsia po e godet qeverin\u00eb, dhe se \u00ebsht\u00eb e pavarur nga kontrolli i saj. Aspak e v\u00ebrtet\u00eb ! Arrestimi i Berberit p\u00ebr korrupsion pasiv nga SPAK b\u00ebhet n\u00eb fakt p\u00ebr &hellip;<\/p>\n","protected":false},"author":4,"featured_media":73750,"comment_status":"closed","ping_status":"closed","sticky":false,"template":"","format":"standard","meta":{"footnotes":""},"categories":[37],"tags":[],"class_list":["post-73749","post","type-post","status-publish","format-standard","has-post-thumbnail","","category-politike"],"_links":{"self":[{"href":"https:\/\/rdnews.al\/index.php\/wp-json\/wp\/v2\/posts\/73749","targetHints":{"allow":["GET"]}}],"collection":[{"href":"https:\/\/rdnews.al\/index.php\/wp-json\/wp\/v2\/posts"}],"about":[{"href":"https:\/\/rdnews.al\/index.php\/wp-json\/wp\/v2\/types\/post"}],"author":[{"embeddable":true,"href":"https:\/\/rdnews.al\/index.php\/wp-json\/wp\/v2\/users\/4"}],"replies":[{"embeddable":true,"href":"https:\/\/rdnews.al\/index.php\/wp-json\/wp\/v2\/comments?post=73749"}],"version-history":[{"count":0,"href":"https:\/\/rdnews.al\/index.php\/wp-json\/wp\/v2\/posts\/73749\/revisions"}],"wp:featuredmedia":[{"embeddable":true,"href":"https:\/\/rdnews.al\/index.php\/wp-json\/wp\/v2\/media\/73750"}],"wp:attachment":[{"href":"https:\/\/rdnews.al\/index.php\/wp-json\/wp\/v2\/media?parent=73749"}],"wp:term":[{"taxonomy":"category","embeddable":true,"href":"https:\/\/rdnews.al\/index.php\/wp-json\/wp\/v2\/categories?post=73749"},{"taxonomy":"post_tag","embeddable":true,"href":"https:\/\/rdnews.al\/index.php\/wp-json\/wp\/v2\/tags?post=73749"}],"curies":[{"name":"wp","href":"https:\/\/api.w.org\/{rel}","templated":true}]}}