{"id":73869,"date":"2024-03-15T17:44:39","date_gmt":"2024-03-15T17:44:39","guid":{"rendered":"https:\/\/rdnews.al\/?p=73869"},"modified":"2024-03-15T17:44:39","modified_gmt":"2024-03-15T17:44:39","slug":"miratohen-komisionet-hetimore-bardhi-ja-si-do-kryhet-hetimi-parlamentar","status":"publish","type":"post","link":"https:\/\/rdnews.al\/index.php\/2024\/03\/15\/miratohen-komisionet-hetimore-bardhi-ja-si-do-kryhet-hetimi-parlamentar\/","title":{"rendered":"Miratohen Komisionet Hetimore, Bardhi: Ja si do kryhet hetimi parlamentar"},"content":{"rendered":"<p>Konferenca e Kryetar\u00ebve ka miratuar ngritjen e dy komisioneve hetimore parlamentare, t\u00eb k\u00ebrkuara nga opozita, si dhe \u00ebsht\u00eb dakord\u00ebsuar ngritja e nj\u00eb grupi pune, q\u00eb do t\u00eb marr\u00eb n\u00eb shqyrtim ligjet q\u00eb k\u00ebrkojn\u00eb miratim me shumic\u00eb t\u00eb cil\u00ebsuar.<\/p>\n<p>Komisionet Hetimore q\u00eb jan\u00eb miratuar jan\u00eb ato p\u00ebr Koncesionet n\u00eb Sh\u00ebndet\u00ebsi dhe p\u00ebr nxjerrjen e t\u00eb dh\u00ebnave t\u00eb sistemit TIMS.<\/p>\n<p>Komisioni Hetimor p\u00ebr Koncensionet n\u00eb Sh\u00ebndet\u00ebsi do t\u00eb p\u00ebrb\u00ebhet nga 15 an\u00ebtar\u00eb, nga t\u00eb cil\u00ebt kryetari dhe 6 an\u00ebtar\u00eb propozohen nga Grupi Parlamentar i PD dhe 8 an\u00ebtar\u00eb propozohen nga Grupi Parlamentar i PS-s\u00eb.<\/p>\n<p>P\u00ebrb\u00ebrja e Komisionit caktohet me vendim t\u00eb ve\u00e7ant\u00eb t\u00eb Kuvendit.<\/p>\n<p>Komisioni Hetimor do t\u00eb zhvilloj\u00eb veprimtarin\u00eb e tij n\u00eb afat kohor prej 4 muajsh, nga data e miratimit t\u00eb vendimit.<\/p>\n<p>N\u00eb rast nevoje, me k\u00ebrkes\u00eb t\u00eb arsyetuar t\u00eb Komisionit, Kuvendi vendos zgjatjen e afatit t\u00eb ushtrimit t\u00eb veprimtaris\u00eb s\u00eb komisionit.<\/p>\n<p>Gjithashtu edhe komisioni p\u00ebr hetimin e TIMS do t\u00eb ket\u00eb t\u00eb nj\u00ebjt\u00ebn p\u00ebrb\u00ebrje dhe po t\u00eb nj\u00ebjt\u00ebn koh\u00ebzgjatje.<\/p>\n<p>N\u00eb p\u00ebrfundim t\u00eb Konferenc\u00ebs s\u00eb Kryetar\u00ebve, kreu i Grupit Parlamentar t\u00eb PD-s\u00eb, Gazment Bardhi tha se do t\u00eb nis\u00eb menj\u00ebher\u00eb puna n\u00eb Kuvend, p\u00ebr t\u00eb d\u00ebgjuar z\u00ebrin e qytetar\u00ebve.<\/p>\n<p>\u201cN\u00eb vijim t\u00eb mbledhjes s\u00eb shkuar t\u00eb konferenc\u00ebs s\u00eb Kryetar\u00ebve ku ram\u00eb n\u00eb dakord n\u00eb parim p\u00ebr t\u00eb normalizuar veprimtarin\u00eb n\u00eb Kuvend, sot u vendos n\u00eb dakord\u00ebsi t\u00eb plot\u00eb mes gjith\u00eb an\u00ebtar\u00ebve ka marr\u00eb vendimet q\u00eb konkretizojn\u00eb at\u00eb dakord\u00ebsi.<\/p>\n<p>\u00cbsht\u00eb r\u00ebn\u00eb dakord si\u00e7 e dini, miratimi i Komisionit Hetimor p\u00ebr kontratat dhe sterizilim dhe chep-up apo dhe p\u00ebr ngritjen e komisionit hetimor p\u00ebr sistemin tims. K\u00ebto kan\u00eb qen\u00eb shqet\u00ebsimet tona.<\/p>\n<p>Si\u00e7 kemi deklaruar prej 5 muaj edhe pse jemi akuzuar. Ne rikthehemi menj\u00ebher\u00eb n\u00eb normalitet q\u00eb te jemi z\u00ebri i qytetar\u00ebve. Sot po tregojm\u00eb se kemi b\u00ebr\u00eb at\u00eb q\u00eb kemi th\u00ebn\u00eb n\u00eb k\u00ebto 5 muaj\u201d, tha ai.<\/p>\n<p>Bardhi tha se hetimi parlamentar, me p\u00ebrjashtim t\u00eb rasteve kur prek sigurin\u00eb komb\u00ebtare, do t\u00eb jet\u00eb transparent, pra mbledhjet do t\u00eb jen\u00eb me dyer t\u00eb hapura.<\/p>\n<p>Ai tha se jan\u00eb zgjedhur k\u00ebto dy kontrata n\u00eb fush\u00ebn e sh\u00ebndet\u00ebsis\u00eb, pasi ka indicie t\u00eb mjaftueshme, bazuar edhe n\u00eb raportin e KLSH-s\u00eb, p\u00ebr t\u00eb hetuar dhe p\u00ebr t\u00eb mbrojtur parat\u00eb e taksapaguesve shqiptar\u00eb, duke propozuar masa konkrete.<\/p>\n","protected":false},"excerpt":{"rendered":"<p>Konferenca e Kryetar\u00ebve ka miratuar ngritjen e dy komisioneve hetimore parlamentare, t\u00eb k\u00ebrkuara nga opozita, si dhe \u00ebsht\u00eb dakord\u00ebsuar ngritja e nj\u00eb grupi pune, q\u00eb do t\u00eb marr\u00eb n\u00eb shqyrtim ligjet q\u00eb k\u00ebrkojn\u00eb miratim me shumic\u00eb t\u00eb cil\u00ebsuar. Komisionet Hetimore q\u00eb jan\u00eb miratuar jan\u00eb ato p\u00ebr Koncesionet n\u00eb Sh\u00ebndet\u00ebsi dhe p\u00ebr nxjerrjen e t\u00eb dh\u00ebnave &hellip;<\/p>\n","protected":false},"author":4,"featured_media":73870,"comment_status":"closed","ping_status":"closed","sticky":false,"template":"","format":"standard","meta":{"footnotes":""},"categories":[37],"tags":[],"class_list":["post-73869","post","type-post","status-publish","format-standard","has-post-thumbnail","","category-politike"],"_links":{"self":[{"href":"https:\/\/rdnews.al\/index.php\/wp-json\/wp\/v2\/posts\/73869","targetHints":{"allow":["GET"]}}],"collection":[{"href":"https:\/\/rdnews.al\/index.php\/wp-json\/wp\/v2\/posts"}],"about":[{"href":"https:\/\/rdnews.al\/index.php\/wp-json\/wp\/v2\/types\/post"}],"author":[{"embeddable":true,"href":"https:\/\/rdnews.al\/index.php\/wp-json\/wp\/v2\/users\/4"}],"replies":[{"embeddable":true,"href":"https:\/\/rdnews.al\/index.php\/wp-json\/wp\/v2\/comments?post=73869"}],"version-history":[{"count":0,"href":"https:\/\/rdnews.al\/index.php\/wp-json\/wp\/v2\/posts\/73869\/revisions"}],"wp:featuredmedia":[{"embeddable":true,"href":"https:\/\/rdnews.al\/index.php\/wp-json\/wp\/v2\/media\/73870"}],"wp:attachment":[{"href":"https:\/\/rdnews.al\/index.php\/wp-json\/wp\/v2\/media?parent=73869"}],"wp:term":[{"taxonomy":"category","embeddable":true,"href":"https:\/\/rdnews.al\/index.php\/wp-json\/wp\/v2\/categories?post=73869"},{"taxonomy":"post_tag","embeddable":true,"href":"https:\/\/rdnews.al\/index.php\/wp-json\/wp\/v2\/tags?post=73869"}],"curies":[{"name":"wp","href":"https:\/\/api.w.org\/{rel}","templated":true}]}}