{"id":73886,"date":"2024-03-15T18:56:40","date_gmt":"2024-03-15T18:56:40","guid":{"rendered":"https:\/\/rdnews.al\/?p=73886"},"modified":"2024-03-15T18:59:55","modified_gmt":"2024-03-15T18:59:55","slug":"dasho-rruga-e-shpreses-i-ka-futur-friken-rames-20-shkurti-e-dha-mesazhin","status":"publish","type":"post","link":"https:\/\/rdnews.al\/index.php\/2024\/03\/15\/dasho-rruga-e-shpreses-i-ka-futur-friken-rames-20-shkurti-e-dha-mesazhin\/","title":{"rendered":"Dasho: \u201cRruga e Shpres\u00ebs\u201d i ka futur frik\u00ebn Ram\u00ebs, 20 shkurti e dha mesazhin!"},"content":{"rendered":"<p>Mjeku Erion Dasho i cili jeton n\u00eb Gjermani, i pranish\u00ebm n\u00eb protest\u00ebn maraton\u00eb n\u00eb \u2018Rrug\u00ebn e Shpres\u00ebs\u2019 ka shprehur mb\u00ebshtetjen e tij p\u00ebr kreun e PD-s\u00eb, Sali Berisha dhe protestuesit, q\u00eb sipas tij kan\u00eb kthyer optimizmin e shqiptar\u00ebve. Sipas Dashos, mesazhet q\u00eb dalin \u00e7do dit\u00eb nga \u2018Rruga e Shpres\u00ebs\u2019, rrug\u00eb i kan\u00eb futur frik\u00ebn \u2018rilindjes\u2019 dhe k\u00ebt\u00eb e pam\u00eb m\u00eb shum\u00eb se kurr\u00eb n\u00eb 20 shkurt.<\/p>\n<p>Gjithashtu mjeku b\u00ebri nj\u00eb paralelizim me momentin kur Perandoria Osmane ishte n\u00eb prag t\u00eb shp\u00ebrb\u00ebrjes dhe hajdut\u00ebt e perandoris\u00eb, nuk shkonin m\u00eb vet\u00eb ushtar por merrnin nj\u00eb bedel e paguanin dhe e \u00e7onin ushtar p\u00ebr t\u00eb luftuar n\u00eb vend t\u00eb tyre apo n\u00eb vend t\u00eb f\u00ebmij\u00ebve t\u00eb tyre.<\/p>\n<p>\u201cP\u00ebr t\u00eb gjith\u00eb ne shqiptar\u00ebt q\u00eb jetojm\u00eb n\u00eb mbar\u00eb bot\u00ebn, kjo rrug\u00eb nuk \u00ebsht\u00eb vet\u00ebm \u2018Rruga e Shpres\u00ebs\u2019 por edhe \u2018Rruga e Optimizmit\u2019. Ne shohim se \u00e7do dit\u00eb mesazhet q\u00eb dalin nga kjo rrug\u00eb i kan\u00eb futur frik\u00ebn \u2018rilindjes\u2019 dhe k\u00ebt\u00eb e pam\u00eb m\u00eb shum\u00eb se kurr\u00eb n\u00eb 20 shkurt kur ata 1 mij veta q\u00eb jan\u00eb k\u00ebtu, u shnd\u00ebrruan n\u00eb dhjetra mij\u00ebra veta dhe i treguan rilindjes se fundi i saj \u00ebsht\u00eb i af\u00ebrt.<\/p>\n<p>Dua t\u00eb b\u00ebj nj\u00eb paraleliz\u00ebm me nj\u00eb moment kur Perandoria Osmane ishte n\u00eb prag t\u00eb shp\u00ebrb\u00ebrjes.<\/p>\n<p>T\u00eb gjith\u00eb hajdut\u00ebt e Perandoris\u00eb Osmane nuk shkonin m\u00eb vet\u00eb ushtar por merrnin nj\u00eb bedel e paguanin dhe e \u00e7onin ushtar p\u00ebr t\u00eb luftuar n\u00eb vend t\u00eb tyre apo n\u00eb vend t\u00eb f\u00ebmij\u00ebve t\u00eb tyre.<\/p>\n<p>Sot \u2018rilindja\u2019 i \u00ebsht\u00eb kthyer bedel\u00ebve. Erion Veliaj gjeti bedelin e vet\u00eb Taulantin, Belinda Balluku gjeti bedelin e saj Berberin, dhe k\u00ebta bedel\u00eb po paguajn\u00eb sot p\u00ebr hajdut\u00ebrit\u00eb e shefave t\u00eb tyre p\u00ebr miliardat q\u00eb kan\u00eb vjedhur dhe abuzuar nga taksat tona.<\/p>\n<p>P\u00ebrse filluan sot bedel\u00ebt e \u2018rilindjes\u2019, filluan sepse \u00ebsht\u00eb shpresa q\u00eb ngjall protesta e p\u00ebrnatshme k\u00ebtu.<\/p>\n<p>P\u00ebr nj\u00eb vit, ne do t\u00eb kemi zgjedhjet e reja dhe n\u00eb k\u00ebto zgjedhje sipas t\u00eb gjitha atyre bisedave q\u00eb un\u00eb b\u00ebj me miqt\u00eb e mi n\u00eb Shqip\u00ebri dhe n\u00ebp\u00ebr bot\u00eb, t\u00eb gjith\u00eb shqiptar\u00ebt presin ndryshimin e madh.<\/p>\n<p>Shqip\u00ebria nuk mund t\u00eb qeveriset m\u00eb nga klika m\u00eb e korruptuar, m\u00eb hajdute dhe m\u00eb e pap\u00ebrgjegjshme q\u00eb ka qeverisur ndonj\u00ebher\u00eb n\u00eb k\u00ebt\u00eb vend\u201d, tha mjeku Dasho.<\/p>\n","protected":false},"excerpt":{"rendered":"<p>Mjeku Erion Dasho i cili jeton n\u00eb Gjermani, i pranish\u00ebm n\u00eb protest\u00ebn maraton\u00eb n\u00eb \u2018Rrug\u00ebn e Shpres\u00ebs\u2019 ka shprehur mb\u00ebshtetjen e tij p\u00ebr kreun e PD-s\u00eb, Sali Berisha dhe protestuesit, q\u00eb sipas tij kan\u00eb kthyer optimizmin e shqiptar\u00ebve. Sipas Dashos, mesazhet q\u00eb dalin \u00e7do dit\u00eb nga \u2018Rruga e Shpres\u00ebs\u2019, rrug\u00eb i kan\u00eb futur frik\u00ebn \u2018rilindjes\u2019 &hellip;<\/p>\n","protected":false},"author":4,"featured_media":65324,"comment_status":"closed","ping_status":"closed","sticky":false,"template":"","format":"standard","meta":{"footnotes":""},"categories":[37],"tags":[],"class_list":["post-73886","post","type-post","status-publish","format-standard","has-post-thumbnail","","category-politike"],"_links":{"self":[{"href":"https:\/\/rdnews.al\/index.php\/wp-json\/wp\/v2\/posts\/73886","targetHints":{"allow":["GET"]}}],"collection":[{"href":"https:\/\/rdnews.al\/index.php\/wp-json\/wp\/v2\/posts"}],"about":[{"href":"https:\/\/rdnews.al\/index.php\/wp-json\/wp\/v2\/types\/post"}],"author":[{"embeddable":true,"href":"https:\/\/rdnews.al\/index.php\/wp-json\/wp\/v2\/users\/4"}],"replies":[{"embeddable":true,"href":"https:\/\/rdnews.al\/index.php\/wp-json\/wp\/v2\/comments?post=73886"}],"version-history":[{"count":0,"href":"https:\/\/rdnews.al\/index.php\/wp-json\/wp\/v2\/posts\/73886\/revisions"}],"wp:featuredmedia":[{"embeddable":true,"href":"https:\/\/rdnews.al\/index.php\/wp-json\/wp\/v2\/media\/65324"}],"wp:attachment":[{"href":"https:\/\/rdnews.al\/index.php\/wp-json\/wp\/v2\/media?parent=73886"}],"wp:term":[{"taxonomy":"category","embeddable":true,"href":"https:\/\/rdnews.al\/index.php\/wp-json\/wp\/v2\/categories?post=73886"},{"taxonomy":"post_tag","embeddable":true,"href":"https:\/\/rdnews.al\/index.php\/wp-json\/wp\/v2\/tags?post=73886"}],"curies":[{"name":"wp","href":"https:\/\/api.w.org\/{rel}","templated":true}]}}