{"id":73889,"date":"2024-03-15T19:08:52","date_gmt":"2024-03-15T19:08:52","guid":{"rendered":"https:\/\/rdnews.al\/?p=73889"},"modified":"2024-03-15T19:08:52","modified_gmt":"2024-03-15T19:08:52","slug":"berisha-vetem-dy-ditet-e-fundit-jane-4-atentate-ne-krye-te-rendit-eshte-politikani-me-i-lidhur-me-krimin","status":"publish","type":"post","link":"https:\/\/rdnews.al\/index.php\/2024\/03\/15\/berisha-vetem-dy-ditet-e-fundit-jane-4-atentate-ne-krye-te-rendit-eshte-politikani-me-i-lidhur-me-krimin\/","title":{"rendered":"Berisha: Vet\u00ebm dy dit\u00ebt e fundit jan\u00eb 4 atentate, n\u00eb krye t\u00eb rendit \u00ebsht\u00eb politikani m\u00eb i lidhur me krimin"},"content":{"rendered":"<p>Kryetari i Partis\u00eb Demokratike, Sali Berisha n\u00eb fjal\u00ebn e tij n\u00eb tubimin qytetar e ka v\u00ebn\u00eb theksin tek situata e r\u00ebnd\u00eb kriminale n\u00eb vend.\u00a0Sipas Berish\u00eb vet\u00ebm n\u00eb dy dit\u00ebt e fundit jan\u00eb kat\u00ebr atentate n\u00eb vend, e kjo ka ndodhur sepse n\u00eb krye t\u00eb rendit \u00ebsht\u00eb politikani m\u00eb i lidhur me krimin.<\/p>\n<p>\u201cMir\u00ebmbr\u00ebma dhe mir\u00ebnjohje m\u00eb t\u00eb pakufishme p\u00ebr ju misionar\u00eb t\u00eb v\u00ebrtet\u00eb t\u00eb liris\u00eb, shpres\u00ebs dhe dinjitetit.<\/p>\n<p>Nj\u00eb fal\u00ebnderim t\u00eb p\u00ebrzem\u00ebrt p\u00ebr orator\u00ebt e mrekulluesh\u00ebm, t\u00eb cil\u00ebt me fjalimet e tyre sonte dhe \u00e7do nat\u00eb, frym\u00ebzojn\u00eb shqiptar\u00ebt.<\/p>\n<p>T\u00eb dashur miq.<\/p>\n<p>Beteja pa kthim e opozit\u00ebs shqiptare \u00ebsht\u00eb nj\u00eb betej\u00eb historike.<\/p>\n<p>\u00cbsht\u00eb nj\u00eb betej\u00eb epike, e pashembullt n\u00eb historin\u00eb e Europ\u00ebs pas r\u00ebnies s\u00eb Perdes s\u00eb Hekurt.<\/p>\n<p>Asnj\u00eb vend ish-komunist, n\u00eb t\u00eb cilin diktaturat u p\u00ebrmbys\u00ebn, nuk p\u00ebsoi pas 32 vitesh si Shqip\u00ebria, rivendosjen e nj\u00eb diktature m\u00eb t\u00eb keqen, m\u00eb t\u00eb sh\u00ebmtuar\u00ebn, m\u00eb t\u00eb pam\u00ebshir\u00ebn midis t\u00eb gjitha diktaturave.<\/p>\n<p>Diktatura e bazuar n\u00eb aleanc\u00ebn e pushtetit me krimin, nuk ka burgje dhe kampe p\u00ebrqendrimi, por ka prita dhe bresh\u00ebri kallashnikovi, ka thika dhe rr\u00ebmbime \u00e7do dit\u00eb dhe \u00e7do nat\u00eb n\u00eb rrug\u00ebt dhe sheshet e Shqip\u00ebris\u00eb.<\/p>\n<p>Vet\u00ebm dy dit\u00ebt e fundit jan\u00eb kat\u00ebr atentate n\u00eb nj\u00eb vend ku rendi \u00ebsht\u00eb n\u00eb duart e krimit.<\/p>\n<p>N\u00eb nj\u00eb vend ku n\u00eb krye t\u00eb rendit \u00ebsht\u00eb njeriu, \u00ebsht\u00eb politikani m\u00eb i lidhur me krimin n\u00eb historin\u00eb 32-vje\u00e7are t\u00eb Shqip\u00ebris\u00eb\u201d, tha Berisha.<\/p>\n","protected":false},"excerpt":{"rendered":"<p>Kryetari i Partis\u00eb Demokratike, Sali Berisha n\u00eb fjal\u00ebn e tij n\u00eb tubimin qytetar e ka v\u00ebn\u00eb theksin tek situata e r\u00ebnd\u00eb kriminale n\u00eb vend.\u00a0Sipas Berish\u00eb vet\u00ebm n\u00eb dy dit\u00ebt e fundit jan\u00eb kat\u00ebr atentate n\u00eb vend, e kjo ka ndodhur sepse n\u00eb krye t\u00eb rendit \u00ebsht\u00eb politikani m\u00eb i lidhur me krimin. \u201cMir\u00ebmbr\u00ebma dhe mir\u00ebnjohje &hellip;<\/p>\n","protected":false},"author":4,"featured_media":73443,"comment_status":"closed","ping_status":"closed","sticky":false,"template":"","format":"standard","meta":{"footnotes":""},"categories":[37],"tags":[],"class_list":["post-73889","post","type-post","status-publish","format-standard","has-post-thumbnail","","category-politike"],"_links":{"self":[{"href":"https:\/\/rdnews.al\/index.php\/wp-json\/wp\/v2\/posts\/73889","targetHints":{"allow":["GET"]}}],"collection":[{"href":"https:\/\/rdnews.al\/index.php\/wp-json\/wp\/v2\/posts"}],"about":[{"href":"https:\/\/rdnews.al\/index.php\/wp-json\/wp\/v2\/types\/post"}],"author":[{"embeddable":true,"href":"https:\/\/rdnews.al\/index.php\/wp-json\/wp\/v2\/users\/4"}],"replies":[{"embeddable":true,"href":"https:\/\/rdnews.al\/index.php\/wp-json\/wp\/v2\/comments?post=73889"}],"version-history":[{"count":0,"href":"https:\/\/rdnews.al\/index.php\/wp-json\/wp\/v2\/posts\/73889\/revisions"}],"wp:featuredmedia":[{"embeddable":true,"href":"https:\/\/rdnews.al\/index.php\/wp-json\/wp\/v2\/media\/73443"}],"wp:attachment":[{"href":"https:\/\/rdnews.al\/index.php\/wp-json\/wp\/v2\/media?parent=73889"}],"wp:term":[{"taxonomy":"category","embeddable":true,"href":"https:\/\/rdnews.al\/index.php\/wp-json\/wp\/v2\/categories?post=73889"},{"taxonomy":"post_tag","embeddable":true,"href":"https:\/\/rdnews.al\/index.php\/wp-json\/wp\/v2\/tags?post=73889"}],"curies":[{"name":"wp","href":"https:\/\/api.w.org\/{rel}","templated":true}]}}