{"id":73979,"date":"2024-03-18T10:18:43","date_gmt":"2024-03-18T10:18:43","guid":{"rendered":"https:\/\/rdnews.al\/?p=73979"},"modified":"2024-03-18T10:20:43","modified_gmt":"2024-03-18T10:20:43","slug":"unike-ne-historine-e-shteteve-po-fal-shqiperine-qe-te-mbaje-pushtetin","status":"publish","type":"post","link":"https:\/\/rdnews.al\/index.php\/2024\/03\/18\/unike-ne-historine-e-shteteve-po-fal-shqiperine-qe-te-mbaje-pushtetin\/","title":{"rendered":"Unike n\u00eb historin\u00eb e shteteve \u2013 po fal Shqip\u00ebrin\u00eb q\u00eb t\u00eb mbaj\u00eb pushtetin!"},"content":{"rendered":"<p>NGA PROF. DR. ENVER BYTY\u00c7I<\/p>\n<p>Mij\u00ebra e miliona metra katror t\u00eb Shqip\u00ebris\u00eb Edi Rama i fal, i shet dhe i blen, si t\u00eb ishte prona e tij. Edi Rama me frym\u00ebn q\u00eb e karakterizon do t\u00eb shum\u00ebfishoj\u00eb p\u00ebrpjekjet e tij p\u00ebr ndarjen e Kosov\u00ebs.<\/p>\n<p>N\u00eb historin\u00eb ton\u00eb e t\u00eb vendeve t\u00eb tjera ka ndodhur gjithmon\u00eb q\u00eb politikan\u00ebt e lider\u00ebt t\u00eb b\u00ebjn\u00eb kompromise p\u00ebr t\u00eb ruajtur e mbajtur sa m\u00eb gjat\u00eb pushtetin. Ka ndodhur si n\u00eb koh\u00ebn e diktatorit Hoxha q\u00eb t\u00eb likuidohen nj\u00eb pas nj\u00eb t\u00eb gjith\u00eb kund\u00ebrshtar\u00ebt friksh\u00ebm! Ka ndodhur t\u00eb lidhen aleanca me nj\u00eb fuqi t\u00eb madhe n\u00eb k\u00ebmbim t\u00eb favorit p\u00ebr mb\u00ebshtetjen e saj p\u00ebr ta marr\u00eb ose p\u00ebr t\u00eb q\u00ebndruar gjat\u00eb n\u00eb pushtet! Ka t\u00eb tjer\u00eb q\u00eb kan\u00eb zhvilluar luft\u00ebra civile p\u00ebr ta mbajtur me dhun\u00eb pushtetin. Nd\u00ebrkoh\u00eb socialist\u00ebt shqiptar\u00eb kan\u00eb trash\u00ebguar nga paraardh\u00ebsit moton \u201cPushteti merret me pushk\u00eb dhe mbrohet me pushk\u00eb\u201d! Gjith\u00e7ka \u00ebsht\u00eb b\u00ebr\u00eb p\u00ebr ta mbajtur pushtetin.<\/p>\n<p>N\u00eb mesjet\u00eb sulltan\u00ebt eliminonin v\u00ebllez\u00ebrit e tyre, me q\u00ebllim q\u00eb ta trash\u00ebgonin pushtetin te f\u00ebmija. Nd\u00ebrsa mbret\u00ebrit evropian\u00eb vrisnin pjes\u00ebtar\u00ebt e familjes me q\u00ebllim mbrojtjen e pushtetit t\u00eb tyre. Deri m\u00eb sot nuk gjendet asnj\u00eb rast n\u00eb bot\u00eb, nuk \u00ebsht\u00eb sh\u00ebnuar asnj\u00eb prov\u00eb n\u00eb tekstet e historis\u00eb, kur nj\u00eb perandor, mbret apo sulltan, nj\u00eb kryetar shteti apo nj\u00eb kryeminist\u00ebr t\u00eb ket\u00eb nxjerr\u00eb vendin e tij n\u00eb ankand, jo p\u00ebr ta shitur, por p\u00ebr ta falur, n\u00eb k\u00ebmbim t\u00eb mb\u00ebshtetjes s\u00eb q\u00ebndrimit t\u00eb tij n\u00eb pushtet!<\/p>\n<p>Ky rast, i pari n\u00eb histori, \u00ebsht\u00eb dhe do t\u00eb mbetet kryeministri i Shqip\u00ebris\u00eb, Edi Rama. Ai e nisi me faljen e veriut t\u00eb Kosov\u00ebs \u2013 Serbis\u00eb. E vazhdoi me faljen s\u00ebrishmi Serbis\u00eb t\u00eb tregut shqiptar. M\u00eb pas u investua n\u00eb faljen e detit \u2013 Greqis\u00eb. Pasi e kishte \u00e7uar marr\u00ebveshjen e paraardh\u00ebsit t\u00eb tij n\u00eb Gjykat\u00eb Kushtetuese dhe pasi e kishte garantuar Athin\u00ebn se kur t\u00eb vinte n\u00eb pushtet do t\u2019i jap\u00eb jo 6 milje, por 12 milje!<\/p>\n<p>Nd\u00ebrkoh\u00eb i dha Italis\u00eb territor shqiptar p\u00ebr t\u00eb strehuar refugjat\u00ebt afrikan\u00eb, q\u00eb nisen p\u00ebr t\u00eb shkuar n\u00eb shtetin ton\u00eb fqinj\u00eb. Butrintin ua dha Rot\u00e7illd\u00ebve e Durr\u00ebsin Alabarit t\u00eb Dubait. Tani ka vendosur q\u00eb Sazanin, Zv\u00ebrnecin e ndonj\u00eb zon\u00eb tjet\u00ebr t\u2019ia jap\u00eb dh\u00ebnd\u00ebrrit t\u00eb Donald Trump, zotit Jared Kushner. Si nd\u00ebrmjet\u00ebs ka paguar ambasadorin Richard Grennell, t\u00eb cilin vjesht\u00ebn e vitit t\u00eb kaluar presidenti i Serbis\u00eb e dekoroi me dekorat\u00ebn m\u00eb t\u00eb lart\u00eb \u201cUrdhrin e Flamurit t\u00eb Serbis\u00eb\u201d! E ka paguar dhe e ka lutur Grennellin q\u00eb ta bind\u00eb Kushnerin t\u00eb marr\u00eb Sazanin e Zv\u00ebrnecin n\u00eb Vlor\u00eb. Sorosit i ka dh\u00ebn\u00eb naft\u00ebn dhe pasuri t\u00eb pafund t\u00eb sh\u00ebnuara n\u00eb emra t\u00eb ndrysh\u00ebm. Nuk e dim\u00eb se \u00e7far\u00eb-kujt do t\u2019i jap\u00eb nes\u00ebr! Dhe t\u00eb gjitha falas, pas asnj\u00eb cent n\u00eb k\u00ebmbim. Mij\u00ebra e miliona metra katror t\u00eb Shqip\u00ebris\u00eb Edi Rama i fal, i shet dhe i blen, si t\u00eb ishte prona e tij. Ka v\u00ebn\u00eb n\u00eb resht deputet\u00ebt e Rilindjes dhe gjith\u00e7ka e fal \u201cme ligj\u201d t\u00eb parlamentit! E gjitha n\u00eb k\u00ebmbim t\u00eb mb\u00ebshtetjes p\u00ebr t\u00eb q\u00ebndruar n\u00eb pushtet dhe p\u00ebr t\u2019u amnistuar p\u00ebr krimet e r\u00ebnda korruptive e mafioze.<\/p>\n<p>K\u00ebto akte jan\u00eb unike n\u00eb historin\u00eb e shteteve. Unike edhe se kryeministri yn\u00eb u lutet t\u00eb huajve ta marrin nj\u00eb cop\u00eb Shqip\u00ebri, ua servir at\u00eb me shum\u00eb pijar. Harxhon aq shum\u00eb para p\u00ebr t\u2019ua reklamuar e p\u00ebr t\u2019i joshur bot\u00ebn e fuqishme p\u00ebr ta pranuar pla\u00e7k\u00ebn e falur prej kryeministrit ton\u00eb. Paguan lobues q\u00eb personalitetet me ndikim n\u00eb bot\u00eb t\u00eb pranojn\u00eb pla\u00e7k\u00ebn made in Albania. Nd\u00ebrsa ne shqiptar\u00ebve t\u00eb gjith\u00ebn na e shet n\u00eb em\u00ebr t\u00eb zhvillimit e progresit. K\u00ebshtu b\u00ebri sot n\u00eb mbledhjen e asambles\u00eb s\u00eb Rilindjes. Madje na shet mend kur na thot\u00eb se \u201cUn\u00eb jam tre hapa para\u201d atyre q\u00eb duan ta mbrojn\u00eb Shqip\u00ebrin\u00eb nga ky lloj makrabriteti!<\/p>\n<p>Nga veprimet q\u00eb shohim dhe faktet q\u00eb jan\u00eb n\u00eb drit\u00eb t\u00eb diellit p\u00ebr veprimtarin\u00eb e kryeministrit shqiptar n\u00eb dobi t\u00eb gjithkujt, edhe t\u00eb Serbis\u00eb, me q\u00ebllim forcimin dhe mbajtjen e pushtetit t\u00eb tij, mund t\u00eb thuhet pa droje se Edi Rama p\u00ebrb\u00ebn rrezik serioz komb\u00ebtar. Ai \u00ebsht\u00eb i vetmi lider europian e m\u00eb gjer\u00eb, q\u00eb vot\u00ebn e vjedhur t\u00eb qytetar\u00ebve e p\u00ebrdor sikur t\u00eb jet\u00eb feudal dhe latifondist i tokave dhe pronave t\u00eb shqiptar\u00ebve.<\/p>\n<p>Jo vet\u00ebm n\u00eb Shqip\u00ebri, por edhe n\u00eb Kosov\u00eb e gjetk\u00eb. N\u00ebse ne nuk e kuptojm\u00eb k\u00ebt\u00eb rrezik serioz, t\u00eb pap\u00ebrs\u00ebristsh\u00ebm n\u00eb histori, at\u00ebher\u00eb shum\u00eb shpejt do t\u00eb shohim se si pronat e tokat tona do t\u00eb b\u00ebhen pron\u00eb e gjithkujt n\u00eb bot\u00eb, nd\u00ebrkoh\u00eb q\u00eb ne do t\u00eb shnd\u00ebrrohemi n\u00eb skllev\u00ebrit e atyre q\u00eb marrin falas llokmat e m\u00ebdha t\u00eb territorit t\u00eb Shqip\u00ebris\u00eb.<\/p>\n<p>Nd\u00ebrsa Kosova duhet t\u00eb shqet\u00ebsohet akoma m\u00eb shum\u00eb.\u00a0Edi Rama me frym\u00ebn q\u00eb e karakterizon do t\u00eb shum\u00ebfishoj\u00eb p\u00ebrpjekjet e tij p\u00ebr ndarjen e Kosov\u00ebs. Richard Grenell tashm\u00eb nuk do t\u00eb jet\u00eb aktiv vet\u00ebm n\u00eb lobim t\u00eb Aleksand\u00ebr Vu\u00e7iq, por edhe t\u00eb Edi Ram\u00ebs. S\u00eb paku lider\u00ebt e Kosov\u00ebs duhet t\u00eb refuzojn\u00eb \u00e7do firm\u00eb dhe ta mbrojn\u00eb vendin me \u00e7do \u00e7mim. Autoritetet e Kosov\u00ebs, edhe ata q\u00eb ende i besojn\u00eb kryeministrit t\u00eb Shqip\u00ebris\u00eb, do t\u00eb duhet t\u00eb ken\u00eb shum\u00eb kujdes n\u00eb marr\u00ebdh\u00ebniet me t\u00eb dhe nga sjelljet e tij p\u00ebr Kosov\u00ebn. M\u00eb e pakta do t\u00eb ishte ta izolojn\u00eb at\u00eb e t\u2019ia ndalojn\u00eb t\u00eb merret me fatin e Kosov\u00ebs!<\/p>\n","protected":false},"excerpt":{"rendered":"<p>NGA PROF. DR. ENVER BYTY\u00c7I Mij\u00ebra e miliona metra katror t\u00eb Shqip\u00ebris\u00eb Edi Rama i fal, i shet dhe i blen, si t\u00eb ishte prona e tij. Edi Rama me frym\u00ebn q\u00eb e karakterizon do t\u00eb shum\u00ebfishoj\u00eb p\u00ebrpjekjet e tij p\u00ebr ndarjen e Kosov\u00ebs. N\u00eb historin\u00eb ton\u00eb e t\u00eb vendeve t\u00eb tjera ka ndodhur gjithmon\u00eb &hellip;<\/p>\n","protected":false},"author":4,"featured_media":50402,"comment_status":"closed","ping_status":"closed","sticky":false,"template":"","format":"standard","meta":{"footnotes":""},"categories":[44],"tags":[],"class_list":["post-73979","post","type-post","status-publish","format-standard","has-post-thumbnail","","category-editorial"],"_links":{"self":[{"href":"https:\/\/rdnews.al\/index.php\/wp-json\/wp\/v2\/posts\/73979","targetHints":{"allow":["GET"]}}],"collection":[{"href":"https:\/\/rdnews.al\/index.php\/wp-json\/wp\/v2\/posts"}],"about":[{"href":"https:\/\/rdnews.al\/index.php\/wp-json\/wp\/v2\/types\/post"}],"author":[{"embeddable":true,"href":"https:\/\/rdnews.al\/index.php\/wp-json\/wp\/v2\/users\/4"}],"replies":[{"embeddable":true,"href":"https:\/\/rdnews.al\/index.php\/wp-json\/wp\/v2\/comments?post=73979"}],"version-history":[{"count":0,"href":"https:\/\/rdnews.al\/index.php\/wp-json\/wp\/v2\/posts\/73979\/revisions"}],"wp:featuredmedia":[{"embeddable":true,"href":"https:\/\/rdnews.al\/index.php\/wp-json\/wp\/v2\/media\/50402"}],"wp:attachment":[{"href":"https:\/\/rdnews.al\/index.php\/wp-json\/wp\/v2\/media?parent=73979"}],"wp:term":[{"taxonomy":"category","embeddable":true,"href":"https:\/\/rdnews.al\/index.php\/wp-json\/wp\/v2\/categories?post=73979"},{"taxonomy":"post_tag","embeddable":true,"href":"https:\/\/rdnews.al\/index.php\/wp-json\/wp\/v2\/tags?post=73979"}],"curies":[{"name":"wp","href":"https:\/\/api.w.org\/{rel}","templated":true}]}}