{"id":73985,"date":"2024-03-18T11:44:33","date_gmt":"2024-03-18T11:44:33","guid":{"rendered":"https:\/\/rdnews.al\/?p=73985"},"modified":"2024-03-18T11:45:13","modified_gmt":"2024-03-18T11:45:13","slug":"a-e-shpetojne-dot-pemet-dhe-adoleshentet-tiranen-nga-mafia-e-betonit","status":"publish","type":"post","link":"https:\/\/rdnews.al\/index.php\/2024\/03\/18\/a-e-shpetojne-dot-pemet-dhe-adoleshentet-tiranen-nga-mafia-e-betonit\/","title":{"rendered":"A e shp\u00ebtojn\u00eb dot pem\u00ebt dhe adoleshent\u00ebt Tiran\u00ebn nga mafia e betonit?!"},"content":{"rendered":"<p><strong>Nga Iva V.GRILLO<\/strong><\/p>\n<p>Dje hasa n\u00eb rrjet disa postime t\u00eb p\u00ebrfaq\u00ebsis\u00eb s\u00eb BE n\u00eb Tiran\u00eb n\u00eb kuadrin e fushat\u00ebs p\u00ebr qytete t\u00eb gjelbra, nj\u00eb fushat\u00eb e mir\u00ebpritur dhe e r\u00ebnd\u00ebsishme sidomos p\u00ebr Shqip\u00ebrin\u00eb e cila po rend me shpejt\u00ebsi marramendase ndaj betonizimit t\u00eb \u00e7do hap\u00ebsire urbane.<\/p>\n<p>Gjithsesi, si\u00e7 mund t\u00eb shihet edhe nga postimet nuk mund t\u00eb mos b\u00ebj\u00eb pershtypje qasja sip\u00ebrfaq\u00ebsore dhe disi infantile e \u00e7eshtjes s\u00eb gjelb\u00ebrimit&#8230;apo munges\u00ebs s\u00eb gjelb\u00ebrimit n\u00eb qytetet shqiptare, e sidomos n\u00eb kryeqytet.<\/p>\n<p>Besoj se p\u00ebrfaq\u00ebsia e EU ka kapacitetet, burimet dhe aft\u00ebsin\u00eb p\u00ebr t\u00eb kuptuar se problemi i gjelb\u00ebrimit n\u00eb Tiran\u00eb nuk \u00ebsht\u00eb as \u00e7\u00ebshtje e mbjelljes s\u00eb pem\u00ebve n\u00ebp\u00ebr &#8220;po\u00e7et&#8221; familjare dhe as di\u00e7ka q\u00eb zgjidhet nga adoleshent\u00eb q\u00eb shkojn\u00eb t\u00eb shohin nj\u00eb film fantastiko-shkencor, pavar\u00ebsisht r\u00ebnd\u00ebsis\u00eb q\u00eb ka nd\u00ebrgjegj\u00ebsimi i gjithkujt.<\/p>\n<p>\u00c7&#8217;\u00ebsht\u00eb e drejta, shqiptar\u00ebt i kan\u00eb qejf lulet dhe gjelb\u00ebrimin, si dhe shum\u00eb popuj t\u00eb tjet\u00eb. Nj\u00eb pjes\u00eb e mir\u00eb e k\u00ebng\u00ebve e tradit\u00ebs popullore i referohet luleve n\u00eb saksi, zylbylave, etj, etj.<\/p>\n<p>Gjithsesi edhe sikur t\u00eb marrim t\u00eb mir\u00ebq\u00ebn\u00eb q\u00eb t\u00eb gjith\u00eb qytetar\u00ebt e Tiran\u00ebs do ti p\u00ebrgjigjen thirrjes s\u00eb BE, do t\u00eb gjejn\u00eb nj\u00eb cop\u00eb tok\u00eb t\u00eb pabetonizuar rrotull pallateve dhe do t&#8217;a mbjellin pem\u00ebn e tyre, nuk di se sa kjo do t\u00eb mund ta ndal\u00eb betonizimin e p\u00ebrbindsh\u00ebm q\u00eb po i b\u00ebhet pothuajse \u00e7do hap\u00ebsire n\u00eb kryeqytet.<\/p>\n<p>Shum\u00eb raporte nd\u00ebrkomb\u00ebtare (disa edhe nga vet\u00eb strukturat e BE e partner\u00ebt e tyre) e shohin betonizimin e Tiran\u00ebs dhe Shqip\u00ebris\u00eb si pastrim parash q\u00eb rrjedhin nga aktivitete kriminale.<\/p>\n<p>Un\u00eb besoj se p\u00ebrfaq\u00ebsuesit e BE kan\u00eb autoritetin, t\u00eb drejt\u00ebn dhe mund\u00ebsin\u00eb ti shkojn\u00eb n\u00eb thelb arsyeve t\u00eb k\u00ebtij problemi madhor, duke i pyetur nga af\u00ebr zbatuesit e betonizimit masiv, kryeministrin e vendit Rama dhe kryetarin e Bashkis\u00eb, Veliaj (t\u00eb cilin ata e mbajn\u00eb n\u00eb krah kur promovojn\u00eb Tiran\u00ebn e gjelb\u00ebr): cili \u00ebsht\u00eb plani urbanistik i Tiran\u00ebs dhe si e p\u00ebrligjin betonizimin skizofrenik t\u00eb kryeqytetit?!<\/p>\n<p>P\u00ebrgjigjia e k\u00ebtyre pyetjeve mund t\u00eb ndihmoj\u00eb p\u00ebrfaq\u00ebsuesit e BE q\u00eb ti p\u00ebrdorin m\u00eb mir\u00eb taksat e qytetar\u00ebve europian\u00eb, t\u00eb b\u00ebjn\u00eb strategji (dhe postime) m\u00eb realiste dhe me shpres\u00eb edhe m\u00eb pak qesharake.<\/p>\n<p>Jam e sigurt\u00eb q\u00eb nx\u00ebn\u00ebsit e shkoll\u00ebs &#8220;D\u00ebshmor\u00ebt e Liris\u00eb&#8221; e kan\u00eb p\u00eblqyer filmin &#8220;Kokrrat e piperit dhe sekreti i detit t\u00eb thell\u00eb&#8221; ku nj\u00eb shkenc\u00ebtar q\u00eb d\u00ebshiron t\u00eb shp\u00ebtoj\u00eb oqeanin nga mbetjet plastike merret peng nga mafia nd\u00ebrkomb\u00ebtare&#8230; por uroj q\u00eb s\u00eb shpejti nx\u00ebn\u00ebsit dhe prind\u00ebrit e tyre t\u00eb kuptojn\u00eb se ky \u00ebsht\u00eb nj\u00eb &#8220;film&#8221; q\u00eb ata e shohin p\u00ebrdit\u00eb n\u00eb kryeqytetin shqiptar.<\/p>\n<p>Tirana \u00ebsht\u00eb marr\u00eb peng&#8230;dhe gjelb\u00ebrimi e ajri i ndotur kryeqytetas mund t\u00eb quhen pa frik\u00eb: &#8220;d\u00ebshmor\u00ebt e betonit&#8221;.<\/p>\n<p><img loading=\"lazy\" decoding=\"async\" class=\"alignnone size-medium wp-image-73987\" src=\"https:\/\/rdnews.al\/wp-content\/uploads\/2024\/03\/1-7-272x300.jpg\" alt=\"\" width=\"272\" height=\"300\" srcset=\"https:\/\/rdnews.al\/wp-content\/uploads\/2024\/03\/1-7-272x300.jpg 272w, https:\/\/rdnews.al\/wp-content\/uploads\/2024\/03\/1-7-929x1024.jpg 929w, https:\/\/rdnews.al\/wp-content\/uploads\/2024\/03\/1-7-768x846.jpg 768w, https:\/\/rdnews.al\/wp-content\/uploads\/2024\/03\/1-7.jpg 1080w\" sizes=\"auto, (max-width: 272px) 100vw, 272px\" \/><\/p>\n<p><img loading=\"lazy\" decoding=\"async\" class=\"alignnone size-medium wp-image-73988\" src=\"https:\/\/rdnews.al\/wp-content\/uploads\/2024\/03\/2-3-250x300.jpg\" alt=\"\" width=\"250\" height=\"300\" srcset=\"https:\/\/rdnews.al\/wp-content\/uploads\/2024\/03\/2-3-250x300.jpg 250w, https:\/\/rdnews.al\/wp-content\/uploads\/2024\/03\/2-3-854x1024.jpg 854w, https:\/\/rdnews.al\/wp-content\/uploads\/2024\/03\/2-3-768x921.jpg 768w, https:\/\/rdnews.al\/wp-content\/uploads\/2024\/03\/2-3.jpg 1080w\" sizes=\"auto, (max-width: 250px) 100vw, 250px\" \/><\/p>\n<p><img loading=\"lazy\" decoding=\"async\" class=\"alignnone size-medium wp-image-73989\" src=\"https:\/\/rdnews.al\/wp-content\/uploads\/2024\/03\/3-1-165x300.jpg\" alt=\"\" width=\"165\" height=\"300\" srcset=\"https:\/\/rdnews.al\/wp-content\/uploads\/2024\/03\/3-1-165x300.jpg 165w, https:\/\/rdnews.al\/wp-content\/uploads\/2024\/03\/3-1-563x1024.jpg 563w, https:\/\/rdnews.al\/wp-content\/uploads\/2024\/03\/3-1-768x1397.jpg 768w, https:\/\/rdnews.al\/wp-content\/uploads\/2024\/03\/3-1-844x1536.jpg 844w, https:\/\/rdnews.al\/wp-content\/uploads\/2024\/03\/3-1.jpg 1080w\" sizes=\"auto, (max-width: 165px) 100vw, 165px\" \/><\/p>\n","protected":false},"excerpt":{"rendered":"<p>Nga Iva V.GRILLO Dje hasa n\u00eb rrjet disa postime t\u00eb p\u00ebrfaq\u00ebsis\u00eb s\u00eb BE n\u00eb Tiran\u00eb n\u00eb kuadrin e fushat\u00ebs p\u00ebr qytete t\u00eb gjelbra, nj\u00eb fushat\u00eb e mir\u00ebpritur dhe e r\u00ebnd\u00ebsishme sidomos p\u00ebr Shqip\u00ebrin\u00eb e cila po rend me shpejt\u00ebsi marramendase ndaj betonizimit t\u00eb \u00e7do hap\u00ebsire urbane. Gjithsesi, si\u00e7 mund t\u00eb shihet edhe nga postimet nuk &hellip;<\/p>\n","protected":false},"author":4,"featured_media":51216,"comment_status":"closed","ping_status":"closed","sticky":false,"template":"","format":"standard","meta":{"footnotes":""},"categories":[44],"tags":[],"class_list":["post-73985","post","type-post","status-publish","format-standard","has-post-thumbnail","","category-editorial"],"_links":{"self":[{"href":"https:\/\/rdnews.al\/index.php\/wp-json\/wp\/v2\/posts\/73985","targetHints":{"allow":["GET"]}}],"collection":[{"href":"https:\/\/rdnews.al\/index.php\/wp-json\/wp\/v2\/posts"}],"about":[{"href":"https:\/\/rdnews.al\/index.php\/wp-json\/wp\/v2\/types\/post"}],"author":[{"embeddable":true,"href":"https:\/\/rdnews.al\/index.php\/wp-json\/wp\/v2\/users\/4"}],"replies":[{"embeddable":true,"href":"https:\/\/rdnews.al\/index.php\/wp-json\/wp\/v2\/comments?post=73985"}],"version-history":[{"count":0,"href":"https:\/\/rdnews.al\/index.php\/wp-json\/wp\/v2\/posts\/73985\/revisions"}],"wp:featuredmedia":[{"embeddable":true,"href":"https:\/\/rdnews.al\/index.php\/wp-json\/wp\/v2\/media\/51216"}],"wp:attachment":[{"href":"https:\/\/rdnews.al\/index.php\/wp-json\/wp\/v2\/media?parent=73985"}],"wp:term":[{"taxonomy":"category","embeddable":true,"href":"https:\/\/rdnews.al\/index.php\/wp-json\/wp\/v2\/categories?post=73985"},{"taxonomy":"post_tag","embeddable":true,"href":"https:\/\/rdnews.al\/index.php\/wp-json\/wp\/v2\/tags?post=73985"}],"curies":[{"name":"wp","href":"https:\/\/api.w.org\/{rel}","templated":true}]}}