{"id":73994,"date":"2024-03-18T12:51:37","date_gmt":"2024-03-18T12:51:37","guid":{"rendered":"https:\/\/rdnews.al\/?p=73994"},"modified":"2024-03-18T13:42:42","modified_gmt":"2024-03-18T13:42:42","slug":"lufta-brenda-ps-merret-nen-hetim-nga-spak-nje-tjeter-zyrtar-i-afert-i-ballukut","status":"publish","type":"post","link":"https:\/\/rdnews.al\/index.php\/2024\/03\/18\/lufta-brenda-ps-merret-nen-hetim-nga-spak-nje-tjeter-zyrtar-i-afert-i-ballukut\/","title":{"rendered":"Kush\u00ebriri i Ballukut, Drejtor i P\u00ebrgjithsh\u00ebm i Tatimeve, n\u00ebn hetim nga SPAK p\u00ebr 4 akuza"},"content":{"rendered":"<p>Drejtori i P\u00ebrgjithsh\u00ebm i Tatimeve, Ceno Klosi, nj\u00eb prej njer\u00ebzve m\u00eb t\u00eb af\u00ebrt t\u00eb Ministres s\u00eb Infrastruktur\u00ebs dhe Energjis\u00eb, Belinda Balluku po hetohet p\u00ebr veprat penale t\u00eb korrupsionit, shp\u00ebrdorimit t\u00eb detyr\u00ebs, mashtrimit dhe falsifikimit t\u00eb dokumenteve. Prokuroria e Posa\u00e7me konfirmoi p\u00ebrmes nj\u00eb shkrese zyrtare p\u00ebr \u2018News 24\u2019 se hetimet ndaj kryetatimorit Klosi u regjistruan mbi baz\u00ebn e dy kall\u00ebzimeve t\u00eb b\u00ebra nga Partia Demokratike.<\/p>\n<p>\u201cMbi baz\u00ebn e kall\u00ebzimit penal t\u00eb d\u00ebrguar nga grupi parlamentar i subjektit politik Partia Demokratike, Prokuroria e Posa\u00e7me Kund\u00ebr Korrupsionit dhe Krimit t\u00eb Organizuar ka regjistruar Procedimin Penal Nr.259\/2023 dat\u00eb 13.12.2023, p\u00ebr veprat penale \u201cKorrupsioni pasiv i personave q\u00eb ushtrojn\u00eb funksione publike\u201d, \u201cShp\u00ebrdorimi i detyr\u00ebs\u201d, \u201cFalsifikim i dokumenteve\u201d dhe \u201cMashtrimi\u201d\u201d, njoftoi prokuroria.<\/p>\n<p>Sikurse rezulton nga t\u00eb dh\u00ebnat zyrtare t\u00eb institucionit t\u00eb akuz\u00ebs, 6 muaj para kall\u00ebzimit t\u00eb par\u00eb, opozita ka depozituar nj\u00eb tjet\u00ebr kall\u00ebzim ndaj drejtorit t\u00eb P\u00ebrgjithsh\u00ebm t\u00eb Tatimeve Klosi. \u201cP\u00ebr t\u00eb nj\u00ebjtin fakt Prokuroria e Posa\u00e7me Kund\u00ebr Korrupsionit dhe Krimit t\u00eb Organizuar ka regjistruar Procedimin Penal Nr.83\/2023 dat\u00eb 03.07.2023, mbi baz\u00ebn e kall\u00ebzimit penal t\u00eb d\u00ebrguar gjithashtu nga subjekti politik Partia Demokratike e Shqip\u00ebris\u00eb, p\u00ebr veprat penale \u201cShp\u00ebrdorim i detyr\u00ebs\u201d, \u201cFalsifikim i dokumenteve\u201d dhe \u201cMashtrimi\u201d. SPAK ka vendosur bashkimin e dy procedimeve n\u00eb nj\u00eb t\u00eb vet\u00ebm.<\/p>\n<p>Klosi, i cili n\u00eb krye t\u00eb tatimeve, iu bindet me shum\u00eb urdhrave politik\u00eb, sesa ligjit, duke nd\u00ebshkuar padrejt\u00ebsisht bizneset, ka punuar p\u00ebr 13 vite si specialist dhe drejtues sektor\u00ebsh n\u00eb banka t\u00eb nivelit t\u00eb dyt\u00eb dhe m\u00eb pas gjat\u00eb periudh\u00ebs 2015-2021 ka mbajtur pozicionin si Drejtor i Departamentit Ekonomik n\u00eb OSHEE. N\u00eb qershor t\u00eb 2021 u em\u00ebrua Drejtor i P\u00ebrgjithsh\u00ebm i Agjencis\u00eb Komb\u00ebtare Uj\u00ebsjell\u00ebs- Kanalizime dhe Mbetjeve t\u00eb ngurta, nd\u00ebrsa me VKM 625, dat\u00eb 22\/10\/2021 u em\u00ebruar drejtor i P\u00ebrgjithsh\u00ebm i Tatimeve. Emisioni Vetting n\u00eb News 24 ka denoncuar se Ceno Klosi p\u00ebr 13 vite pun\u00eb n\u00eb sektorin privat arriti t\u00eb blej\u00eb vet\u00ebm nj\u00eb apartament 6.8 milion\u00eb lek\u00ebsh, nd\u00ebrsa gjat\u00eb 6 viteve n\u00eb detyra shtet\u00ebrore vuri nj\u00eb pasuri prej gati 900 mij\u00eb euro, fakte t\u00eb cilat duhet t\u00eb hetohen nga SPAK.<\/p>\n","protected":false},"excerpt":{"rendered":"<p>Drejtori i P\u00ebrgjithsh\u00ebm i Tatimeve, Ceno Klosi, nj\u00eb prej njer\u00ebzve m\u00eb t\u00eb af\u00ebrt t\u00eb Ministres s\u00eb Infrastruktur\u00ebs dhe Energjis\u00eb, Belinda Balluku po hetohet p\u00ebr veprat penale t\u00eb korrupsionit, shp\u00ebrdorimit t\u00eb detyr\u00ebs, mashtrimit dhe falsifikimit t\u00eb dokumenteve. Prokuroria e Posa\u00e7me konfirmoi p\u00ebrmes nj\u00eb shkrese zyrtare p\u00ebr \u2018News 24\u2019 se hetimet ndaj kryetatimorit Klosi u regjistruan mbi &hellip;<\/p>\n","protected":false},"author":4,"featured_media":74005,"comment_status":"closed","ping_status":"closed","sticky":false,"template":"","format":"standard","meta":{"footnotes":""},"categories":[37],"tags":[],"class_list":["post-73994","post","type-post","status-publish","format-standard","has-post-thumbnail","","category-politike"],"_links":{"self":[{"href":"https:\/\/rdnews.al\/index.php\/wp-json\/wp\/v2\/posts\/73994","targetHints":{"allow":["GET"]}}],"collection":[{"href":"https:\/\/rdnews.al\/index.php\/wp-json\/wp\/v2\/posts"}],"about":[{"href":"https:\/\/rdnews.al\/index.php\/wp-json\/wp\/v2\/types\/post"}],"author":[{"embeddable":true,"href":"https:\/\/rdnews.al\/index.php\/wp-json\/wp\/v2\/users\/4"}],"replies":[{"embeddable":true,"href":"https:\/\/rdnews.al\/index.php\/wp-json\/wp\/v2\/comments?post=73994"}],"version-history":[{"count":0,"href":"https:\/\/rdnews.al\/index.php\/wp-json\/wp\/v2\/posts\/73994\/revisions"}],"wp:featuredmedia":[{"embeddable":true,"href":"https:\/\/rdnews.al\/index.php\/wp-json\/wp\/v2\/media\/74005"}],"wp:attachment":[{"href":"https:\/\/rdnews.al\/index.php\/wp-json\/wp\/v2\/media?parent=73994"}],"wp:term":[{"taxonomy":"category","embeddable":true,"href":"https:\/\/rdnews.al\/index.php\/wp-json\/wp\/v2\/categories?post=73994"},{"taxonomy":"post_tag","embeddable":true,"href":"https:\/\/rdnews.al\/index.php\/wp-json\/wp\/v2\/tags?post=73994"}],"curies":[{"name":"wp","href":"https:\/\/api.w.org\/{rel}","templated":true}]}}