{"id":73998,"date":"2024-03-18T12:59:08","date_gmt":"2024-03-18T12:59:08","guid":{"rendered":"https:\/\/rdnews.al\/?p=73998"},"modified":"2024-03-18T12:59:08","modified_gmt":"2024-03-18T12:59:08","slug":"zhdukja-e-parave-publike-jashte-shqiperise-nepermjet-kompanive-te-zotos-fondet-si-harac-per-klanin-mafioz-ndragheta","status":"publish","type":"post","link":"https:\/\/rdnews.al\/index.php\/2024\/03\/18\/zhdukja-e-parave-publike-jashte-shqiperise-nepermjet-kompanive-te-zotos-fondet-si-harac-per-klanin-mafioz-ndragheta\/","title":{"rendered":"Zhdukja e parave publike jasht\u00eb Shqip\u00ebris\u00eb n\u00ebp\u00ebrmjet kompanive t\u00eb Zotos. Fondet si hara\u00e7 p\u00ebr klanin mafioz Ndragheta"},"content":{"rendered":"<p><strong>DEKLARAT\u00cb P\u00cbR MEDIA AN\u00cbTARI I KRYESIS\u00cb N\u00cb PD, BELIND K\u00cbLLI\u00c7I<\/strong><\/p>\n<p>T\u00eb nderuar qytetar\u00eb!<\/p>\n<p>N\u00eb daljet\u00a0e\u00a0mia\u00a0t\u00eb\u00a0fundit\u00a0nga\u00a0kjo\u00a0foltore,\u00a0ju\u00a0kam\u00a0b\u00ebr\u00eb\u00a0me\u00a0dije\u00a0se\u00a0Partia\u00a0Demokratike\u00a0po\u00a0ndiqte\u00a0parat\u00eb\u00a0publike\u00a0t\u00eb\u00a0zhdukura\u00a0nga pronari\u00a0faktik\u00a0i\u00a0Inceneratorit\u00a0t\u00eb\u00a0Tiran\u00ebs,\u00a0Erion\u00a0Veliaj.<\/p>\n<figure class=\"wp-block-image size-large\"><img loading=\"lazy\" decoding=\"async\" class=\"wp-image-11396\" src=\"https:\/\/pdsh.al\/wp-content\/uploads\/2024\/03\/f2486085-8651-4881-ba5b-3a047ebcf701-595x1024.jpeg\" sizes=\"auto, (max-width: 595px) 100vw, 595px\" srcset=\"https:\/\/pdsh.al\/wp-content\/uploads\/2024\/03\/f2486085-8651-4881-ba5b-3a047ebcf701-595x1024.jpeg 595w, https:\/\/pdsh.al\/wp-content\/uploads\/2024\/03\/f2486085-8651-4881-ba5b-3a047ebcf701-174x300.jpeg 174w, https:\/\/pdsh.al\/wp-content\/uploads\/2024\/03\/f2486085-8651-4881-ba5b-3a047ebcf701-768x1321.jpeg 768w, https:\/\/pdsh.al\/wp-content\/uploads\/2024\/03\/f2486085-8651-4881-ba5b-3a047ebcf701-893x1536.jpeg 893w, https:\/\/pdsh.al\/wp-content\/uploads\/2024\/03\/f2486085-8651-4881-ba5b-3a047ebcf701.jpeg 930w\" alt=\"\" width=\"595\" height=\"1024\" \/><\/figure>\n<p>Dy\u00a0jav\u00eb\u00a0m\u00eb\u00a0par\u00eb\u00a0u\u00a0zbulua\u00a0kontrata\u00a0e\u00a0lidhur\u00a0midis ITS\u00a0dhe\u00a0Llanaj Nd\u00ebrtim,\u00a0p\u00ebr\u00a07\u00a0apartamente\u00a0me\u00a0vler\u00eb\u00a0tregu\u00a0mbi\u00a01\u00a0milion\u00eb\u00a0euro. Nd\u00ebrkoh\u00eb\u00a0ende\u00a0nuk\u00a0ka\u00a0asnj\u00eb\u00a0reagim\u00a0nga\u00a0SPAK\u00a0p\u00ebr\u00a0sekuestrimin e\u00a0k\u00ebtyre\u00a0aseteve.<\/p>\n<figure class=\"wp-block-image size-large\"><img loading=\"lazy\" decoding=\"async\" class=\"wp-image-11392\" src=\"https:\/\/pdsh.al\/wp-content\/uploads\/2024\/03\/3532b7dc-e5ab-4d7c-a989-3c4f295bcad3-723x1024.jpeg\" sizes=\"auto, (max-width: 723px) 100vw, 723px\" srcset=\"https:\/\/pdsh.al\/wp-content\/uploads\/2024\/03\/3532b7dc-e5ab-4d7c-a989-3c4f295bcad3-723x1024.jpeg 723w, https:\/\/pdsh.al\/wp-content\/uploads\/2024\/03\/3532b7dc-e5ab-4d7c-a989-3c4f295bcad3-212x300.jpeg 212w, https:\/\/pdsh.al\/wp-content\/uploads\/2024\/03\/3532b7dc-e5ab-4d7c-a989-3c4f295bcad3-768x1087.jpeg 768w, https:\/\/pdsh.al\/wp-content\/uploads\/2024\/03\/3532b7dc-e5ab-4d7c-a989-3c4f295bcad3-1085x1536.jpeg 1085w, https:\/\/pdsh.al\/wp-content\/uploads\/2024\/03\/3532b7dc-e5ab-4d7c-a989-3c4f295bcad3.jpeg 1130w\" alt=\"\" width=\"723\" height=\"1024\" \/><\/figure>\n<p>Sot do\u00a0t\u00eb\u00a0b\u00ebj\u00a0publik\u00a0nj\u00eb\u00a0tjet\u00ebr\u00a0rast\u00a0t\u00eb\u00a0zhdukjes\u00a0s\u00eb\u00a0parave\u00a0por tashm\u00eb\u00a0jasht\u00eb\u00a0Shqip\u00ebris\u00eb.\u00a0Sipas\u00a0kartel\u00ebs\u00a0s\u00eb\u00a0furnitor\u00ebve\u00a0t\u00eb kompanis\u00eb\u00a0ITS\u00a0shpk,\u00a0n\u00eb\u00a0pron\u00ebsi\u00a0t\u00eb\u00a0Klodian\u00a0Zotos,\u00a0jan\u00eb\u00a0kryer\u00a03\u00a0pagesa\u00a0p\u00ebr\u00a0nj\u00eb\u00a0subjekt\u00a0n\u00eb\u00a0Itali:<\/p>\n<p>N\u00eb\u00a0dat\u00ebn\u00a002.03.2021\u00a0vlera\u00a012.362.000\u00a0lek\u00eb<\/p>\n<p>N\u00eb\u00a0dat\u00ebn\u00a017.02.2021\u00a0vlera\u00a012.325.000\u00a0lek\u00eb<\/p>\n<p>N\u00eb\u00a0dat\u00ebn\u00a019.05.2021\u00a0vlera\u00a012.300.000\u00a0lek\u00eb<\/p>\n<p>Pra\u00a0n\u00eb\u00a0nj\u00eb\u00a0vler\u00eb\u00a0totale\u00a0rreth\u00a0360.000 euro.<\/p>\n<p>K\u00ebto\u00a0para\u00a0i\u00a0jan\u00eb\u00a0transferuar\u00a0subjektit\u00a0IMR REFTRATTARI S.R.L<\/p>\n<p>Nga\u00a0nj\u00eb\u00a0kontroll\u00a0i\u00a0thjesht\u00eb\u00a0n\u00eb\u00a0Google,\u00a0rezulton\u00a0se\u00a0kjo\u00a0kompani \u00ebsht\u00eb\u00a0n\u00eb\u00a0pron\u00ebsi\u00a0t\u00eb\u00a0nj\u00eb\u00a0shtetasi\u00a0shqiptar,\u00a0z.\u00a0G\u00ebzim\u00a0Guga.\u00a0Ky biznes\u00a0n\u00eb\u00a0faqen\u00a0zyrtare\u00a0t\u00eb\u00a0tij,\u00a0deklaron\u00a0se operon\u00a0n\u00eb\u00a0fush\u00ebn\u00a0e\u00a0nd\u00ebrtimit\u00a0dhe\u00a0reklamon\u00a0disa\u00a0vila\u00a0dhe\u00a0apartamente\u00a0p\u00ebr\u00a0shitje.<\/p>\n<figure class=\"wp-block-image size-large\"><img loading=\"lazy\" decoding=\"async\" class=\"wp-image-11393\" src=\"https:\/\/pdsh.al\/wp-content\/uploads\/2024\/03\/595282df-cff4-4b5c-9d2a-9ece8e64b6f6-754x1024.jpeg\" sizes=\"auto, (max-width: 754px) 100vw, 754px\" srcset=\"https:\/\/pdsh.al\/wp-content\/uploads\/2024\/03\/595282df-cff4-4b5c-9d2a-9ece8e64b6f6-754x1024.jpeg 754w, https:\/\/pdsh.al\/wp-content\/uploads\/2024\/03\/595282df-cff4-4b5c-9d2a-9ece8e64b6f6-221x300.jpeg 221w, https:\/\/pdsh.al\/wp-content\/uploads\/2024\/03\/595282df-cff4-4b5c-9d2a-9ece8e64b6f6-768x1043.jpeg 768w, https:\/\/pdsh.al\/wp-content\/uploads\/2024\/03\/595282df-cff4-4b5c-9d2a-9ece8e64b6f6-1131x1536.jpeg 1131w, https:\/\/pdsh.al\/wp-content\/uploads\/2024\/03\/595282df-cff4-4b5c-9d2a-9ece8e64b6f6.jpeg 1178w\" alt=\"\" width=\"754\" height=\"1024\" \/><\/figure>\n<p>Grupi\u00a0i\u00a0ekspert\u00ebve\u00a0n\u00eb\u00a0PD,\u00a0kontrolloi\u00a0n\u00ebse\u00a0ky\u00a0sipermarr\u00ebs\u00a0ka\u00a0t\u00eb regjistruar\u00a0n\u00eb\u00a0Shqip\u00ebri\u00a0ndonj\u00eb\u00a0biznes\u00a0n\u00eb\u00a0em\u00ebr\u00a0t\u00eb\u00a0tij\u00a0dhe\u00a0p\u00ebrgjat\u00eb kontrollit\u00a0situata\u00a0b\u00ebhet\u00a0edhe\u00a0m\u00eb\u00a0kriminale.<\/p>\n<p>Sipas\u00a0QKB\u00a0rezulton\u00a0se\u00a0n\u00eb\u00a0n\u00ebntor\u00a0t\u00eb\u00a0vitit\u00a02022\u00a0G\u00ebzim\u00a0Guga,\u00a0p\u00ebrfituesi\u00a0n\u00eb\u00a0Itali\u00a0i\u00a0pagesave\u00a0nga\u00a0Klodian\u00a0Zoto,\u00a0s\u00eb\u00a0bashku\u00a0me\u00a0Ilir Dedja\u00a0dhe\u00a0Mirsada\u00a0Guga,\u00a0kan\u00eb\u00a0regjistruar\u00a0kompanin\u00eb\u00a0e\u00a0pun\u00ebsimit\u00a0dhe\u00a0konsulenc\u00ebs\u00a0MIG AGENCY\u00a0shpk.<\/p>\n<p>Le\u00a0t\u00eb\u00a0ndalemi\u00a0pak\u00a0tek\u00a0shtetasi\u00a0Ilir\u00a0Dedja.<\/p>\n<p>N\u00eb\u00a0vitin\u00a02020\u00a0Prokuror\u00ebt\u00a0italian\u00eb\u00a0i\u00a0kan\u00eb\u00a0d\u00ebrguar\u00a0homolog\u00ebve shqiptar\u00eb\u00a0nd\u00ebr\u00a0t\u00eb\u00a0tjera\u00a0informacion\u00a0p\u00ebr\u00a0shtetasin\u00a0Ilir\u00a0Dedja,\u00a0i dat\u00eblindjes\u00a002.09.1969,\u00a0p\u00ebr\u00a0dyshime\u00a0se\u00a0pastron\u00a0parat\u00eb\u00a0p\u00ebr\u00a0Klanin Mafioz\u00a0NDRAGHETA,\u00a0si\u00a0dhe\u00a0informacion\u00a0q\u00eb\u00a0shtetasi\u00a0Klodian Zoto\u00a0\u00ebsht\u00eb\u00a0ndaluar\u00a0n\u00eb\u00a0aeroport\u00a0n\u00eb\u00a0Itali\u00a0dhe\u00a0i\u00a0jan\u00eb\u00a0sekuestruar 22.650 euro.<\/p>\n<p>Vet\u00ebm\u00a0pas\u00a0tre\u00a0vitesh, ne\u00a0dat\u00ebn\u00a014.02.2023,\u00a0pala\u00a0shqiptarekujtohet\u00a0t\u00eb\u00a0d\u00ebrgoj\u00eb\u00a0let\u00ebr\u00a0porosi\u00a0tek\u00a0prokuroria\u00a0italiane,\u00a0si\u00e7\u00a0u\u00a0b\u00eb publike\u00a0nga\u00a0Syri\u00a0Tv\u00a0n\u00eb\u00a0maj\u00a0t\u00eb\u00a0po\u00a0atij\u00a0viti.<\/p>\n<p>Pra\u00a0edhe\u00a0pse\u00a0k\u00ebta\u00a0shtetas\u00a0ishin\u00a0n\u00ebn\u00a0hetim,\u00a0organet\u00a0ligjzbatuese nuk\u00a0i\u00a0kan\u00eb\u00a0ndaluar\u00a0t\u00eb\u00a0transferojn\u00eb\u00a0shuma\u00a0t\u00eb\u00a0konsiderueshme parash.\u00a0Dhe\u00a0e\u00a0gjitha\u00a0kjo\u00a0n\u00ebn\u00a0hund\u00ebn\u00a0e SPAK,\u00a0pasi\u00a0t\u00eb\u00a0mos harrojm\u00eb\u00a0se\u00a0procedimi\u00a0penal\u00a0p\u00ebr\u00a0incenerator\u00ebt\u00a0ishte\u00a0regjistruar q\u00eb\u00a0n\u00eb\u00a0vitin\u00a02020,\u00a0vit\u00a0n\u00eb\u00a0t\u00eb\u00a0cilin\u00a0prokuror\u00ebt\u00a0italian\u00eb\u00a0ndez\u00ebn alarmin\u00a0e\u00a0dyshimeve\u00a0p\u00ebr\u00a0Dedjan\u00a0dhe\u00a0Zoton.<\/p>\n<figure class=\"wp-block-image size-full\"><img loading=\"lazy\" decoding=\"async\" class=\"wp-image-11394\" src=\"https:\/\/pdsh.al\/wp-content\/uploads\/2024\/03\/323931c7-3dbf-4b20-911c-728c2986a48f.jpeg\" sizes=\"auto, (max-width: 675px) 100vw, 675px\" srcset=\"https:\/\/pdsh.al\/wp-content\/uploads\/2024\/03\/323931c7-3dbf-4b20-911c-728c2986a48f.jpeg 675w, https:\/\/pdsh.al\/wp-content\/uploads\/2024\/03\/323931c7-3dbf-4b20-911c-728c2986a48f-201x300.jpeg 201w\" alt=\"\" width=\"675\" height=\"1005\" \/><\/figure>\n<p>Sot SPAK\u00a0duhet\u00a0t\u2019i\u00a0jap\u00eb\u00a0p\u00ebrgjigje\u00a0k\u00ebtyre\u00a0pyetjeve:<\/p>\n<p>1.\u00a0P\u00ebr\u00a0cfar\u00eb\u00a0jan\u00eb\u00a0transferuar\u00a0360.000 euro\u00a0n\u00eb\u00a0Itali\u00a0nga\u00a0Klodian Zoto?<\/p>\n<p>2.\u00a0A\u00a0jan\u00eb\u00a0bler\u00eb\u00a0banesa\u00a0n\u00eb\u00a0itali\u00a0me\u00a0ato\u00a0fonde?<\/p>\n<p>3.\u00a0A\u00a0sh\u00ebrbejn\u00eb\u00a0ato\u00a0fonde\u00a0si\u00a0hara\u00e7\u00a0p\u00ebr\u00a0klanin\u00a0mafioz NDRANGHETA?<\/p>\n<p>4.\u00a0A e\u00a0ka\u00a0t\u00ebrhequr\u00a0SPAK\u00a0dosjen\u00a0nga\u00a0prokuroria\u00a0e\u00a0Tiran\u00ebs?<\/p>\n<p>5.\u00a0A\u00a0po\u00a0hetohet\u00a0pronari\u00a0faktik\u00a0i\u00a0Inceneratorit\u00a0t\u00eb\u00a0Tiran\u00ebs,\u00a0Erion Veliaj\u00a0p\u00ebr\u00a0bashk\u00ebpunim\u00a0me\u00a0klanin\u00a0mafioz NDRANGHETA,\u00a0pasi\u00a0ky\u00a0nuk\u00a0\u00ebsht\u00eb\u00a0fakti\u00a0i\u00a0par\u00eb\u00a0publik\u00a0q\u00eb d\u00ebshmon\u00a0lidhjet\u00a0e\u00a0Veliajt\u00a0me\u00a0Mafien\u00a0Italiane?<\/p>\n<figure class=\"wp-block-image size-full\"><img loading=\"lazy\" decoding=\"async\" class=\"wp-image-11395\" src=\"https:\/\/pdsh.al\/wp-content\/uploads\/2024\/03\/19278c5f-5a03-45c1-9ed4-82e0b16c81cf.jpeg\" sizes=\"auto, (max-width: 768px) 100vw, 768px\" srcset=\"https:\/\/pdsh.al\/wp-content\/uploads\/2024\/03\/19278c5f-5a03-45c1-9ed4-82e0b16c81cf.jpeg 768w, https:\/\/pdsh.al\/wp-content\/uploads\/2024\/03\/19278c5f-5a03-45c1-9ed4-82e0b16c81cf-225x300.jpeg 225w\" alt=\"\" width=\"768\" height=\"1024\" \/><\/figure>\n<p>SPAK\u00a0duhet\u00a0t\u00eb\u00a0zgjohet\u00a0menj\u00ebher\u00eb\u00a0nga\u00a0gjumi\u00a0letargjik,\u00a0pasi\u00a0po b\u00ebn\u00a0pis\u00a0jo\u00a0v\u00ebt\u00ebm\u00a0veten,\u00a0por\u00a0t\u00eb\u00a0gjith\u00eb\u00a0reform\u00ebn\u00a0aq\u00a0t\u00eb\u00a0shpresuar\u00a0t\u00eb drejt\u00ebsis\u00eb.<\/p>\n<p>Drejt\u00ebsia\u00a0me\u00a0regji,\u00a0her\u00eb\u00a0me\u00a0direktiv\u00eb\u00a0qeveritare\u00a0dhe\u00a0her\u00eb\u00a0me\u00a0direktive\u00a0bashkiake,\u00a0nuk\u00a0\u00ebsht\u00eb\u00a0ajo\u00a0drejt\u00ebsi\u00a0q\u00eb\u00a0presin\u00a0qytetar\u00ebt shqiptar\u00eb.\u00a0Nd\u00ebrkoh\u00eb\u00a0q\u00eb\u00a0Kryetari\u00a0i\u00a0Opozit\u00ebs\u00a0Sali\u00a0Berisha,\u00a0vijon\u00a0t\u00eb jet\u00eb\u00a0p\u00ebr\u00a0t\u00eb\u00a077\u00a0dit\u00eb\u00a0n\u00eb\u00a0arrest pa\u00a0asnj\u00eb\u00a0prov\u00eb\u00a0apo\u00a0nj\u00eb\u00a0akuz\u00eb\u00a0t\u00eb vetme,\u00a0pronari\u00a0faktik\u00a0i\u00a0Inceneratorit\u00a0t\u00eb\u00a0Tiran\u00ebs\u00a0Erion\u00a0Veliaj,\u00a0drejtor\u00ebt\u00a0e\u00a0tij\u00a0bandit\u00eb\u00a0q\u00eb\u00a0kan\u00eb\u00a0vjedhur\u00a0miliona\u00a0euro\u00a0p\u00ebrmeskompanis\u00eb\u00a05D\u00a0Konstruksion,\u00a0ish\u00a0Ministri\u00a0hajdut\u00a0i kon\u00e7ensioneve\u00a0sh\u00ebndet\u00ebsore\u00a0Ilir\u00a0Beqja\u00a0dhe\u00a0sigurisht\u00a0kreu\u00a0i\u00a0k\u00ebtij grupi\u00a0t\u00eb\u00a0strukturuar\u00a0kriminal\u00a0Edi Rama,\u00a0vijojn\u00eb\u00a0t\u00eb\u00a0vjedhin\u00a0e\u00a0abuzojn\u00eb\u00a0\u00e7do\u00a0dit\u00eb\u00a0me\u00a0parat\u00eb\u00a0e\u00a0qytetar\u00ebve\u00a0dhe\u00a0taksapaguesve shqiptar\u00eb.<\/p>\n<p>Ky\u00a0regjim\u00a0duhet\u00a0t\u00eb\u00a0mar\u00eb\u00a0fund\u00a0nj\u00eb\u00a0or\u00eb\u00a0e\u00a0m\u00eb\u00a0par\u00eb.\u00a0Qeveria\u00a0teknike dhe\u00a0zgjedhjet\u00a0e lira\u00a0dhe\u00a0t\u00eb\u00a0ndershme,\u00a0jan\u00eb\u00a0e\u00a0vetmja\u00a0zgjidhje\u00a0p\u00ebr ta\u00a0\u00e7liruar\u00a0vendin\u00a0nj\u00ebher\u00eb\u00a0e\u00a0mir\u00eb\u00a0nga\u00a0kjo\u00a0organizat\u00eb\u00a0kriminale.<\/p>\n<p>O sot, o\u00a0kurr\u00eb.<\/p>\n<p>Ju\u00a0faleminderit.<\/p>\n","protected":false},"excerpt":{"rendered":"<p>DEKLARAT\u00cb P\u00cbR MEDIA AN\u00cbTARI I KRYESIS\u00cb N\u00cb PD, BELIND K\u00cbLLI\u00c7I T\u00eb nderuar qytetar\u00eb! N\u00eb daljet\u00a0e\u00a0mia\u00a0t\u00eb\u00a0fundit\u00a0nga\u00a0kjo\u00a0foltore,\u00a0ju\u00a0kam\u00a0b\u00ebr\u00eb\u00a0me\u00a0dije\u00a0se\u00a0Partia\u00a0Demokratike\u00a0po\u00a0ndiqte\u00a0parat\u00eb\u00a0publike\u00a0t\u00eb\u00a0zhdukura\u00a0nga pronari\u00a0faktik\u00a0i\u00a0Inceneratorit\u00a0t\u00eb\u00a0Tiran\u00ebs,\u00a0Erion\u00a0Veliaj. Dy\u00a0jav\u00eb\u00a0m\u00eb\u00a0par\u00eb\u00a0u\u00a0zbulua\u00a0kontrata\u00a0e\u00a0lidhur\u00a0midis ITS\u00a0dhe\u00a0Llanaj Nd\u00ebrtim,\u00a0p\u00ebr\u00a07\u00a0apartamente\u00a0me\u00a0vler\u00eb\u00a0tregu\u00a0mbi\u00a01\u00a0milion\u00eb\u00a0euro. Nd\u00ebrkoh\u00eb\u00a0ende\u00a0nuk\u00a0ka\u00a0asnj\u00eb\u00a0reagim\u00a0nga\u00a0SPAK\u00a0p\u00ebr\u00a0sekuestrimin e\u00a0k\u00ebtyre\u00a0aseteve. Sot do\u00a0t\u00eb\u00a0b\u00ebj\u00a0publik\u00a0nj\u00eb\u00a0tjet\u00ebr\u00a0rast\u00a0t\u00eb\u00a0zhdukjes\u00a0s\u00eb\u00a0parave\u00a0por tashm\u00eb\u00a0jasht\u00eb\u00a0Shqip\u00ebris\u00eb.\u00a0Sipas\u00a0kartel\u00ebs\u00a0s\u00eb\u00a0furnitor\u00ebve\u00a0t\u00eb kompanis\u00eb\u00a0ITS\u00a0shpk,\u00a0n\u00eb\u00a0pron\u00ebsi\u00a0t\u00eb\u00a0Klodian\u00a0Zotos,\u00a0jan\u00eb\u00a0kryer\u00a03\u00a0pagesa\u00a0p\u00ebr\u00a0nj\u00eb\u00a0subjekt\u00a0n\u00eb\u00a0Itali: N\u00eb\u00a0dat\u00ebn\u00a002.03.2021\u00a0vlera\u00a012.362.000\u00a0lek\u00eb N\u00eb\u00a0dat\u00ebn\u00a017.02.2021\u00a0vlera\u00a012.325.000\u00a0lek\u00eb N\u00eb\u00a0dat\u00ebn\u00a019.05.2021\u00a0vlera\u00a012.300.000\u00a0lek\u00eb Pra\u00a0n\u00eb\u00a0nj\u00eb\u00a0vler\u00eb\u00a0totale\u00a0rreth\u00a0360.000 euro. K\u00ebto\u00a0para\u00a0i\u00a0jan\u00eb\u00a0transferuar\u00a0subjektit\u00a0IMR REFTRATTARI S.R.L Nga\u00a0nj\u00eb\u00a0kontroll\u00a0i\u00a0thjesht\u00eb\u00a0n\u00eb\u00a0Google,\u00a0rezulton\u00a0se\u00a0kjo\u00a0kompani \u00ebsht\u00eb\u00a0n\u00eb\u00a0pron\u00ebsi\u00a0t\u00eb\u00a0nj\u00eb\u00a0shtetasi\u00a0shqiptar,\u00a0z.\u00a0G\u00ebzim\u00a0Guga.\u00a0Ky biznes\u00a0n\u00eb\u00a0faqen\u00a0zyrtare\u00a0t\u00eb\u00a0tij,\u00a0deklaron\u00a0se operon\u00a0n\u00eb\u00a0fush\u00ebn\u00a0e\u00a0nd\u00ebrtimit\u00a0dhe\u00a0reklamon\u00a0disa\u00a0vila\u00a0dhe\u00a0apartamente\u00a0p\u00ebr\u00a0shitje. Grupi\u00a0i\u00a0ekspert\u00ebve\u00a0n\u00eb\u00a0PD,\u00a0kontrolloi\u00a0n\u00ebse\u00a0ky\u00a0sipermarr\u00ebs\u00a0ka\u00a0t\u00eb regjistruar\u00a0n\u00eb\u00a0Shqip\u00ebri\u00a0ndonj\u00eb\u00a0biznes\u00a0n\u00eb\u00a0em\u00ebr\u00a0t\u00eb\u00a0tij\u00a0dhe\u00a0p\u00ebrgjat\u00eb kontrollit\u00a0situata\u00a0b\u00ebhet\u00a0edhe\u00a0m\u00eb\u00a0kriminale. Sipas\u00a0QKB\u00a0rezulton\u00a0se\u00a0n\u00eb\u00a0n\u00ebntor\u00a0t\u00eb\u00a0vitit\u00a02022\u00a0G\u00ebzim\u00a0Guga,\u00a0p\u00ebrfituesi\u00a0n\u00eb\u00a0Itali\u00a0i\u00a0pagesave\u00a0nga\u00a0Klodian\u00a0Zoto,\u00a0s\u00eb\u00a0bashku\u00a0me\u00a0Ilir Dedja\u00a0dhe\u00a0Mirsada\u00a0Guga,\u00a0kan\u00eb\u00a0regjistruar\u00a0kompanin\u00eb\u00a0e\u00a0pun\u00ebsimit\u00a0dhe\u00a0konsulenc\u00ebs\u00a0MIG AGENCY\u00a0shpk. Le\u00a0t\u00eb\u00a0ndalemi\u00a0pak\u00a0tek\u00a0shtetasi\u00a0Ilir\u00a0Dedja. N\u00eb\u00a0vitin\u00a02020\u00a0Prokuror\u00ebt\u00a0italian\u00eb\u00a0i\u00a0kan\u00eb\u00a0d\u00ebrguar\u00a0homolog\u00ebve shqiptar\u00eb\u00a0nd\u00ebr\u00a0t\u00eb\u00a0tjera\u00a0informacion\u00a0p\u00ebr\u00a0shtetasin\u00a0Ilir\u00a0Dedja,\u00a0i dat\u00eblindjes\u00a002.09.1969,\u00a0p\u00ebr\u00a0dyshime\u00a0se\u00a0pastron\u00a0parat\u00eb\u00a0p\u00ebr\u00a0Klanin Mafioz\u00a0NDRAGHETA,\u00a0si\u00a0dhe\u00a0informacion\u00a0q\u00eb\u00a0shtetasi\u00a0Klodian Zoto\u00a0\u00ebsht\u00eb\u00a0ndaluar\u00a0n\u00eb\u00a0aeroport\u00a0n\u00eb\u00a0Itali\u00a0dhe\u00a0i\u00a0jan\u00eb\u00a0sekuestruar 22.650 euro. Vet\u00ebm\u00a0pas\u00a0tre\u00a0vitesh, ne\u00a0dat\u00ebn\u00a014.02.2023,\u00a0pala\u00a0shqiptarekujtohet\u00a0t\u00eb\u00a0d\u00ebrgoj\u00eb\u00a0let\u00ebr\u00a0porosi\u00a0tek\u00a0prokuroria\u00a0italiane,\u00a0si\u00e7\u00a0u\u00a0b\u00eb publike\u00a0nga\u00a0Syri\u00a0Tv\u00a0n\u00eb\u00a0maj\u00a0t\u00eb\u00a0po\u00a0atij\u00a0viti. Pra\u00a0edhe\u00a0pse\u00a0k\u00ebta\u00a0shtetas\u00a0ishin\u00a0n\u00ebn\u00a0hetim,\u00a0organet\u00a0ligjzbatuese &hellip;<\/p>\n","protected":false},"author":4,"featured_media":73999,"comment_status":"closed","ping_status":"closed","sticky":false,"template":"","format":"standard","meta":{"footnotes":""},"categories":[37],"tags":[],"class_list":["post-73998","post","type-post","status-publish","format-standard","has-post-thumbnail","","category-politike"],"_links":{"self":[{"href":"https:\/\/rdnews.al\/index.php\/wp-json\/wp\/v2\/posts\/73998","targetHints":{"allow":["GET"]}}],"collection":[{"href":"https:\/\/rdnews.al\/index.php\/wp-json\/wp\/v2\/posts"}],"about":[{"href":"https:\/\/rdnews.al\/index.php\/wp-json\/wp\/v2\/types\/post"}],"author":[{"embeddable":true,"href":"https:\/\/rdnews.al\/index.php\/wp-json\/wp\/v2\/users\/4"}],"replies":[{"embeddable":true,"href":"https:\/\/rdnews.al\/index.php\/wp-json\/wp\/v2\/comments?post=73998"}],"version-history":[{"count":0,"href":"https:\/\/rdnews.al\/index.php\/wp-json\/wp\/v2\/posts\/73998\/revisions"}],"wp:featuredmedia":[{"embeddable":true,"href":"https:\/\/rdnews.al\/index.php\/wp-json\/wp\/v2\/media\/73999"}],"wp:attachment":[{"href":"https:\/\/rdnews.al\/index.php\/wp-json\/wp\/v2\/media?parent=73998"}],"wp:term":[{"taxonomy":"category","embeddable":true,"href":"https:\/\/rdnews.al\/index.php\/wp-json\/wp\/v2\/categories?post=73998"},{"taxonomy":"post_tag","embeddable":true,"href":"https:\/\/rdnews.al\/index.php\/wp-json\/wp\/v2\/tags?post=73998"}],"curies":[{"name":"wp","href":"https:\/\/api.w.org\/{rel}","templated":true}]}}