{"id":74034,"date":"2024-03-18T18:53:26","date_gmt":"2024-03-18T18:53:26","guid":{"rendered":"https:\/\/rdnews.al\/?p=74034"},"modified":"2024-03-18T18:53:26","modified_gmt":"2024-03-18T18:53:26","slug":"bozdo-begaj-dekretoi-grabitjen-e-zonave-te-mbrojtura-nga-klientet-oligarke-te-rames","status":"publish","type":"post","link":"https:\/\/rdnews.al\/index.php\/2024\/03\/18\/bozdo-begaj-dekretoi-grabitjen-e-zonave-te-mbrojtura-nga-klientet-oligarke-te-rames\/","title":{"rendered":"Bozdo: Begaj dekretoi grabitjen e zonave t\u00eb mbrojtura nga klient\u00ebt oligark\u00eb t\u00eb Ram\u00ebs"},"content":{"rendered":"<p>Enno Bozdo, duke folur n\u00eb dit\u00ebn e 77 t\u00eb tubimit qytetar n\u00eb mb\u00ebshtetje t\u00eb liderit t\u00eb opozit\u00ebs, tha se nuk rresht\u00ebm s\u00eb k\u00ebrkuari me dinjitet t\u00eb drejtat e opozit\u00ebs, transparenc\u00ebn e Qeveris\u00eb.<\/p>\n<p>\u201cKur erdha k\u00ebtu lexova se Presidenti kishte dekretuar ligjin p\u00ebr zonat e mbrojtura, meq\u00eb nuk kishte gjetur shkelje Kushtetuese. Dhe un\u00eb pyes pse na duhet drejtuesit e shtetit thjesht p\u00ebr t\u00eb par\u00eb n\u00ebse Kushtetuta shkelet n\u00eb let\u00ebr, g\u00ebrm\u00eb apo frym\u00eb?<\/p>\n<p>A nuk e di Presidenti q\u00eb ky ligj i jep t\u00eb drejt\u00ebn klient\u00ebve t\u00eb Qeveris\u00eb q\u00eb t\u00eb hyjn\u00eb dhe t\u00eb nd\u00ebrtojn\u00eb n\u00eb k\u00ebto zona?<\/p>\n<p>Zonat e mbrojtura jan\u00eb monumentet, kulturore, \u00a0natyrore, historike, jan\u00eb t\u00eb mbrojtura dhe ne po p\u00ebrpiqemi q\u00eb t\u2019I mbrojm\u00eb, nd\u00ebrsa ligji i dekretuar nga Bajram Begaj, i jep t\u00eb drejt\u00ebn oligark\u00ebve t\u00eb hyjn\u00eb dhe t\u00eb nd\u00ebrtojn\u00eb edhe n\u00eb k\u00ebt\u00eb trash\u00ebgimi q\u00eb nuk na takon vet\u00ebm ne\u201d, tha Bozdo.<\/p>\n<p>Ai tha se ne kemi detyrimin t\u00eb ruajm\u00eb k\u00ebt\u00eb trash\u00ebgimi jo vet\u00ebm p\u00ebr veten ton\u00eb, por edhe p\u00ebr brezat q\u00eb do t\u00eb vijn\u00eb.<\/p>\n<p>\u201cNe nuk e b\u00ebjm\u00eb dot k\u00ebt\u00eb duke ndar\u00eb gjith\u00e7ka me klientin e rradh\u00ebs t\u00eb Qeveris\u00eb, p\u00ebr t\u00eb ndar\u00eb parat\u00eb dhe m\u00eb pas p\u00ebr t\u00eb bler\u00eb votat n\u00eb zgjedhjet e ardhshme\u201d, tha Bozdo.<\/p>\n","protected":false},"excerpt":{"rendered":"<p>Enno Bozdo, duke folur n\u00eb dit\u00ebn e 77 t\u00eb tubimit qytetar n\u00eb mb\u00ebshtetje t\u00eb liderit t\u00eb opozit\u00ebs, tha se nuk rresht\u00ebm s\u00eb k\u00ebrkuari me dinjitet t\u00eb drejtat e opozit\u00ebs, transparenc\u00ebn e Qeveris\u00eb. \u201cKur erdha k\u00ebtu lexova se Presidenti kishte dekretuar ligjin p\u00ebr zonat e mbrojtura, meq\u00eb nuk kishte gjetur shkelje Kushtetuese. Dhe un\u00eb pyes pse &hellip;<\/p>\n","protected":false},"author":4,"featured_media":72093,"comment_status":"closed","ping_status":"closed","sticky":false,"template":"","format":"standard","meta":{"footnotes":""},"categories":[37],"tags":[],"class_list":["post-74034","post","type-post","status-publish","format-standard","has-post-thumbnail","","category-politike"],"_links":{"self":[{"href":"https:\/\/rdnews.al\/index.php\/wp-json\/wp\/v2\/posts\/74034","targetHints":{"allow":["GET"]}}],"collection":[{"href":"https:\/\/rdnews.al\/index.php\/wp-json\/wp\/v2\/posts"}],"about":[{"href":"https:\/\/rdnews.al\/index.php\/wp-json\/wp\/v2\/types\/post"}],"author":[{"embeddable":true,"href":"https:\/\/rdnews.al\/index.php\/wp-json\/wp\/v2\/users\/4"}],"replies":[{"embeddable":true,"href":"https:\/\/rdnews.al\/index.php\/wp-json\/wp\/v2\/comments?post=74034"}],"version-history":[{"count":0,"href":"https:\/\/rdnews.al\/index.php\/wp-json\/wp\/v2\/posts\/74034\/revisions"}],"wp:featuredmedia":[{"embeddable":true,"href":"https:\/\/rdnews.al\/index.php\/wp-json\/wp\/v2\/media\/72093"}],"wp:attachment":[{"href":"https:\/\/rdnews.al\/index.php\/wp-json\/wp\/v2\/media?parent=74034"}],"wp:term":[{"taxonomy":"category","embeddable":true,"href":"https:\/\/rdnews.al\/index.php\/wp-json\/wp\/v2\/categories?post=74034"},{"taxonomy":"post_tag","embeddable":true,"href":"https:\/\/rdnews.al\/index.php\/wp-json\/wp\/v2\/tags?post=74034"}],"curies":[{"name":"wp","href":"https:\/\/api.w.org\/{rel}","templated":true}]}}