{"id":74173,"date":"2024-03-20T10:10:10","date_gmt":"2024-03-20T10:10:10","guid":{"rendered":"https:\/\/rdnews.al\/?p=74173"},"modified":"2024-03-20T11:25:19","modified_gmt":"2024-03-20T11:25:19","slug":"bild-i-sigurt-mou-bayern-mund-te-kryhet-e-konfirmon-edhe-drejtori-sportiv","status":"publish","type":"post","link":"https:\/\/rdnews.al\/index.php\/2024\/03\/20\/bild-i-sigurt-mou-bayern-mund-te-kryhet-e-konfirmon-edhe-drejtori-sportiv\/","title":{"rendered":"Bild: Mou-Bayern mund t\u00eb kryhet, e konfirmon edhe drejtori sportiv"},"content":{"rendered":"<p>Fill pas largimit t\u00eb tij nga Roma, dukej nj\u00eb thashethem, nj\u00eb em\u00ebr mediatik p\u00ebr nj\u00eb klub t\u00eb madh si Bayern Munich, por sipas Bild: Jose Mourinho-Bayern \u00ebsht\u00eb nj\u00eb opsion konkret, kjo pasi edhe drejtori sportiv i klubit gjerman e ka l\u00ebn\u00eb t\u00eb hapur k\u00ebt\u00eb pist\u00eb. N\u00eb fund t\u00eb k\u00ebtij sezoni, Thomas Tuchel do t\u00eb largohet nga Bayern Munich, ky fakt ka b\u00ebr\u00eb q\u00eb k\u00ebt\u00eb periudh\u00eb t\u00eb lakohen shum\u00eb emra, nj\u00eb prej tyre ka qen\u00eb edhe Jurgen Klopp, por Max Eberl, drejtori i Bayern e ka p\u00ebrjashtuar si opsion.<\/p>\n<figure id=\"attachment_2331641\" class=\"wp-caption alignnone\" style=\"width: 585px;\" aria-describedby=\"caption-attachment-2331641\"><a href=\"https:\/\/www.balkanweb.com\/wp-content\/uploads\/2024\/01\/mourinho-2.jpg\" rel=\"lightbox noopener\" target=\"_blank\"><img loading=\"lazy\" decoding=\"async\" class=\"wp-image-2331641 \" src=\"https:\/\/www.balkanweb.com\/wp-content\/uploads\/2024\/01\/mourinho-2.jpg\" sizes=\"auto, (max-width: 1371px) 100vw, 1371px\" srcset=\"https:\/\/www.balkanweb.com\/wp-content\/uploads\/2024\/01\/mourinho-2.jpg 1371w, https:\/\/www.balkanweb.com\/wp-content\/uploads\/2024\/01\/mourinho-2-400x264.jpg 400w, https:\/\/www.balkanweb.com\/wp-content\/uploads\/2024\/01\/mourinho-2-530x350.jpg 530w, https:\/\/www.balkanweb.com\/wp-content\/uploads\/2024\/01\/mourinho-2-768x508.jpg 768w, https:\/\/www.balkanweb.com\/wp-content\/uploads\/2024\/01\/mourinho-2-370x245.jpg 370w, https:\/\/www.balkanweb.com\/wp-content\/uploads\/2024\/01\/mourinho-2-113x75.jpg 113w, https:\/\/www.balkanweb.com\/wp-content\/uploads\/2024\/01\/mourinho-2-681x450.jpg 681w\" alt=\"Mourinho\" width=\"585\" height=\"387\" \/><\/a><\/figure>\n<p><strong><em>\u201cNe respektojm\u00eb zgjedhjen e tij, d\u00ebshiron t\u00eb pushoj\u00eb\u201d.<\/em><\/strong>\u00a0Nd\u00ebrkoh\u00eb, i pyetur p\u00ebr Mourinho, Eberl la gjith\u00e7ka t\u00eb hapur:\u00a0<strong><em>\u201cSigurisht, ne po ndjekim t\u00eb gjith\u00eb profilet q\u00eb jan\u00eb t\u00eb disponuesh\u00ebm. Jan\u00eb mbi kat\u00ebr trajner\u00eb q\u00eb ne po ndjekim. Mourinho po m\u00ebson gjermanisht? K\u00ebt\u00eb nuk e di\u201d<\/em><\/strong>, u shpreh drejtori i Bayern Munich.<\/p>\n","protected":false},"excerpt":{"rendered":"<p>Fill pas largimit t\u00eb tij nga Roma, dukej nj\u00eb thashethem, nj\u00eb em\u00ebr mediatik p\u00ebr nj\u00eb klub t\u00eb madh si Bayern Munich, por sipas Bild: Jose Mourinho-Bayern \u00ebsht\u00eb nj\u00eb opsion konkret, kjo pasi edhe drejtori sportiv i klubit gjerman e ka l\u00ebn\u00eb t\u00eb hapur k\u00ebt\u00eb pist\u00eb. N\u00eb fund t\u00eb k\u00ebtij sezoni, Thomas Tuchel do t\u00eb largohet &hellip;<\/p>\n","protected":false},"author":4,"featured_media":74174,"comment_status":"closed","ping_status":"closed","sticky":false,"template":"","format":"standard","meta":{"footnotes":""},"categories":[39],"tags":[],"class_list":["post-74173","post","type-post","status-publish","format-standard","has-post-thumbnail","","category-sport"],"_links":{"self":[{"href":"https:\/\/rdnews.al\/index.php\/wp-json\/wp\/v2\/posts\/74173","targetHints":{"allow":["GET"]}}],"collection":[{"href":"https:\/\/rdnews.al\/index.php\/wp-json\/wp\/v2\/posts"}],"about":[{"href":"https:\/\/rdnews.al\/index.php\/wp-json\/wp\/v2\/types\/post"}],"author":[{"embeddable":true,"href":"https:\/\/rdnews.al\/index.php\/wp-json\/wp\/v2\/users\/4"}],"replies":[{"embeddable":true,"href":"https:\/\/rdnews.al\/index.php\/wp-json\/wp\/v2\/comments?post=74173"}],"version-history":[{"count":0,"href":"https:\/\/rdnews.al\/index.php\/wp-json\/wp\/v2\/posts\/74173\/revisions"}],"wp:featuredmedia":[{"embeddable":true,"href":"https:\/\/rdnews.al\/index.php\/wp-json\/wp\/v2\/media\/74174"}],"wp:attachment":[{"href":"https:\/\/rdnews.al\/index.php\/wp-json\/wp\/v2\/media?parent=74173"}],"wp:term":[{"taxonomy":"category","embeddable":true,"href":"https:\/\/rdnews.al\/index.php\/wp-json\/wp\/v2\/categories?post=74173"},{"taxonomy":"post_tag","embeddable":true,"href":"https:\/\/rdnews.al\/index.php\/wp-json\/wp\/v2\/tags?post=74173"}],"curies":[{"name":"wp","href":"https:\/\/api.w.org\/{rel}","templated":true}]}}