{"id":74212,"date":"2024-03-20T18:43:54","date_gmt":"2024-03-20T18:43:54","guid":{"rendered":"https:\/\/rdnews.al\/?p=74212"},"modified":"2024-03-20T18:43:54","modified_gmt":"2024-03-20T18:43:54","slug":"mesazhet-e-eurodeputeteve-te-ppe-koha-qe-rama-te-respektoje-shtetin-ligjor","status":"publish","type":"post","link":"https:\/\/rdnews.al\/index.php\/2024\/03\/20\/mesazhet-e-eurodeputeteve-te-ppe-koha-qe-rama-te-respektoje-shtetin-ligjor\/","title":{"rendered":"Mesazhet e eurodeputet\u00ebve t\u00eb PPE: Koha q\u00eb Rama t\u00eb respektoj\u00eb shtetin ligjor!"},"content":{"rendered":"<p>N\u00eb dit\u00ebn e 79 t\u00eb tubimit qytetar n\u00eb mb\u00ebshtetje t\u00eb liderit t\u00eb opozit\u00ebs, Sali Berisha, jan\u00eb transmetuar mesazhet nga deputeti i Forza Italia, Francesco Simundini, n\u00eb Kongresin e PPE, por edhe Sekretarja e P\u00ebrgjithshme t\u00eb forumit t\u00eb grave t\u00eb PPE-s\u00eb.<\/p>\n<p>\u201c\u00cbsht\u00eb koha q\u00eb Edi Rama t\u00eb respektoj\u00eb shtetin ligjor, \u00ebsht\u00eb thelb\u00ebsore q\u00eb familja jon\u00eb PPE, ti d\u00ebrgoj\u00eb nj\u00eb mesazh t\u00eb qart\u00eb Shqip\u00ebris\u00eb: p\u00ebr nj\u00eb gjykim t\u00eb drejt\u00eb p\u00ebr rastin e Fredi Belerit, po ashtu respect p\u00ebr minoritetet.<\/p>\n<p>Kjo rezolut\u00eb nuk ka t\u00eb b\u00ebj\u00eb me nj\u00eb cc\u00ebshtje dypal\u00ebshe, por q\u00eb prek drejtp\u00ebrdrejt\u00eb vlerat europiane\u201d, tha deputeti i Forza Italia.<\/p>\n<p>Nd\u00ebrkoh\u00eb Sekretarja e P\u00ebrgjithshme e Gruas s\u00eb PPE-s\u00eb, tha se vler\u00ebson dhe mb\u00ebshtet fort rezolut\u00ebn pasi rasti Beleri \u00ebsht\u00eb nj\u00eb rast shum\u00eb flagrant q\u00eb tregon se ccfar\u00eb po ndodh n\u00eb Shqip\u00ebri. \u201cNuk funksion shteti ligjor, ka probleme me lirin\u00eb e medias, shkelje s\u00eb ndarjes s\u00eb pushtetit, po dhunohen t\u00eb drejtat e qytetar\u00ebve, ka nj\u00eb shtrirje t\u00eb gjer\u00eb t\u00eb korrupsionit\u201d, tha ajo.<\/p>\n","protected":false},"excerpt":{"rendered":"<p>N\u00eb dit\u00ebn e 79 t\u00eb tubimit qytetar n\u00eb mb\u00ebshtetje t\u00eb liderit t\u00eb opozit\u00ebs, Sali Berisha, jan\u00eb transmetuar mesazhet nga deputeti i Forza Italia, Francesco Simundini, n\u00eb Kongresin e PPE, por edhe Sekretarja e P\u00ebrgjithshme t\u00eb forumit t\u00eb grave t\u00eb PPE-s\u00eb. \u201c\u00cbsht\u00eb koha q\u00eb Edi Rama t\u00eb respektoj\u00eb shtetin ligjor, \u00ebsht\u00eb thelb\u00ebsore q\u00eb familja jon\u00eb PPE, &hellip;<\/p>\n","protected":false},"author":4,"featured_media":0,"comment_status":"closed","ping_status":"closed","sticky":false,"template":"","format":"standard","meta":{"footnotes":""},"categories":[37],"tags":[],"class_list":["post-74212","post","type-post","status-publish","format-standard","","category-politike"],"_links":{"self":[{"href":"https:\/\/rdnews.al\/index.php\/wp-json\/wp\/v2\/posts\/74212","targetHints":{"allow":["GET"]}}],"collection":[{"href":"https:\/\/rdnews.al\/index.php\/wp-json\/wp\/v2\/posts"}],"about":[{"href":"https:\/\/rdnews.al\/index.php\/wp-json\/wp\/v2\/types\/post"}],"author":[{"embeddable":true,"href":"https:\/\/rdnews.al\/index.php\/wp-json\/wp\/v2\/users\/4"}],"replies":[{"embeddable":true,"href":"https:\/\/rdnews.al\/index.php\/wp-json\/wp\/v2\/comments?post=74212"}],"version-history":[{"count":0,"href":"https:\/\/rdnews.al\/index.php\/wp-json\/wp\/v2\/posts\/74212\/revisions"}],"wp:attachment":[{"href":"https:\/\/rdnews.al\/index.php\/wp-json\/wp\/v2\/media?parent=74212"}],"wp:term":[{"taxonomy":"category","embeddable":true,"href":"https:\/\/rdnews.al\/index.php\/wp-json\/wp\/v2\/categories?post=74212"},{"taxonomy":"post_tag","embeddable":true,"href":"https:\/\/rdnews.al\/index.php\/wp-json\/wp\/v2\/tags?post=74212"}],"curies":[{"name":"wp","href":"https:\/\/api.w.org\/{rel}","templated":true}]}}