{"id":74283,"date":"2024-03-21T10:49:02","date_gmt":"2024-03-21T10:49:02","guid":{"rendered":"https:\/\/rdnews.al\/?p=74283"},"modified":"2024-03-21T10:49:02","modified_gmt":"2024-03-21T10:49:02","slug":"bylykbashi-porti-i-ri-mund-te-shkoje-deri-ne-2-miliarde-dollare-nga-taksat-tona","status":"publish","type":"post","link":"https:\/\/rdnews.al\/index.php\/2024\/03\/21\/bylykbashi-porti-i-ri-mund-te-shkoje-deri-ne-2-miliarde-dollare-nga-taksat-tona\/","title":{"rendered":"Bylykbashi: Porti i ri mund t\u00eb shkoj\u00eb deri n\u00eb 2 miliard\u00eb dollar\u00eb nga taksat tona"},"content":{"rendered":"<p>Deputeti i PD, Oerd Bylykbashi, denoncoi n\u00eb Kuvend aktin normativ p\u00ebr t\u00eb marr\u00eb fonde nga buxheti p\u00ebr nd\u00ebrtimin e portit t\u00eb ri n\u00eb Durr\u00ebs. Ai tha se, k\u00ebto jan\u00eb para q\u00eb do u merren qytetar\u00ebve, nd\u00ebrkoh\u00eb q\u00eb projekti mund t\u00eb shkoj\u00eb deri n\u00eb 2 miliard\u00eb dollar\u00eb.<\/p>\n<p>\u201c400 milion\u00eb dollar\u00eb n\u00eb tre vitet e ardhshme do u grabiten xhepave t\u00eb shqiptar\u00ebve p\u00ebr t\u00eb nd\u00ebrtuar portin e ri n\u00eb Porto Romano. Nga buxheti i shtetit, q\u00eb do t\u00eb thot\u00eb nga taksat e shqiptar\u00ebve.<\/p>\n<p>Doli Rama n\u00eb fillim e tha do e b\u00ebj investim publik, pastaj tha se do jet\u00eb me kredi. N\u00eb nj\u00eb moment tha se do e b\u00ebj me t\u00eb ardhurat e portit. Ishte g\u00ebnjeshtra tjet\u00ebr. P\u00ebr t\u00eb ardhur te ajo q\u00eb ishte q\u00ebllimi.<\/p>\n<p>400 milion\u00eb dollar\u00eb p\u00ebr nj\u00eb port, i cili n\u00ebse nuk do t\u00eb kishte b\u00ebr\u00eb kontrat\u00ebn hiperkorruptive, antikushtetuese, q\u00eb ia dha nj\u00eb kompanie private me veshje arabe, ku jan\u00eb t\u00eb gjitha interesat korruptiv\u00eb, nga kryeministri e posht\u00eb, porti i Durr\u00ebsit nuk kishte nevoj\u00eb t\u00eb nd\u00ebrronte vend.<\/p>\n<p>T\u00eb gjitha vler\u00ebsimet shkojn\u00eb nga 1.2 miliard deri n\u00eb 1.7 miliard, ndoshta shkon edhe 2 miliard\u00eb porti i ri. Nd\u00ebrkoh\u00eb kemi nj\u00eb port q\u00eb ekziston prej m\u00eb shum\u00eb se 2700 vitesh dhe e zhdukim sot\u201d,\u00a0tha Bylykbashi.<\/p>\n","protected":false},"excerpt":{"rendered":"<p>Deputeti i PD, Oerd Bylykbashi, denoncoi n\u00eb Kuvend aktin normativ p\u00ebr t\u00eb marr\u00eb fonde nga buxheti p\u00ebr nd\u00ebrtimin e portit t\u00eb ri n\u00eb Durr\u00ebs. Ai tha se, k\u00ebto jan\u00eb para q\u00eb do u merren qytetar\u00ebve, nd\u00ebrkoh\u00eb q\u00eb projekti mund t\u00eb shkoj\u00eb deri n\u00eb 2 miliard\u00eb dollar\u00eb. \u201c400 milion\u00eb dollar\u00eb n\u00eb tre vitet e ardhshme do &hellip;<\/p>\n","protected":false},"author":4,"featured_media":74284,"comment_status":"closed","ping_status":"closed","sticky":false,"template":"","format":"standard","meta":{"footnotes":""},"categories":[37],"tags":[],"class_list":["post-74283","post","type-post","status-publish","format-standard","has-post-thumbnail","","category-politike"],"_links":{"self":[{"href":"https:\/\/rdnews.al\/index.php\/wp-json\/wp\/v2\/posts\/74283","targetHints":{"allow":["GET"]}}],"collection":[{"href":"https:\/\/rdnews.al\/index.php\/wp-json\/wp\/v2\/posts"}],"about":[{"href":"https:\/\/rdnews.al\/index.php\/wp-json\/wp\/v2\/types\/post"}],"author":[{"embeddable":true,"href":"https:\/\/rdnews.al\/index.php\/wp-json\/wp\/v2\/users\/4"}],"replies":[{"embeddable":true,"href":"https:\/\/rdnews.al\/index.php\/wp-json\/wp\/v2\/comments?post=74283"}],"version-history":[{"count":0,"href":"https:\/\/rdnews.al\/index.php\/wp-json\/wp\/v2\/posts\/74283\/revisions"}],"wp:featuredmedia":[{"embeddable":true,"href":"https:\/\/rdnews.al\/index.php\/wp-json\/wp\/v2\/media\/74284"}],"wp:attachment":[{"href":"https:\/\/rdnews.al\/index.php\/wp-json\/wp\/v2\/media?parent=74283"}],"wp:term":[{"taxonomy":"category","embeddable":true,"href":"https:\/\/rdnews.al\/index.php\/wp-json\/wp\/v2\/categories?post=74283"},{"taxonomy":"post_tag","embeddable":true,"href":"https:\/\/rdnews.al\/index.php\/wp-json\/wp\/v2\/tags?post=74283"}],"curies":[{"name":"wp","href":"https:\/\/api.w.org\/{rel}","templated":true}]}}