{"id":74393,"date":"2024-03-22T17:18:30","date_gmt":"2024-03-22T17:18:30","guid":{"rendered":"https:\/\/rdnews.al\/?p=74393"},"modified":"2024-03-22T17:18:30","modified_gmt":"2024-03-22T17:18:30","slug":"pse-ndihma-ushtarake-e-kosoves-per-ukrainen-eshte-kaq-domethenese","status":"publish","type":"post","link":"https:\/\/rdnews.al\/index.php\/2024\/03\/22\/pse-ndihma-ushtarake-e-kosoves-per-ukrainen-eshte-kaq-domethenese\/","title":{"rendered":"Pse ndihma ushtarake e Kosov\u00ebs p\u00ebr Ukrain\u00ebn \u00ebsht\u00eb kaq dometh\u00ebn\u00ebse?"},"content":{"rendered":"<p><strong>Enver Byty\u00e7i<\/strong><\/p>\n<p>Ka kaluar pa v\u00ebmendje nj\u00eb lajm q\u00eb t\u00eb mart\u00ebn e kaluar u njoftua p\u00ebrmes ministrit t\u00eb Mbrojtjes s\u00eb Kosov\u00ebs, Ejup Maqedonci. Ministri b\u00ebri me dije se ai n\u00eb em\u00ebr t\u00eb shtetit m\u00eb t\u00eb ri n\u00eb Europ\u00eb kishte njoftuar mbledhjen e 20-t\u00eb t\u00eb Grupit t\u00eb Kontaktit p\u00ebr Mbrojtjen e Ukrain\u00ebs, t\u00eb zhvilluar n\u00eb Ramstein t\u00eb Gjermanis\u00eb, se Republika e Kosov\u00ebs do t\u00eb d\u00ebrgoj\u00eb jav\u00ebn e ardhshme ndihma t\u00eb konsiderueshme ushtarake n\u00eb Ukrain\u00eb. Pjes\u00eb e k\u00ebtyre ndihmave do t\u00eb jen\u00eb disa dhjetra kamion\u00eb taktik\u00eb, automjete gjithashtu taktike dhe autoblinda ushtarake, si edhe mij\u00ebra predha t\u00eb mortajave n\u00eb nj\u00eb faz\u00eb t\u00eb dyt\u00eb. Kjo \u00ebsht\u00eb hera e par\u00eb q\u00eb Kosova d\u00ebrgon ndihma ushtarake n\u00eb Kiev.<\/p>\n<p>Kjo deklarat\u00eb e r\u00ebnd\u00ebsishme e ministrit t\u00eb Kosov\u00ebs p\u00ebr Mbrojtjen u b\u00eb para 50 p\u00ebrfaq\u00ebsuesve t\u00eb 50 shteteve pjesmarr\u00ebse n\u00eb takimin e Ramstein. Nd\u00ebrkoh\u00eb q\u00eb k\u00ebt\u00eb deklarat\u00eb e p\u00ebrsh\u00ebndeti me entusiaz\u00ebm ambasadori gjerman n\u00eb Prishtin\u00eb, Jorn Rhode. Ai tha se \u201cEdhe pse Ukraina ende nuk e njeh Kosov\u00ebn, qeveria kosovare po e ndihmon Ukrain\u00ebn n\u00eb luft\u00ebn kund\u00ebr pushtimit rus, duke e mb\u00ebshtetur me pajisje ushtarake. Shum\u00eb e lavd\u00ebrueshme, chapeau\u201d.<\/p>\n<p>Ky lajm \u00ebsht\u00eb ndoshta m\u00eb i miri dhe m\u00eb interesanti nd\u00ebr lajmet e tjera koh\u00ebs s\u00eb sotme p\u00ebr Kosov\u00ebn! Megjithat\u00eb ai shkoi pa u v\u00ebrejtur, kryesisht p\u00ebr shkak t\u00eb axhendave politike e mediatike t\u00eb pista. Ndihma ushtarake e Kosov\u00ebs p\u00ebr Ukrain\u00ebn \u00ebsht\u00eb ngjarje historike. Dhe p\u00ebr k\u00ebt\u00eb ka argumente pa fund.<br \/>\nS\u00eb pari, se Kosova pozicionohet e prezantohet n\u00eb formatin e shtetit t\u00eb konsoliduar! Me k\u00ebt\u00eb akt ajo u thot\u00eb partner\u00ebve nd\u00ebrkomb\u00ebtar\u00eb se \u201eLiria, pavar\u00ebsia, shtet\u00ebsia, integriteti territorial i Kosov\u00ebs nuk kan\u00eb alternativ\u00eb\u201c! Partner\u00ebt e saj dhe shtetet q\u00eb e kan\u00eb njohur Kosov\u00ebn konsolidojn\u00eb bindjen e tyre p\u00ebr aktin e njohjes s\u00eb k\u00ebtij shteti dhe ndjehen krenar me k\u00ebt\u00eb akt.<\/p>\n<p>S\u00eb dyti, sepse Kosova po i jep ndihm\u00eb ushtarake nj\u00eb vendi dhe nj\u00eb shteti, i cili ende nuk e ka njohur shtetin e Kosov\u00ebs. Kjo ve n\u00eb sprov\u00eb Ukrain\u00ebn dhe jo Kosov\u00ebn. \u00c7ka do t\u00eb thot\u00eb se ky veprim do t\u00eb pasohet heret a von\u00eb me njohjen nga ana e Ukrain\u00ebs t\u00eb shtet\u00ebsis\u00eb s\u00eb Kosov\u00ebs dhe me krijimin e nj\u00eb lidhjeje e miq\u00ebsie t\u00eb ngusht\u00eb midis t\u00eb dy vendeve. Do ishte n\u00eb nderin e Kievit q\u00eb njohjen ta shpall\u00eb menj\u00ebher\u00eb n\u00eb shenj\u00eb mir\u00ebnjohjeje p\u00ebr solidaritetin kosovar!<\/p>\n<p>S\u00eb treti, ndihma ushtarake e Kosov\u00ebs p\u00ebr Ukrain\u00ebn e luft\u00ebn e saj p\u00ebr t\u2019u \u00e7liruar plot\u00ebsisht nga agresioni i Rusis\u00eb dhe Vladimir Putin relativizon mitin e furnizimit me municione t\u00eb ushtris\u00eb ukrainase nga ana e Serbis\u00eb. Pika m\u00eb e fort\u00eb e Serbis\u00eb, t\u00eb cil\u00ebn ajo e ka p\u00ebrdor me sukses kund\u00ebr Kosov\u00ebs dhe pavar\u00ebsis\u00eb s\u00eb saj deri tani, ishte arsyetimi se \u201eSerbia po ndih\u00ebmon Ukrain\u00ebn\u201c! Aq shum\u00eb \u00ebsht\u00eb th\u00ebn\u00eb kjo sidomos nga propagandist\u00ebt pro-serb\u00eb t\u00eb medieve shqiptare dhe disa diplomat\u00eb perendimor\u00eb gjithashtu pro-serb\u00eb, saq\u00eb gati u shnd\u00ebrrua n\u00eb mit. \u201eSerbia furnizon me arm\u00eb Ukrain\u00ebn?! Waaa \u2013 thon\u00eb k\u00ebta sufler\u00eb t\u00eb Beogradit. Dhe krijojn\u00eb k\u00ebshtu mitin e \u201eshk\u00ebputjes s\u00eb Serbis\u00eb nga ndikimi rus\u201c!<\/p>\n<p>Kaq i mjaftoi Aleksand\u00ebr Vu\u00e7iq q\u00eb t\u00eb marr\u00eb zem\u00ebr e guxim ta k\u00ebrc\u00ebnoj\u00eb Kosov\u00ebn gati \u00e7do dit\u00eb me agresion ushtarak. Nd\u00ebrsa miqt\u00eb e tij n\u00eb Beograd e kudo gati sa nuk i jistifikojn\u00eb provokimet e presidentit t\u00eb Serbis\u00eb me \u201emitin\u201c se Serbia ndih\u00ebmon ushtarakisht Ukrain\u00ebn. Tani q\u00eb po e b\u00ebn t\u00eb nj\u00ebjt\u00ebn gj\u00eb Kosova, shteti m\u00eb i ri i Europ\u00ebs, bie p\u00ebrfundimisht hiperbola e \u201esakrific\u00ebs serbe\u201c p\u00ebr paqen!<br \/>\nS\u00eb kat\u00ebrti, Kosova e ndih\u00ebmon Ukrain\u00ebn me autoblinda, predha murtajash e mjete t\u00eb tjera p\u00ebr t\u00eb d\u00ebshmuar se \u00ebsht\u00eb pal\u00eb e n\u00eb an\u00ebn e aleanc\u00ebs politiko-ushtarake t\u00eb NATO-s dhe se po b\u00ebn t\u00eb nj\u00ebjt\u00ebn gj\u00eb si edhe vendet an\u00ebtare t\u00eb k\u00ebtij Pakti.<\/p>\n<p>Me k\u00ebt\u00eb rast i jepet p\u00ebrgjigja edhe ambasadorit amerikan, zotit Hill, sipas t\u00eb cilit \u201cSerbia \u00ebsht\u00eb m\u00eb af\u00ebr NATO-s sesa Kosova\u201c! Kosova po eksporton me shpejt\u00ebsin\u00eb e nj\u00eb dinosauri angazhim p\u00ebr paqe e siguri n\u00eb Europ\u00eb. Ajo trajnon prej koh\u00ebsh forcat ushtarake t\u00eb Ukrain\u00ebs dhe demonstron se \u00ebsht\u00eb e p\u00ebrgatitur q\u00eb sot profesionalisht p\u00ebr t\u00eb qen\u00eb an\u00ebtare m\u00eb e denj\u00eb se shum\u00eb shtete t\u00eb tjera tashm\u00eb pjes\u00eb e Aleanc\u00ebs Atlantike. Nuk ka m\u00eb dyshim se profesionalizmi i ushtris\u00eb s\u00eb Kosov\u00ebs \u00ebsht\u00eb i admiruesh\u00ebm edhe p\u00ebr ushtrit\u00eb m\u00eb t\u00eb konsoliduara t\u00eb NATO-s. Nd\u00ebrkoh\u00eb q\u00eb k\u00ebsaj i shtohet vullneti politik p\u00ebr t\u00eb dh\u00ebn\u00eb di\u00e7ka e shum\u00eb\u00e7ka nga vetja n\u00eb ndihm\u00eb t\u00eb fitores se Ukrain\u00ebs kund\u00ebr agresionit rus.<\/p>\n<p>Dhe s\u00eb fundmi, me k\u00ebt\u00eb akt dhe shembullin q\u00eb shteti dhe ushtria e Kosov\u00ebs jep n\u00eb p\u00ebrkrahje t\u00eb fitores s\u00eb Ukrain\u00ebs vendi b\u00ebhet pjes\u00eb e t\u00eb gjitha inciativave euro-atlantike, si n\u00eb rastin konkret, kur tashm\u00eb \u00ebsht\u00eb pjes\u00eb e Grupit t\u00eb Kontaktit p\u00ebr Mbrojtjen e Ukrain\u00ebs. B\u00ebhet gjithashtu nj\u00eb z\u00eb i d\u00ebgjuar dhe i respektuar n\u00eb k\u00ebto imniciativa!<\/p>\n<p>P\u00ebr t\u00eb gjitha k\u00ebto arsye duhet t\u00eb jemi krenar\u00eb t\u00eb gjith\u00eb!<\/p>\n","protected":false},"excerpt":{"rendered":"<p>Enver Byty\u00e7i Ka kaluar pa v\u00ebmendje nj\u00eb lajm q\u00eb t\u00eb mart\u00ebn e kaluar u njoftua p\u00ebrmes ministrit t\u00eb Mbrojtjes s\u00eb Kosov\u00ebs, Ejup Maqedonci. Ministri b\u00ebri me dije se ai n\u00eb em\u00ebr t\u00eb shtetit m\u00eb t\u00eb ri n\u00eb Europ\u00eb kishte njoftuar mbledhjen e 20-t\u00eb t\u00eb Grupit t\u00eb Kontaktit p\u00ebr Mbrojtjen e Ukrain\u00ebs, t\u00eb zhvilluar n\u00eb Ramstein &hellip;<\/p>\n","protected":false},"author":4,"featured_media":11242,"comment_status":"closed","ping_status":"closed","sticky":false,"template":"","format":"standard","meta":{"footnotes":""},"categories":[44],"tags":[],"class_list":["post-74393","post","type-post","status-publish","format-standard","has-post-thumbnail","","category-editorial"],"_links":{"self":[{"href":"https:\/\/rdnews.al\/index.php\/wp-json\/wp\/v2\/posts\/74393","targetHints":{"allow":["GET"]}}],"collection":[{"href":"https:\/\/rdnews.al\/index.php\/wp-json\/wp\/v2\/posts"}],"about":[{"href":"https:\/\/rdnews.al\/index.php\/wp-json\/wp\/v2\/types\/post"}],"author":[{"embeddable":true,"href":"https:\/\/rdnews.al\/index.php\/wp-json\/wp\/v2\/users\/4"}],"replies":[{"embeddable":true,"href":"https:\/\/rdnews.al\/index.php\/wp-json\/wp\/v2\/comments?post=74393"}],"version-history":[{"count":0,"href":"https:\/\/rdnews.al\/index.php\/wp-json\/wp\/v2\/posts\/74393\/revisions"}],"wp:featuredmedia":[{"embeddable":true,"href":"https:\/\/rdnews.al\/index.php\/wp-json\/wp\/v2\/media\/11242"}],"wp:attachment":[{"href":"https:\/\/rdnews.al\/index.php\/wp-json\/wp\/v2\/media?parent=74393"}],"wp:term":[{"taxonomy":"category","embeddable":true,"href":"https:\/\/rdnews.al\/index.php\/wp-json\/wp\/v2\/categories?post=74393"},{"taxonomy":"post_tag","embeddable":true,"href":"https:\/\/rdnews.al\/index.php\/wp-json\/wp\/v2\/tags?post=74393"}],"curies":[{"name":"wp","href":"https:\/\/api.w.org\/{rel}","templated":true}]}}