{"id":74414,"date":"2024-03-22T18:51:28","date_gmt":"2024-03-22T18:51:28","guid":{"rendered":"https:\/\/rdnews.al\/?p=74414"},"modified":"2024-03-22T18:52:18","modified_gmt":"2024-03-22T18:52:18","slug":"foto-skandal-trafikanti-i-kokaines-ne-takim-me-ballukun-maznikun-dhe-gonxhen","status":"publish","type":"post","link":"https:\/\/rdnews.al\/index.php\/2024\/03\/22\/foto-skandal-trafikanti-i-kokaines-ne-takim-me-ballukun-maznikun-dhe-gonxhen\/","title":{"rendered":"Foto-skandal! Trafikanti i kokain\u00ebs n\u00eb takim me Ballukun, Maznikun dhe Gonxhen"},"content":{"rendered":"<p>Eneo Sulejmanaj \u00ebsht\u00eb 29-vje\u00e7ari q\u00eb mbr\u00ebmjen e djeshme n\u00eb Tiran\u00eb po transportonte 1 kg kokain\u00eb, bashk\u00eb me dy t\u00eb rinjt\u00eb e tjer\u00eb Igli Begaj dhe Shk\u00eblqim Ostreni.<\/p>\n<p>Sulejmanaj po drejtonte automjetin tip \u201cTiguan\u201d n\u00eb momentin kur nuk iu bind Policis\u00eb dhe ka tentuar t\u00eb largohen duke rrezikuar jet\u00ebn e punonj\u00ebsve t\u00eb policis\u00eb. N\u00eb k\u00ebto kushte, nj\u00eb prej agjent\u00ebve t\u00eb antidrog\u00ebs ka q\u00eblluar me arm\u00ebn e sh\u00ebrbimit n\u00eb drejtim t\u00eb makin\u00ebs, duke e plagosur.<\/p>\n<p>Por, Eneo Sulejmanaj nuk \u00ebsht\u00eb nj\u00eb em\u00ebr i panjohur p\u00ebr publikun. 29-vje\u00e7ari mbante postin kryetarit t\u00eb Shoqat\u00ebs s\u00eb Transportit Publik Nd\u00ebrqytetas.<\/p>\n<p>N\u00eb fotot e m\u00ebposhtme, ai shfaqet n\u00eb t\u00eb nj\u00ebjt\u00ebn tavolin\u00eb me tre ministrat e Ram\u00ebs, Belinda Ballukun, Arbjan Maznikun dhe Blendi Gonxhen. Fotot i p\u00ebrkasin tetorit t\u00eb vitit 2021, ku takimi zhvillohet n\u00eb Ministrin\u00eb e Infrastruktur\u00ebs dhe Energjitik\u00ebs, teksa Gonxhe mbante postin e kreut t\u00eb DPSHTRR-s\u00eb, nd\u00ebrsa Mazniku postin e n\u00ebnkryetarit t\u00eb Bashkis\u00eb s\u00eb Tiran\u00ebs.<\/p>\n<p>Pra si\u00e7 duket, Balluku, Mazniku dhe Gonxhe ulen n\u00eb nj\u00eb tryez\u00eb me nj\u00eb trafikant kokaine p\u00ebr t\u00eb zgjidhur \u201challet\u201d e transportit publik, i cili vlen t\u00eb theksohet se \u00ebsht\u00eb nj\u00eb nd\u00ebr sektor\u00ebt m\u00eb problematik n\u00eb vendin ton\u00eb.<\/p>\n<p>Eneo Sulejmanaj, si kryetar i Shoqat\u00ebs s\u00eb Transportit Publik Nd\u00ebrqytetas nuk nguronte t\u00eb dilte edhe n\u00eb intervista televizive p\u00ebr t\u00eb folur mbi problematikat e k\u00ebtij sektori.<\/p>\n<p><img loading=\"lazy\" decoding=\"async\" class=\"alignnone size-medium wp-image-1357081\" src=\"https:\/\/boldnews.al\/wp-content\/uploads\/2024\/03\/63-640x722.png\" sizes=\"auto, (max-width: 640px) 100vw, 640px\" srcset=\"https:\/\/boldnews.al\/wp-content\/uploads\/2024\/03\/63-640x722.png 640w, https:\/\/boldnews.al\/wp-content\/uploads\/2024\/03\/63-750x846.png 750w, https:\/\/boldnews.al\/wp-content\/uploads\/2024\/03\/63.png 759w\" alt=\"\" width=\"640\" height=\"722\" data-pin-no-hover=\"true\" \/>\u00a0<img loading=\"lazy\" decoding=\"async\" class=\"alignnone size-medium wp-image-1357082\" src=\"https:\/\/boldnews.al\/wp-content\/uploads\/2024\/03\/62-1-640x426.jpg\" sizes=\"auto, (max-width: 640px) 100vw, 640px\" srcset=\"https:\/\/boldnews.al\/wp-content\/uploads\/2024\/03\/62-1-640x426.jpg 640w, https:\/\/boldnews.al\/wp-content\/uploads\/2024\/03\/62-1-1024x682.jpg 1024w, https:\/\/boldnews.al\/wp-content\/uploads\/2024\/03\/62-1-750x500.jpg 750w, https:\/\/boldnews.al\/wp-content\/uploads\/2024\/03\/62-1.jpg 1079w\" alt=\"\" width=\"640\" height=\"426\" data-pin-no-hover=\"true\" \/>\u00a0<img loading=\"lazy\" decoding=\"async\" class=\"alignnone size-medium wp-image-1357080\" src=\"https:\/\/boldnews.al\/wp-content\/uploads\/2024\/03\/sulejm-640x638.jpg\" sizes=\"auto, (max-width: 640px) 100vw, 640px\" srcset=\"https:\/\/boldnews.al\/wp-content\/uploads\/2024\/03\/sulejm-640x638.jpg 640w, https:\/\/boldnews.al\/wp-content\/uploads\/2024\/03\/sulejm-160x160.jpg 160w, https:\/\/boldnews.al\/wp-content\/uploads\/2024\/03\/sulejm-1024x1020.jpg 1024w, https:\/\/boldnews.al\/wp-content\/uploads\/2024\/03\/sulejm-75x75.jpg 75w, https:\/\/boldnews.al\/wp-content\/uploads\/2024\/03\/sulejm-350x350.jpg 350w, https:\/\/boldnews.al\/wp-content\/uploads\/2024\/03\/sulejm-750x747.jpg 750w, https:\/\/boldnews.al\/wp-content\/uploads\/2024\/03\/sulejm.jpg 1058w\" alt=\"\" width=\"640\" height=\"638\" data-pin-no-hover=\"true\" \/><\/p>\n<p>Ngjarja e r\u00ebnd\u00eb ndodhi mbr\u00ebmjen e djeshme n\u00eb rrug\u00ebn \u201cMihal Duri\u201d, teksa burime b\u00ebjn\u00eb me dije se Eneo Sulejmanaj, Igli Begaj dhe Shk\u00eblqim Ostreni ishin nln v\u00ebzhgim prej rreth dy muajsh nga ana e sektorit t\u00eb anti-drog\u00ebs n\u00eb Policin\u00eb e Tiran\u00ebs.<\/p>\n<p>Tre t\u00eb arrestuarit dyshohet se ishin furnizues t\u00eb shp\u00ebrndar\u00ebsve t\u00eb drog\u00ebs n\u00eb zon\u00ebn e Xhamllikut dhe do t\u00eb shk\u00ebmbenin drog\u00ebn tek vendi ku u kap\u00ebn nga agjent\u00ebt e antidrog\u00ebs.<\/p>\n<p>P\u00ebr ngjarjen n\u00eb k\u00ebrkim \u00ebsht\u00eb shpallur dhe nj\u00eb person i kat\u00ebrt. Pjes\u00eb e hetimeve \u00ebsht\u00eb bere dhe Agjencia e Mbik\u00ebqyrjes Policore, lidhur me veprimet e kryera nga uniformat blu, ku nga verifikimet parparake AMP njofton se kan\u00eb qen\u00eb konform rregullave. \/BoldNews<\/p>\n","protected":false},"excerpt":{"rendered":"<p>Eneo Sulejmanaj \u00ebsht\u00eb 29-vje\u00e7ari q\u00eb mbr\u00ebmjen e djeshme n\u00eb Tiran\u00eb po transportonte 1 kg kokain\u00eb, bashk\u00eb me dy t\u00eb rinjt\u00eb e tjer\u00eb Igli Begaj dhe Shk\u00eblqim Ostreni. Sulejmanaj po drejtonte automjetin tip \u201cTiguan\u201d n\u00eb momentin kur nuk iu bind Policis\u00eb dhe ka tentuar t\u00eb largohen duke rrezikuar jet\u00ebn e punonj\u00ebsve t\u00eb policis\u00eb. N\u00eb k\u00ebto kushte, &hellip;<\/p>\n","protected":false},"author":4,"featured_media":74415,"comment_status":"closed","ping_status":"closed","sticky":false,"template":"","format":"standard","meta":{"footnotes":""},"categories":[37],"tags":[],"class_list":["post-74414","post","type-post","status-publish","format-standard","has-post-thumbnail","","category-politike"],"_links":{"self":[{"href":"https:\/\/rdnews.al\/index.php\/wp-json\/wp\/v2\/posts\/74414","targetHints":{"allow":["GET"]}}],"collection":[{"href":"https:\/\/rdnews.al\/index.php\/wp-json\/wp\/v2\/posts"}],"about":[{"href":"https:\/\/rdnews.al\/index.php\/wp-json\/wp\/v2\/types\/post"}],"author":[{"embeddable":true,"href":"https:\/\/rdnews.al\/index.php\/wp-json\/wp\/v2\/users\/4"}],"replies":[{"embeddable":true,"href":"https:\/\/rdnews.al\/index.php\/wp-json\/wp\/v2\/comments?post=74414"}],"version-history":[{"count":0,"href":"https:\/\/rdnews.al\/index.php\/wp-json\/wp\/v2\/posts\/74414\/revisions"}],"wp:featuredmedia":[{"embeddable":true,"href":"https:\/\/rdnews.al\/index.php\/wp-json\/wp\/v2\/media\/74415"}],"wp:attachment":[{"href":"https:\/\/rdnews.al\/index.php\/wp-json\/wp\/v2\/media?parent=74414"}],"wp:term":[{"taxonomy":"category","embeddable":true,"href":"https:\/\/rdnews.al\/index.php\/wp-json\/wp\/v2\/categories?post=74414"},{"taxonomy":"post_tag","embeddable":true,"href":"https:\/\/rdnews.al\/index.php\/wp-json\/wp\/v2\/tags?post=74414"}],"curies":[{"name":"wp","href":"https:\/\/api.w.org\/{rel}","templated":true}]}}